{"id":5956,"date":"2022-07-08T12:28:35","date_gmt":"2022-07-08T12:28:35","guid":{"rendered":"https:\/\/www.entrerios.gov.ar\/cultura\/?p=5956"},"modified":"2022-07-08T12:28:37","modified_gmt":"2022-07-08T12:28:37","slug":"el-museo-provincial-de-bellas-artes-recibio-equipamiento-donado-por-enersa","status":"publish","type":"post","link":"https:\/\/www.entrerios.gov.ar\/cultura\/el-museo-provincial-de-bellas-artes-recibio-equipamiento-donado-por-enersa\/","title":{"rendered":"El Museo Provincial de Bellas Artes recibi\u00f3 equipamiento donado por ENERSA"},"content":{"rendered":"\n<p><strong>El Museo Provincial de Bellas Artes recibi\u00f3 equipamiento donado por ENERSA<\/strong><\/p>\n\n\n\n<p>El martes pasado, el presidente de ENERSA Ramiro Caminos y la secretaria de Cultura de Entre R\u00edos Francisca D\u00b4Agostino firmaron un acta a trav\u00e9s de la cual se recibe en calidad de donaci\u00f3n un equipamiento lum\u00ednico para el Museo Provincial de Bellas Artes Dr. Pedro E. Mart\u00ednez.&nbsp;<\/p>\n\n\n\n<p>A trav\u00e9s de la firma se oficializ\u00f3 una donaci\u00f3n de ENERSA (Energ\u00eda de Entre R\u00edos, Sociedad An\u00f3nima) a la instituci\u00f3n de Cultura ubicada en la capital entrerriana.&nbsp;<\/p>\n\n\n\n<p>En la firma del acta estuvieron presentes tambi\u00e9n el director de ENERSA Guillermo Gianello, el gerente del \u00e1rea de Relaciones Institucionales Pablo Bertochi, y la gerente de Gesti\u00f3n Territorial, Natalia Arroyo; junto a integrantes de la Asociaci\u00f3n de Amigos del Museo: Bel\u00e9n Tepsich, Marcelo Olmos y Dariela Dematteis.<\/p>\n\n\n\n<p>En el encuentro, Marcela Canalis, directora del Museo, se encarg\u00f3 de recibir y presentar a las autoridades. \u201cAgradecemos la intervenci\u00f3n de la Asociaci\u00f3n de Amigos del Museo a partir de quien fuera su presidenta, la Dra. Bel\u00e9n Tepsich; y por supuesto a la Empresa de Energ\u00eda de la Provincia, quien muy amablemente accedi\u00f3 a la donaci\u00f3n de todos los elementos, artefactos, materiales y la mano de obra que se necesitan&nbsp; para iluminar nuestro querido patio. Para nosotros era fundamental poder contar con una buena iluminaci\u00f3n para este sector que alberga tantas actividades. Desde el Museo estamos realmente muy contentos y agradecidos de poder contar con esta donaci\u00f3n\u201d, destac\u00f3 Canalis<\/p>\n\n\n\n<p>Las partes intercambiaron detalles sobre el uso que se le dar\u00e1 al equipamiento recibido y la importancia del mismo para el funcionamiento de la instituci\u00f3n. Seguidamente se realiz\u00f3 una recorrida por las diferentes salas del Museo, deteni\u00e9ndose especialmente en las que albergan a la Colecci\u00f3n Quiros y el patio.&nbsp;<\/p>\n\n\n\n<p><strong>Equipamiento<\/strong><\/p>\n\n\n\n<p>Los materiales donados incluyen: reflectores LED, cables, conectores, t\u00e9rmicas y elementos necesarios para su correcta instalaci\u00f3n.<\/p>\n","protected":false},"excerpt":{"rendered":"<p>El Museo Provincial de Bellas Artes recibi\u00f3 equipamiento donado por ENERSA El martes pasado, el presidente de ENERSA Ramiro Caminos y la secretaria de Cultura de Entre R\u00edos Francisca D\u00b4Agostino firmaron un acta a trav\u00e9s de la cual se recibe en calidad de donaci\u00f3n un equipamiento lum\u00ednico para el Museo Provincial de Bellas Artes Dr. [&hellip;]<\/p>\n","protected":false},"author":5,"featured_media":5957,"comment_status":"open","ping_status":"open","sticky":false,"template":"","format":"standard","meta":{"_et_pb_use_builder":"off","_et_pb_old_content":"","_et_gb_content_width":"","footnotes":""},"categories":[28,9],"tags":[],"class_list":["post-5956","post","type-post","status-publish","format-standard","has-post-thumbnail","hentry","category-noticias","category-museo-bellas-artes"],"_links":{"self":[{"href":"https:\/\/www.entrerios.gov.ar\/cultura\/wp-json\/wp\/v2\/posts\/5956","targetHints":{"allow":["GET"]}}],"collection":[{"href":"https:\/\/www.entrerios.gov.ar\/cultura\/wp-json\/wp\/v2\/posts"}],"about":[{"href":"https:\/\/www.entrerios.gov.ar\/cultura\/wp-json\/wp\/v2\/types\/post"}],"author":[{"embeddable":true,"href":"https:\/\/www.entrerios.gov.ar\/cultura\/wp-json\/wp\/v2\/users\/5"}],"replies":[{"embeddable":true,"href":"https:\/\/www.entrerios.gov.ar\/cultura\/wp-json\/wp\/v2\/comments?post=5956"}],"version-history":[{"count":1,"href":"https:\/\/www.entrerios.gov.ar\/cultura\/wp-json\/wp\/v2\/posts\/5956\/revisions"}],"predecessor-version":[{"id":5958,"href":"https:\/\/www.entrerios.gov.ar\/cultura\/wp-json\/wp\/v2\/posts\/5956\/revisions\/5958"}],"wp:featuredmedia":[{"embeddable":true,"href":"https:\/\/www.entrerios.gov.ar\/cultura\/wp-json\/wp\/v2\/media\/5957"}],"wp:attachment":[{"href":"https:\/\/www.entrerios.gov.ar\/cultura\/wp-json\/wp\/v2\/media?parent=5956"}],"wp:term":[{"taxonomy":"category","embeddable":true,"href":"https:\/\/www.entrerios.gov.ar\/cultura\/wp-json\/wp\/v2\/categories?post=5956"},{"taxonomy":"post_tag","embeddable":true,"href":"https:\/\/www.entrerios.gov.ar\/cultura\/wp-json\/wp\/v2\/tags?post=5956"}],"curies":[{"name":"wp","href":"https:\/\/api.w.org\/{rel}","templated":true}]}}