{"id":5959,"date":"2022-07-08T12:39:16","date_gmt":"2022-07-08T12:39:16","guid":{"rendered":"https:\/\/www.entrerios.gov.ar\/cultura\/?p=5959"},"modified":"2022-07-14T14:05:37","modified_gmt":"2022-07-14T14:05:37","slug":"actividades-por-las-vacaciones-de-invierno-en-el-museo-de-ciencias-naturales-antonio-serrano","status":"publish","type":"post","link":"https:\/\/www.entrerios.gov.ar\/cultura\/actividades-por-las-vacaciones-de-invierno-en-el-museo-de-ciencias-naturales-antonio-serrano\/","title":{"rendered":"Actividades por las vacaciones de invierno en el Museo de Ciencias Naturales Antonio Serrano"},"content":{"rendered":"\n<p>En el marco de las actividades previstas para estas vacaciones de invierno, el Museo Provincial Antonio Serrano, dependiente de la Secretar\u00eda de Cultura, brindar\u00e1 distintas propuestas para seguir conociendo la riqueza natural y cultural de nuestra provincia.<\/p>\n\n\n\n<p>Las actividades se desarrollar\u00e1n en la sede del Museo, ubicado en calle Carlos Gardel 62 de nuestra ciudad, en los horarios habituales de atenci\u00f3n al p\u00fablico. Las mismas est\u00e1n dise\u00f1adas&nbsp; para estimular la observaci\u00f3n, el descubrimiento y conocer de manera l\u00fadica sobre la flora y fauna entrerriana, su relaci\u00f3n con&nbsp; la cosmovisi\u00f3n de las culturas ancestrales, as\u00ed como tambi\u00e9n sobre los grandes mam\u00edferos que vivieron en la provincia hace muchos a\u00f1os. Est\u00e1n destinadas a todo p\u00fablico y son de acceso libre y gratuito.<\/p>\n\n\n\n<p><strong>\u201cEntre R\u00edos, entre ciencias\u201d.<\/strong>&nbsp; De martes a viernes de 9 a 12 y de 15 a 18 hs.(Se puede concurrir en cualquier momento dentro de ese horario sin reserva de turno). A trav\u00e9s de un recorrido por cuatro estaciones, la propuesta invita a conocer particularidades de nuestro patrimonio desde la perspectiva de distintas ciencias. Destinado a todo p\u00fablico. Tiempo aprox. recorrido completo: 1hora.&nbsp;<\/p>\n\n\n\n<p><strong>Exploradores en el Museo. <\/strong>Fines de semana: S\u00e1bados de 8 a 12 y de 15 a 19hs, domingos de 9 a 12hs. Se puede concurrir en cualquier momento dentro de ese horario sin reserva&nbsp; de turno. Se trata de una actividad que estimula la observaci\u00f3n y la curiosidad a trav\u00e9s de una serie de cartas coleccionables que gu\u00edan la exploraci\u00f3n por el Museo. Destinado a todo p\u00fablico, recomendado para jugar en familia. Tiempo aprox. 45 min.<\/p>\n\n\n\n<p><strong>Ilustraciencia<\/strong><\/p>\n\n\n\n<p>Adem\u00e1s de las actividades, en las distintas salas del Museo habr\u00e1 sectores con ilustraciones para colorear y aprender sobre flora y fauna entrerriana. Destinado a todo p\u00fablico, recomendado para ni\u00f1as y ni\u00f1os de 2 a 8 a\u00f1os.<\/p>\n\n\n\n<p><strong>Actividades gratuitas para las vacaciones en los organismos de cultura<\/strong><\/p>\n\n\n\n<p>El Gobierno de la provincia de Entre R\u00edos, a trav\u00e9s de la Secretar\u00eda de Cultura, pone en marcha una iniciativa cultural gratuita y diversa para disfrutar durante las pr\u00f3ximas vacaciones de invierno. La programaci\u00f3n permitir\u00e1 a los diferentes p\u00fablicos vivir nuevas experiencias en contacto con la cultura de una provincia excepcional. En la programaci\u00f3n estar\u00e1n incluidos los museos entrerrianos, centros culturales y organismos dedicados a la cultura.&nbsp; El detalle espec\u00edfico de las actividades, por ciudad y por organismo, podr\u00e1 consultarse<a href=\"https:\/\/drive.google.com\/file\/d\/1lHO3zXVW6mMnHBEPoEecfgYbeOGZgtvR\/view\" target=\"_blank\" rel=\"noreferrer noopener\"> AQU\u00cd<\/a><\/p>\n\n\n\n<p><strong>Contacto:&nbsp;<\/strong><\/p>\n\n\n\n<p>Museo de Ciencias Naturales y Antropol\u00f3gicas \u201cProf. Antonio Serrano\u201d. Calle Carlos Gardel 62 &#8211; Paran\u00e1, Entre R\u00edos. Tel. 0343 4208894 <a href=\"mailto:museoserrano@gmail.com\" target=\"_blank\" rel=\"noreferrer noopener\">museoserrano@gmail.com<\/a><\/p>\n","protected":false},"excerpt":{"rendered":"<p>En el marco de las actividades previstas para estas vacaciones de invierno, el Museo Provincial Antonio Serrano, dependiente de la Secretar\u00eda de Cultura, brindar\u00e1 distintas propuestas para seguir conociendo la riqueza natural y cultural de nuestra provincia. Las actividades se desarrollar\u00e1n en la sede del Museo, ubicado en calle Carlos Gardel 62 de nuestra ciudad, [&hellip;]<\/p>\n","protected":false},"author":5,"featured_media":5960,"comment_status":"open","ping_status":"open","sticky":false,"template":"","format":"standard","meta":{"_et_pb_use_builder":"off","_et_pb_old_content":"","_et_gb_content_width":"","footnotes":""},"categories":[28,8],"tags":[],"class_list":["post-5959","post","type-post","status-publish","format-standard","has-post-thumbnail","hentry","category-noticias","category-museo-ciencias-naturales"],"_links":{"self":[{"href":"https:\/\/www.entrerios.gov.ar\/cultura\/wp-json\/wp\/v2\/posts\/5959","targetHints":{"allow":["GET"]}}],"collection":[{"href":"https:\/\/www.entrerios.gov.ar\/cultura\/wp-json\/wp\/v2\/posts"}],"about":[{"href":"https:\/\/www.entrerios.gov.ar\/cultura\/wp-json\/wp\/v2\/types\/post"}],"author":[{"embeddable":true,"href":"https:\/\/www.entrerios.gov.ar\/cultura\/wp-json\/wp\/v2\/users\/5"}],"replies":[{"embeddable":true,"href":"https:\/\/www.entrerios.gov.ar\/cultura\/wp-json\/wp\/v2\/comments?post=5959"}],"version-history":[{"count":1,"href":"https:\/\/www.entrerios.gov.ar\/cultura\/wp-json\/wp\/v2\/posts\/5959\/revisions"}],"predecessor-version":[{"id":5961,"href":"https:\/\/www.entrerios.gov.ar\/cultura\/wp-json\/wp\/v2\/posts\/5959\/revisions\/5961"}],"wp:featuredmedia":[{"embeddable":true,"href":"https:\/\/www.entrerios.gov.ar\/cultura\/wp-json\/wp\/v2\/media\/5960"}],"wp:attachment":[{"href":"https:\/\/www.entrerios.gov.ar\/cultura\/wp-json\/wp\/v2\/media?parent=5959"}],"wp:term":[{"taxonomy":"category","embeddable":true,"href":"https:\/\/www.entrerios.gov.ar\/cultura\/wp-json\/wp\/v2\/categories?post=5959"},{"taxonomy":"post_tag","embeddable":true,"href":"https:\/\/www.entrerios.gov.ar\/cultura\/wp-json\/wp\/v2\/tags?post=5959"}],"curies":[{"name":"wp","href":"https:\/\/api.w.org\/{rel}","templated":true}]}}