{"id":5979,"date":"2022-07-13T19:57:32","date_gmt":"2022-07-13T19:57:32","guid":{"rendered":"https:\/\/www.entrerios.gov.ar\/cultura\/?p=5979"},"modified":"2022-07-19T15:22:56","modified_gmt":"2022-07-19T15:22:56","slug":"la-casa-de-la-cultura-comenzo-sus-actividades-especiales-por-las-vacaciones-de-invierno-%ef%bf%bc","status":"publish","type":"post","link":"https:\/\/www.entrerios.gov.ar\/cultura\/la-casa-de-la-cultura-comenzo-sus-actividades-especiales-por-las-vacaciones-de-invierno-%ef%bf%bc\/","title":{"rendered":"La Casa de la Cultura comenz\u00f3 sus actividades especiales por las vacaciones de invierno"},"content":{"rendered":"\n<p>El grupo paranaense de \u201cEureka en Bandada\u201d di\u00f3 inicio el martes por la tarde a las actividades gratuitas del Ciclo Vacaciones de Invierno Musicales en la Casa de la Cultura de Entre R\u00edos. Se realiza en el marco de la agenda especial organizada por la Secretar\u00eda de Cultura de la Provincia. Durante esta semana y la pr\u00f3xima habr\u00e1 m\u00e1s espect\u00e1culos continuando con la programaci\u00f3n.&nbsp;<\/p>\n\n\n\n<p>Pasadas las 15hs iniciaron el la vieja casona de 9 de julio y Carb\u00f3 de Paran\u00e1 las actividades por las vacaciones de invierno contando con una importante cantidad de p\u00fablico.&nbsp;<\/p>\n\n\n\n<p>Previo al espect\u00e1culo musical se desarroll\u00f3 un espacio de taller y juegos infantiles no competitivos en el espacio del patio y&nbsp;la sala de la Ochava. En esta oportunidad estuvo coordinado por un grupo de mujeres artistas de la Asociaci\u00f3n Civil Circularte.<\/p>\n\n\n\n<p><strong>Programaci\u00f3n diversa y federal&nbsp;<\/strong><\/p>\n\n\n\n<p>Al respecto del Ciclo que se extender\u00e1 hasta el jueves 21 de julio, el director de la Casa de la Cultura Sebasti\u00e1n Bergalio, destac\u00f3 que la programaci\u00f3n se propuso sostener un criterio federal. \u201cEste a\u00f1o nos dedicamos m\u00e1s de lleno a la m\u00fasica, ya que el a\u00f1o pasado trabajamos con propuestas teatrales y esc\u00e9nicas. Este a\u00f1o pensamos en ubicar artistas de la provincia y algunos invitados de fuera de la provincia\u201d.<\/p>\n\n\n\n<p><strong>La grilla de actividades a partir de las 15hs con entrada gratuita<\/strong><\/p>\n\n\n\n<p>El Ciclo Vacaciones de Invierno Musicales reunir\u00e1 una serie de espect\u00e1culos esc\u00e9nicos musicales, talleres y juegos para las infancias. En cada jornada participar\u00e1n:&nbsp;<\/p>\n\n\n\n<p>-Mi\u00e9rcoles 13 \u2013 Palmito Encamino y Los Buenos Paran\u00e1 (Tigre)<\/p>\n\n\n\n<p>-Jueves 14 \u2013 El Velero M\u00e1gico (Paran\u00e1)<\/p>\n\n\n\n<p>-Martes19- Silvina L\u00f3pez (Paran\u00e1)<\/p>\n\n\n\n<p>-Mi\u00e9rcoles 20 \u2013 Los Tinguiritas (C\u00f3rdoba\/Concordia)<\/p>\n\n\n\n<p>-Jueves 21- No se salva de la conga (Paran\u00e1)<\/p>\n\n\n\n<p>Ingreso por orden de llegada \/ Capacidad Limitada \/<\/p>\n\n\n\n<p><strong>Eureka y su banda<\/strong><\/p>\n\n\n\n<p>\u201cEureka en bandada\u201d comenz\u00f3 en el a\u00f1o 2018 con una formaci\u00f3n que reun\u00eda a Stella S\u00e1nchez, Anal\u00eda Bosque, Lorena Ledesma, Florencia Di Stefano y la payasa Eureka, Maia Casas. Seguidamente se incorpor\u00f3 Silvia Salomone. Finalmente a partir de 2022 se sum\u00f3 al proyecto Ramiro Matteoda al salir S\u00e1nchez. Adem\u00e1s de continuar con la producci\u00f3n de su espect\u00e1culo, durante la pandemia el grupo se aboc\u00f3 a la realizaci\u00f3n de un video <a href=\"https:\/\/www.youtube.com\/watch?v=3wPxchjD-nU\" target=\"_blank\" rel=\"noreferrer noopener\">Mostri R\u00edo<\/a> con letra de Lorena Ledesma y m\u00fasica de Anal\u00eda Bosque.<\/p>\n\n\n\n<p>\u201cPara esta tarde preparamos canciones que no son del repertorio de la m\u00fasica infantil como \u201cAmor Profundo\u201d de Jaime Roos o \u201cAtaque de risa\u201d que es de Aterciopelados pero que a nosotras nos mueven. Al incorporar este tipo de canciones a las nuestras, queremos interpelar a las ni\u00f1eces de hoy y a las propias tambi\u00e9n\u201d, explica la payasa Eureka minutos antes de salir a escena.&nbsp;<\/p>\n\n\n\n<p>En el espect\u00e1culo adem\u00e1s de las canciones y las intervenciones payasas se comparten juegos mel\u00f3dicos con el p\u00fablico. All\u00ed las y los ni\u00f1os se paran y percuten sobre sus cuerpos. Sobre esa sonoridad, las artistas van incorporando las letras y ritmos de los instrumentos. Las y los peque\u00f1os r\u00eden e intervienen en el espect\u00e1culo con ocurrencias, formando tambi\u00e9n parte del hecho art\u00edstico y nutri\u00e9ndolo.<\/p>\n\n\n\n<p>Esta temporada 2022 de vacaciones de invierno ser\u00e1 la segunda vez que Eureka en bandada se presenta en la programaci\u00f3n gratuita del organismo. En esta oportunidad el espect\u00e1culo se desarroll\u00f3 en la sala mayor de la planta baja con una platea colmada. \u201cLa Casa de la Cultura siempre nos recibe muy bien; la verdad es que celebramos esta propuestas musicales para las infancias porque hay varias bandas de distintos lugares de la provincia. Est\u00e1 buen\u00edsimo que suceda este encuentro y que podamos compartir\u201d, expres\u00f3 Maia Casas.&nbsp;<\/p>\n\n\n\n<p><strong>Creaciones propias<\/strong><\/p>\n\n\n\n<p>\u201cEn cuanto a nuestras canciones propias tenemos \u201cTu risa como acuarela\u201d que es un chamam\u00e9, \u201cCandombe payaso\u201d y \u201cEl rap de las rimas\u201d,relat\u00f3 Casas. \u201cEn el caso de la primera est\u00e1 referenciada con las y los ni\u00f1os:<em> tu risa como acuarela cada momento pincela\/ tu mirada iluminada sin decirme casi nada \/me convierte en hechicera como esperanza viajera<\/em>. Muchas veces cuando volvemos a mirar las fotos de las presentaciones y notamos las risas y las miradas de les gurises nos conmovemos. La mirada de elles es la que me transforma en Eureka. La magia comienza cuando me pongo la nariz de payasa pero tienen que estar presentes los gurises ah\u00ed\u201d, relata la artista.<\/p>\n\n\n\n<p>\u201cEn su mayor\u00eda, hasta ahora los arreglos de las canciones propias los ha hecho Anal\u00eda Bosque\u201d, interviene Salomone. \u201cCon algunas acotaciones de las dem\u00e1s, ella trae un arreglo y lo hacemos sonar\u201d.&nbsp;<\/p>\n\n\n\n<p><strong>Cruce intergeneracional&nbsp;<\/strong><\/p>\n\n\n\n<p>\u201cLos padres y las madres se re copan con el espect\u00e1culo\u201d, cuenta Salomone. \u201cPor ejemplo, hacemos una versi\u00f3n de La Solapa que es una canci\u00f3n del cancionero popular argentino y litorale\u00f1o que ya tiene muchos a\u00f1os. Ese es un momento donde se invita a las y los m\u00e1s grandes a participar, porque la cantan y la conocen porque se la escucharon cantar a sus abuelas y se enganchan con esa historia\u201d. Algo parecido pasa cuando se canta \u201cEl Jardinero\u201d de Mar\u00eda Elena Walsh&nbsp;explican las artistas mientras acomodan sus vestuarios en el camar\u00edn de la Casa de la Cultura.&nbsp;<\/p>\n\n\n\n<p>\u201cYo -que soy mam\u00e1- siempre pienso en c\u00f3mo me interpela poder compartir con el hije. Si el arte te permite compartir tambi\u00e9n un momento donde vos est\u00e1s incluida es muy grande y hermoso\u201d, finaliza la m\u00fasica.&nbsp;<\/p>\n\n\n\n<p><strong>Juegos participativos y no competitivos<\/strong><\/p>\n\n\n\n<p>La Casita de lxs Gurisxs de mi barrio y el Colectivo Circularte son dos grupalidades que trabajan la educaci\u00f3n y la cultura, proponiendo talleres y juegos infantiles en la conformaci\u00f3n de espacios l\u00fadicos. La articulaci\u00f3n con estos grupos y la Casa de la Cultura ya se viene desarrollando desde el verano de 2022 con el Carnaval. Para este ciclo se abocar\u00e1n a trabajar una semana cada uno, iniciando con el Colectivo Circularte.&nbsp;&nbsp;<\/p>\n\n\n\n<p>\u201cEst\u00e1 muy bueno trabajar con colectivos de estas caracter\u00edsticas, que est\u00e9n organizados; porque adem\u00e1s de tener un enfoque especial hacia las infancias vienen desarrollando en distintos espacios un trabajo cultural y una gesti\u00f3n sostenida\u201d, destac\u00f3 Bergalio, director del centro cultural provincial.&nbsp;&nbsp;<\/p>\n\n\n\n<p>Al respecto de la actividad que se desarroll\u00f3 en la tarde del martes iniciando el Ciclo, Melania Peirano destac\u00f3 \u201cLa Asociaci\u00f3n Civil Circularte somos un grupo que trabajamos la educaci\u00f3n desde un enfoque l\u00fadico. Eso fue lo que propusimos para este Ciclo de la Casa de la Cultura. Propusimos ocupar el espacio y simplemente jugar. Queremos que sea autodirigido, que sea un espacio que los chicos encuentren por resonancia, que se trabaje la parte art\u00edstica pero tambi\u00e9n la parte motora y la cuesti\u00f3n de construcci\u00f3n\u201d.<\/p>\n\n\n\n<p><strong>Actividades gratuitas para las vacaciones en los organismos de cultura<\/strong><\/p>\n\n\n\n<p>El Gobierno de la provincia de Entre R\u00edos, a trav\u00e9s de la Secretar\u00eda de Cultura, puso en marcha una iniciativa cultural gratuita y diversa para disfrutar durante las pr\u00f3ximas vacaciones de invierno. La programaci\u00f3n permitir\u00e1 a los diferentes p\u00fablicos vivir nuevas experiencias en contacto con la cultura de una provincia excepcional. En la programaci\u00f3n estar\u00e1n incluidos los museos entrerrianos, centros culturales y organismos dedicados a la cultura.&nbsp; El detalle espec\u00edfico de las actividades, por ciudad y por organismo, podr\u00e1 consultarse<a href=\"https:\/\/drive.google.com\/file\/d\/1lHO3zXVW6mMnHBEPoEecfgYbeOGZgtvR\/view\" target=\"_blank\" rel=\"noreferrer noopener\"> AQU\u00cd<\/a><\/p>\n","protected":false},"excerpt":{"rendered":"<p>El grupo paranaense de \u201cEureka en Bandada\u201d di\u00f3 inicio el martes por la tarde a las actividades gratuitas del Ciclo Vacaciones de Invierno Musicales en la Casa de la Cultura de Entre R\u00edos. Se realiza en el marco de la agenda especial organizada por la Secretar\u00eda de Cultura de la Provincia. Durante esta semana y [&hellip;]<\/p>\n","protected":false},"author":5,"featured_media":5980,"comment_status":"open","ping_status":"open","sticky":false,"template":"","format":"standard","meta":{"_et_pb_use_builder":"off","_et_pb_old_content":"","_et_gb_content_width":"","footnotes":""},"categories":[28,19],"tags":[],"class_list":["post-5979","post","type-post","status-publish","format-standard","has-post-thumbnail","hentry","category-noticias","category-casa-de-la-cultura-de-er"],"_links":{"self":[{"href":"https:\/\/www.entrerios.gov.ar\/cultura\/wp-json\/wp\/v2\/posts\/5979","targetHints":{"allow":["GET"]}}],"collection":[{"href":"https:\/\/www.entrerios.gov.ar\/cultura\/wp-json\/wp\/v2\/posts"}],"about":[{"href":"https:\/\/www.entrerios.gov.ar\/cultura\/wp-json\/wp\/v2\/types\/post"}],"author":[{"embeddable":true,"href":"https:\/\/www.entrerios.gov.ar\/cultura\/wp-json\/wp\/v2\/users\/5"}],"replies":[{"embeddable":true,"href":"https:\/\/www.entrerios.gov.ar\/cultura\/wp-json\/wp\/v2\/comments?post=5979"}],"version-history":[{"count":2,"href":"https:\/\/www.entrerios.gov.ar\/cultura\/wp-json\/wp\/v2\/posts\/5979\/revisions"}],"predecessor-version":[{"id":5982,"href":"https:\/\/www.entrerios.gov.ar\/cultura\/wp-json\/wp\/v2\/posts\/5979\/revisions\/5982"}],"wp:featuredmedia":[{"embeddable":true,"href":"https:\/\/www.entrerios.gov.ar\/cultura\/wp-json\/wp\/v2\/media\/5980"}],"wp:attachment":[{"href":"https:\/\/www.entrerios.gov.ar\/cultura\/wp-json\/wp\/v2\/media?parent=5979"}],"wp:term":[{"taxonomy":"category","embeddable":true,"href":"https:\/\/www.entrerios.gov.ar\/cultura\/wp-json\/wp\/v2\/categories?post=5979"},{"taxonomy":"post_tag","embeddable":true,"href":"https:\/\/www.entrerios.gov.ar\/cultura\/wp-json\/wp\/v2\/tags?post=5979"}],"curies":[{"name":"wp","href":"https:\/\/api.w.org\/{rel}","templated":true}]}}