{"id":5994,"date":"2022-07-15T11:23:43","date_gmt":"2022-07-15T11:23:43","guid":{"rendered":"https:\/\/www.entrerios.gov.ar\/cultura\/?p=5994"},"modified":"2022-07-19T22:05:31","modified_gmt":"2022-07-19T22:05:31","slug":"gloria-montoya-para-las-infancias-en-el-museo-provincial-de-bellas-artes","status":"publish","type":"post","link":"https:\/\/www.entrerios.gov.ar\/cultura\/gloria-montoya-para-las-infancias-en-el-museo-provincial-de-bellas-artes\/","title":{"rendered":"Gloria Montoya para las infancias en el Museo Provincial de Bellas Artes"},"content":{"rendered":"\n<p>El mi\u00e9rcoles 20 a partir de las 15.30 en el marco de las actividades por las vacaciones invernales que propone el Museo Provincial de Bellas Artes Dr. Pedro E. Mart\u00ednez en conjunto con la Editorial de Entre R\u00edos, ambos organismos dependientes de la Secretar\u00eda de Cultura de la Provincia, tendr\u00e1 lugar un encuentro de narraciones y dibujos en torno al libro &#8220;Los Soles de mi abuela Gloria&#8221; de la escritora Mercedes Daneri Montoya.&nbsp;<\/p>\n\n\n\n<p>La actividad es gratuita con inscripci\u00f3n previa y est\u00e1 dirigida a ni\u00f1as y ni\u00f1os de 4 a 7 a\u00f1os y sus familias.&nbsp;<\/p>\n\n\n\n<p>&#8220;Los soles de mi abuela Gloria&#8221; (Editorial de Entre R\u00edos, 2019) es un trabajo de la escritora Mar\u00eda Mercedes Daneri Montoya, ilustrado por el dibujante Jaimo, que recorre -bajo la mirada de un ni\u00f1o- una parte muy significativa de la obra de Gloria Montoya, una de las artistas visuales m\u00e1s emblem\u00e1ticas y representativas de nuestra provincia.&nbsp;<\/p>\n\n\n\n<p>A partir de la historia entra\u00f1able y amorosa narrada por la autora (hija de la artista) en colaboraci\u00f3n con su peque\u00f1o hijo Tom\u00e1s, la publicaci\u00f3n propone a ni\u00f1os y ni\u00f1as sumar colores, trazos y la propia impronta de las infancias en el acercamiento a la obra de Montoya.&nbsp;&nbsp;&nbsp;<\/p>\n\n\n\n<p>En esta oportunidad, la actividad ser\u00e1 coordinada por la escritora quien narrar\u00e1 fragmentos de su libro, proponiendo a los participantes la expresi\u00f3n libre a trav\u00e9s del dibujo. Simult\u00e1neamente, el reconocido artista Jaimo (quien tuvo a su cargo la ilustraci\u00f3n de la edici\u00f3n), dibujar\u00e1 en vivo junto al p\u00fablico presente.&nbsp;<\/p>\n\n\n\n<p>El encuentro est\u00e1 organizado de manera articulada entre el Museo Provincial de Bellas Artes y la Editorial de Entre R\u00edos y se inscribe en la programaci\u00f3n impulsada por la Secretar\u00eda de Cultura del gobierno provincial para las vacaciones de invierno 2022<\/p>\n\n\n\n<p>La jornada se desarrollar\u00e1 en la sede del Museo, Buenos Aires 355 de Paran\u00e1, el pr\u00f3ximo Mi\u00e9rcoles 20 de 15.30 a 17 con acceso gratuito e inscripci\u00f3n previa llamando al 0343 4207868\/918.<\/p>\n\n\n\n<p><strong><em>Prensa&nbsp;<\/em><\/strong><\/p>\n\n\n\n<p><strong><em>Museo Provincial de Bellas Artes Dr. Pedro E. Mart\u00ednez<\/em><\/strong><\/p>\n\n\n\n<p><strong><em>Secretar\u00eda de Cultura &#8211; Gobierno de Entre R\u00edos<\/em><\/strong><\/p>\n","protected":false},"excerpt":{"rendered":"<p>El mi\u00e9rcoles 20 a partir de las 15.30 en el marco de las actividades por las vacaciones invernales que propone el Museo Provincial de Bellas Artes Dr. Pedro E. Mart\u00ednez en conjunto con la Editorial de Entre R\u00edos, ambos organismos dependientes de la Secretar\u00eda de Cultura de la Provincia, tendr\u00e1 lugar un encuentro de narraciones [&hellip;]<\/p>\n","protected":false},"author":5,"featured_media":5995,"comment_status":"open","ping_status":"open","sticky":false,"template":"","format":"standard","meta":{"_et_pb_use_builder":"off","_et_pb_old_content":"","_et_gb_content_width":"","footnotes":""},"categories":[28,9],"tags":[],"class_list":["post-5994","post","type-post","status-publish","format-standard","has-post-thumbnail","hentry","category-noticias","category-museo-bellas-artes"],"_links":{"self":[{"href":"https:\/\/www.entrerios.gov.ar\/cultura\/wp-json\/wp\/v2\/posts\/5994","targetHints":{"allow":["GET"]}}],"collection":[{"href":"https:\/\/www.entrerios.gov.ar\/cultura\/wp-json\/wp\/v2\/posts"}],"about":[{"href":"https:\/\/www.entrerios.gov.ar\/cultura\/wp-json\/wp\/v2\/types\/post"}],"author":[{"embeddable":true,"href":"https:\/\/www.entrerios.gov.ar\/cultura\/wp-json\/wp\/v2\/users\/5"}],"replies":[{"embeddable":true,"href":"https:\/\/www.entrerios.gov.ar\/cultura\/wp-json\/wp\/v2\/comments?post=5994"}],"version-history":[{"count":1,"href":"https:\/\/www.entrerios.gov.ar\/cultura\/wp-json\/wp\/v2\/posts\/5994\/revisions"}],"predecessor-version":[{"id":5996,"href":"https:\/\/www.entrerios.gov.ar\/cultura\/wp-json\/wp\/v2\/posts\/5994\/revisions\/5996"}],"wp:featuredmedia":[{"embeddable":true,"href":"https:\/\/www.entrerios.gov.ar\/cultura\/wp-json\/wp\/v2\/media\/5995"}],"wp:attachment":[{"href":"https:\/\/www.entrerios.gov.ar\/cultura\/wp-json\/wp\/v2\/media?parent=5994"}],"wp:term":[{"taxonomy":"category","embeddable":true,"href":"https:\/\/www.entrerios.gov.ar\/cultura\/wp-json\/wp\/v2\/categories?post=5994"},{"taxonomy":"post_tag","embeddable":true,"href":"https:\/\/www.entrerios.gov.ar\/cultura\/wp-json\/wp\/v2\/tags?post=5994"}],"curies":[{"name":"wp","href":"https:\/\/api.w.org\/{rel}","templated":true}]}}