{"id":6004,"date":"2022-07-16T17:25:51","date_gmt":"2022-07-16T17:25:51","guid":{"rendered":"https:\/\/www.entrerios.gov.ar\/cultura\/?p=6004"},"modified":"2022-07-20T12:49:44","modified_gmt":"2022-07-20T12:49:44","slug":"vacaciones-de-invierno-fin-de-semana-de-propuestas-ludicas-para-las-infancias-en-la-vieja-usina","status":"publish","type":"post","link":"https:\/\/www.entrerios.gov.ar\/cultura\/vacaciones-de-invierno-fin-de-semana-de-propuestas-ludicas-para-las-infancias-en-la-vieja-usina\/","title":{"rendered":"Vacaciones de Invierno: Fin de semana de propuestas l\u00fadicas para las infancias en La Vieja Usina"},"content":{"rendered":"\n<p>El centro cultural y de convenciones La Vieja Usina, ubicado en la capital entrerriana, realizar\u00e1 una nueva edici\u00f3n del Ciclo No te aburras, gur\u00ed. Vacaciones de invierno en el marco de la programaci\u00f3n especial impulsada por la Secretar\u00eda de Cultura de Entre R\u00edos.<\/p>\n\n\n\n<p>Las actividades especiales del organismo, que ya se realizaron el pasado domingo 10 y viernes 15 de julio, continuar\u00e1n el s\u00e1bado 16 y domingo 17 de julio, de 15 a 18 hs., con entrada libre y gratuita. Se trata de actividades l\u00fadicas para las infancias.<\/p>\n\n\n\n<p>En la Explanada, se podr\u00e1 disfrutar de la instalaci\u00f3n \u201cJugamos en la vereda y en el aire: arte para encontrarse\u201d creada por la artista Pamela Villarraza.<\/p>\n\n\n\n<p>Adem\u00e1s dentro de la sala, Ariel Dutria y Ariel Bogdanowicz, propondr\u00e1n a las y los peque\u00f1os, estaciones interactivas para jugar con la m\u00fasica y el movimiento. A partir de movimientos corporales, las y los ni\u00f1os van a tener la posibilidad de controlar m\u00fasica y visuales; en otra estaci\u00f3n habr\u00e1 controladores midi para manejar m\u00fasica y visuales, y en la \u00faltima estaci\u00f3n se podr\u00e1 experimentar un juego interactivo de movimiento.<\/p>\n\n\n\n<p>El 16 de julio, La Vieja Usina presentar\u00e1 a la Payasa Pincelina qui\u00e9n acompa\u00f1ar\u00e1 con su espacio de juego, y lo mismo har\u00e1 la artista circense Daniela Farfala el d\u00eda domingo 17.&nbsp;<\/p>\n\n\n\n<p><strong>Actividades art\u00edsticas diversas y gratuitas en organismos dedicados a la cultura<\/strong><\/p>\n\n\n\n<p>El receso esperado por las y los m\u00e1s peque\u00f1os y sus familias estar\u00e1 acompa\u00f1ado por una programaci\u00f3n especial y gratuita en los museos, centros culturales&nbsp; y organismos dedicados a la cultura que se extender\u00e1 hasta el 22 de julio.&nbsp;<\/p>\n\n\n\n<p>Est\u00e1n involucrados los dos centros culturales provinciales ubicados en Paran\u00e1 (La Vieja Usina y la Casa de la Cultura de entre R\u00edos), El Museo Provincial de Dibujo y Grabado Artemio Alisio (Concepci\u00f3n del Uruguay), El Museo Provincial y Monumento Hist\u00f3rico Nacional Molino Forclaz (Col\u00f3n), El Museo de Casa de Gobierno, Museo Provincial de Bellas Artes Dr. Pedro E. Mart\u00ednez, el Museo de Ciencias Naturales y Antropol\u00f3gicas Antonio Serrano, el Museo Hist\u00f3rico Provincial Martiniano Leguizam\u00f3n, y el Museo Hogar Escuela Eva Per\u00f3n. La Editorial de la provincia de Entre R\u00edos, junto a la Biblioteca Provincial y el&nbsp; Archivo Hist\u00f3rico tambi\u00e9n realizar\u00e1n actividades pensadas especialmente para las infancias.&nbsp;<\/p>\n\n\n\n<p>El detalle espec\u00edfico de las mismas podr\u00e1 consultarse <a href=\"https:\/\/drive.google.com\/file\/d\/1lHO3zXVW6mMnHBEPoEecfgYbeOGZgtvR\/view\" target=\"_blank\" rel=\"noreferrer noopener\">AQU\u00cd<\/a><\/p>\n\n\n\n<p><strong>\u201cMi viaje imaginario\u201d llega a los organismos de cultura<\/strong><\/p>\n\n\n\n<p>En el marco de las actividades especiales por las vacaciones de invierno, la Secretar\u00eda de Cultura de Entre R\u00edos lanz\u00f3 una iniciativa l\u00fadica para que las infancias conozcan y valoren el patrimonio material e inmaterial. Se trata de unos mapas ilustrados para colorear que estar\u00e1n disponibles gratuitamente en todos los organismos de Cultura.<\/p>\n\n\n\n<p>\u201cMi viaje imaginario\u201d es un proyecto destinado a las infancias que propone un viaje por Entre R\u00edos.&nbsp;<\/p>\n\n\n\n<p>En esta edici\u00f3n la propuesta presenta un mapa con saberes y s\u00edmbolos que forman parte del patrimonio cultural inmaterial, tales como la Fiesta del Chamam\u00e9 en Federal, la Fiesta del Mate en Paran\u00e1, la Fiesta Provincial de las Artesan\u00edas en Col\u00f3n, la Fiesta del isle\u00f1o y las carrozas n\u00e1uticas en Islas del Ibicuy, el carnaval en Concordia, las letras en Gualeguay, entre otros contenidos.<\/p>\n\n\n\n<p>El segundo mapa, en cambio, referencia lugares, monumentos y edificios del patrimonio cultural material. El Parque Urquiza en Paran\u00e1, el Palacio San Jos\u00e9 en Uruguay, el paisaje natural en Islas del Ibicuy, las siete colinas en Victoria, el Museo de los Asentamientos en Federaci\u00f3n, la casa de Fray Mocho en Gualeguaych\u00fa, ser\u00e1n algunos de los mojones que las ni\u00f1as y los ni\u00f1os podr\u00e1n colorear y descubrir colectivamente.&nbsp;<\/p>\n\n\n\n<p>Los soportes l\u00fadicos fueron producidos y dise\u00f1ados por la Secretar\u00eda de Cultura. Participaron como ilustradores los artistas paranaenses Julia Acosta y Francisco Vasquez.&nbsp;<\/p>\n\n\n\n<p>Las y los interesados en descargar los mapas para colorearlos desde cualquier lugar, pueden ingresar a los siguientes enlaces:&nbsp;<\/p>\n\n\n\n<p><a href=\"https:\/\/drive.google.com\/file\/d\/1oFE1KBQnCpCIVqkucJ27xnUKV5DUmiFZ\/view\" target=\"_blank\" rel=\"noreferrer noopener\">Mi Viaje Imaginario_mapa Patrimonio Inmaterial<\/a><\/p>\n\n\n\n<p><a href=\"https:\/\/drive.google.com\/file\/d\/1NUed5LQST7-KhGZwRQKHq5F6R70jTNbg\/view\" target=\"_blank\" rel=\"noreferrer noopener\">Mi Viaje Imaginario_mapa Patrimonio Material<\/a><\/p>\n\n\n\n<p><strong><em>Informes<\/em><\/strong><\/p>\n\n\n\n<p><strong><em>Secretar\u00eda de Cultura<\/em><\/strong><\/p>\n\n\n\n<p><strong><em>Gobierno de Entre R\u00edos<\/em><\/strong><\/p>\n\n\n\n<p><strong><em>Direcci\u00f3n: Gardel 42 \u2013 Paran\u00e1<\/em><\/strong><\/p>\n\n\n\n<p><strong><em>Tel\u00e9fono: 0343 \u2013 4207828<\/em><\/strong><\/p>\n\n\n\n<p><strong><em>Facebook: Cultura Entre R\u00edos<\/em><\/strong><\/p>\n","protected":false},"excerpt":{"rendered":"<p>El centro cultural y de convenciones La Vieja Usina, ubicado en la capital entrerriana, realizar\u00e1 una nueva edici\u00f3n del Ciclo No te aburras, gur\u00ed. Vacaciones de invierno en el marco de la programaci\u00f3n especial impulsada por la Secretar\u00eda de Cultura de Entre R\u00edos. Las actividades especiales del organismo, que ya se realizaron el pasado domingo [&hellip;]<\/p>\n","protected":false},"author":5,"featured_media":6005,"comment_status":"open","ping_status":"open","sticky":false,"template":"","format":"standard","meta":{"_et_pb_use_builder":"off","_et_pb_old_content":"","_et_gb_content_width":"","footnotes":""},"categories":[28,18],"tags":[],"class_list":["post-6004","post","type-post","status-publish","format-standard","has-post-thumbnail","hentry","category-noticias","category-centro-cultural-la-vieja-usina"],"_links":{"self":[{"href":"https:\/\/www.entrerios.gov.ar\/cultura\/wp-json\/wp\/v2\/posts\/6004","targetHints":{"allow":["GET"]}}],"collection":[{"href":"https:\/\/www.entrerios.gov.ar\/cultura\/wp-json\/wp\/v2\/posts"}],"about":[{"href":"https:\/\/www.entrerios.gov.ar\/cultura\/wp-json\/wp\/v2\/types\/post"}],"author":[{"embeddable":true,"href":"https:\/\/www.entrerios.gov.ar\/cultura\/wp-json\/wp\/v2\/users\/5"}],"replies":[{"embeddable":true,"href":"https:\/\/www.entrerios.gov.ar\/cultura\/wp-json\/wp\/v2\/comments?post=6004"}],"version-history":[{"count":1,"href":"https:\/\/www.entrerios.gov.ar\/cultura\/wp-json\/wp\/v2\/posts\/6004\/revisions"}],"predecessor-version":[{"id":6006,"href":"https:\/\/www.entrerios.gov.ar\/cultura\/wp-json\/wp\/v2\/posts\/6004\/revisions\/6006"}],"wp:featuredmedia":[{"embeddable":true,"href":"https:\/\/www.entrerios.gov.ar\/cultura\/wp-json\/wp\/v2\/media\/6005"}],"wp:attachment":[{"href":"https:\/\/www.entrerios.gov.ar\/cultura\/wp-json\/wp\/v2\/media?parent=6004"}],"wp:term":[{"taxonomy":"category","embeddable":true,"href":"https:\/\/www.entrerios.gov.ar\/cultura\/wp-json\/wp\/v2\/categories?post=6004"},{"taxonomy":"post_tag","embeddable":true,"href":"https:\/\/www.entrerios.gov.ar\/cultura\/wp-json\/wp\/v2\/tags?post=6004"}],"curies":[{"name":"wp","href":"https:\/\/api.w.org\/{rel}","templated":true}]}}