{"id":6035,"date":"2022-07-20T12:49:20","date_gmt":"2022-07-20T12:49:20","guid":{"rendered":"https:\/\/www.entrerios.gov.ar\/cultura\/?p=6035"},"modified":"2022-07-25T13:27:03","modified_gmt":"2022-07-25T13:27:03","slug":"la-destacada-escultora-gloria-priotti-brindara-una-charla-en-el-museo-provincial-de-bellas-artes","status":"publish","type":"post","link":"https:\/\/www.entrerios.gov.ar\/cultura\/la-destacada-escultora-gloria-priotti-brindara-una-charla-en-el-museo-provincial-de-bellas-artes\/","title":{"rendered":"La destacada escultora Gloria Priotti brindar\u00e1 una charla en el Museo Provincial de Bellas Artes"},"content":{"rendered":"\n<p>El encuentro ser\u00e1 en el marco de su muestra &#8220;La mirada vigente&#8221;, actualmente en exhibici\u00f3n en el Museo Provincial de Bellas Artes Dr. Pedro E. Mart\u00ednez. La actividad, bajo el formato de conversatorio, repasar\u00e1 la obra y la trayectoria de Gloria Priotti, una de las artistas argentinas con proyecci\u00f3n internacional m\u00e1s reconocidas en el \u00e1mbito de la escultura nacional.&nbsp;<\/p>\n\n\n\n<p>La cita es el pr\u00f3ximo viernes 22 de julio a las 18 hs. en el Auditorio del Museo, calle Buenos Aires 355, con acceso libre y gratuito.&nbsp;<\/p>\n\n\n\n<p>El Museo Provincial de Bellas Artes, dependiente de la Secretar\u00eda de Cultura de la Provincia, invita a la charla-conversatorio que brindar\u00e1 la artista Gloria Priotti como activaci\u00f3n de la exposici\u00f3n de m\u00e1s de 30 esculturas de su autor\u00eda inaugurada el pasado mes junio actualmente en exhibici\u00f3n en sus salas.<\/p>\n\n\n\n<p>Acompa\u00f1ar\u00e1n a Priotti, la artista Laura Zelaya (hija de la escultora y curadora de la muestra) y el arquitecto Marcelo Olmos.&nbsp;<\/p>\n\n\n\n<p>El encuentro propone un repaso sobre la vida y la prol\u00edfica producci\u00f3n de la reconocida artista a trav\u00e9s de m\u00e1s de 40 a\u00f1os de trayectoria tanto en la escena nacional como en el exterior.&nbsp;<\/p>\n\n\n\n<p>Para Marcela Canalis, directora del Museo, &#8220;contar con la presencia de Gloria Priotti es un gran honor que no s\u00f3lo nos permitir\u00e1 un acercamiento \u00edntimo a su obra y a su pensamiento, sino que adem\u00e1s posibilitar\u00e1 una aproximaci\u00f3n de &#8220;primera mano&#8221; a las pr\u00e1cticas art\u00edsticas y a las po\u00e9ticas de las artes visuales en di\u00e1logo con el contexto social y pol\u00edtico de las \u00faltimas tres d\u00e9cadas del Siglo XX&#8221;.<\/p>\n\n\n\n<p>El acceso es libre y gratuito. Al final de la presentaci\u00f3n el p\u00fablico podr\u00e1 participar con preguntas.<\/p>\n\n\n\n<p><strong>Sobre la artista<\/strong><\/p>\n\n\n\n<p>Gloria Priotti naci\u00f3 en Buenos Aires. Estudi\u00f3 en la Escuela Nacional de Bellas Artes Manuel Belgrano entre 1958 y 1959.&nbsp;<\/p>\n\n\n\n<p>En 1975 obtuvo el Premio Beca \u201cAlberto Durero\u201d otorgado por el Fondo Nacional de las Artes y la Embajada de la Rep\u00fablica Federal Alemana y se traslada a Berl\u00edn Occidental, donde se instala en un atelier en \u201cK\u00fcnstlerhaus Bethanien\u201d permaneciendo desde 1975 hasta 1983.&nbsp;<\/p>\n\n\n\n<p>Paralelamente participa, invitada por el Senado de Berl\u00edn, en concursos oficiales para arte aplicado al urbanismo y la arquitectura, obteniendo tres premios que dieron como resultado la creaci\u00f3n de obras monumentales que se encuentran emplazadas actualmente en distintos puntos de la ciudad de Berl\u00edn.&nbsp;<\/p>\n\n\n\n<p>Entre otros proyectos ha colaborado en la remodelaci\u00f3n de la Universidad T\u00e9cnica OSZ Metall, Neuk\u00f6lln de la capital alemana.&nbsp;<\/p>\n\n\n\n<p>En 1983 regresa con su familia a la Argentina y se instala en una chacra en las cercan\u00edas de Col\u00f3n, provincia de Entre R\u00edos, donde vive y trabaja actualmente.<\/p>\n\n\n\n<p><strong><em>Prensa<\/em><\/strong><\/p>\n\n\n\n<p><strong><em>Museo Provincial de Bellas Artes Dr. Pedro E. Mart\u00ednez<\/em><\/strong><\/p>\n\n\n\n<p><strong><em>Secretar\u00eda de Cultura &#8211; Gobierno de Entre R\u00edos<\/em><\/strong><\/p>\n","protected":false},"excerpt":{"rendered":"<p>El encuentro ser\u00e1 en el marco de su muestra &#8220;La mirada vigente&#8221;, actualmente en exhibici\u00f3n en el Museo Provincial de Bellas Artes Dr. Pedro E. Mart\u00ednez. La actividad, bajo el formato de conversatorio, repasar\u00e1 la obra y la trayectoria de Gloria Priotti, una de las artistas argentinas con proyecci\u00f3n internacional m\u00e1s reconocidas en el \u00e1mbito [&hellip;]<\/p>\n","protected":false},"author":5,"featured_media":6036,"comment_status":"open","ping_status":"open","sticky":false,"template":"","format":"standard","meta":{"_et_pb_use_builder":"off","_et_pb_old_content":"","_et_gb_content_width":"","footnotes":""},"categories":[28,9],"tags":[],"class_list":["post-6035","post","type-post","status-publish","format-standard","has-post-thumbnail","hentry","category-noticias","category-museo-bellas-artes"],"_links":{"self":[{"href":"https:\/\/www.entrerios.gov.ar\/cultura\/wp-json\/wp\/v2\/posts\/6035","targetHints":{"allow":["GET"]}}],"collection":[{"href":"https:\/\/www.entrerios.gov.ar\/cultura\/wp-json\/wp\/v2\/posts"}],"about":[{"href":"https:\/\/www.entrerios.gov.ar\/cultura\/wp-json\/wp\/v2\/types\/post"}],"author":[{"embeddable":true,"href":"https:\/\/www.entrerios.gov.ar\/cultura\/wp-json\/wp\/v2\/users\/5"}],"replies":[{"embeddable":true,"href":"https:\/\/www.entrerios.gov.ar\/cultura\/wp-json\/wp\/v2\/comments?post=6035"}],"version-history":[{"count":1,"href":"https:\/\/www.entrerios.gov.ar\/cultura\/wp-json\/wp\/v2\/posts\/6035\/revisions"}],"predecessor-version":[{"id":6037,"href":"https:\/\/www.entrerios.gov.ar\/cultura\/wp-json\/wp\/v2\/posts\/6035\/revisions\/6037"}],"wp:featuredmedia":[{"embeddable":true,"href":"https:\/\/www.entrerios.gov.ar\/cultura\/wp-json\/wp\/v2\/media\/6036"}],"wp:attachment":[{"href":"https:\/\/www.entrerios.gov.ar\/cultura\/wp-json\/wp\/v2\/media?parent=6035"}],"wp:term":[{"taxonomy":"category","embeddable":true,"href":"https:\/\/www.entrerios.gov.ar\/cultura\/wp-json\/wp\/v2\/categories?post=6035"},{"taxonomy":"post_tag","embeddable":true,"href":"https:\/\/www.entrerios.gov.ar\/cultura\/wp-json\/wp\/v2\/tags?post=6035"}],"curies":[{"name":"wp","href":"https:\/\/api.w.org\/{rel}","templated":true}]}}