{"id":6050,"date":"2022-07-23T12:49:49","date_gmt":"2022-07-23T12:49:49","guid":{"rendered":"https:\/\/www.entrerios.gov.ar\/cultura\/?p=6050"},"modified":"2022-07-23T12:49:52","modified_gmt":"2022-07-23T12:49:52","slug":"museo-serrano-en-vacaciones-observacion-y-descubrimiento-del-patrimonio-de-manera-ludica","status":"publish","type":"post","link":"https:\/\/www.entrerios.gov.ar\/cultura\/museo-serrano-en-vacaciones-observacion-y-descubrimiento-del-patrimonio-de-manera-ludica\/","title":{"rendered":"<strong>Museo Serrano en Vacaciones: Observaci\u00f3n y descubrimiento del patrimonio de manera l\u00fadica&nbsp;&nbsp;<\/strong>"},"content":{"rendered":"\n<p>El Museo Provincial de Ciencias Naturales y Antropol\u00f3gicas \u201cAntonio Serrano\u201d recibi\u00f3 hasta el momento m\u00e1s de 3000 visitantes principalmente provenientes de la provincia. Los p\u00fablicos se acercaron en familia a disfrutar de las propuestas para estas vacaciones de invierno impulsadas por la Secretar\u00eda de Cultura de Entre R\u00edos.<\/p>\n\n\n\n<p>Se registraron tambi\u00e9n personas de otras provincias y de pa\u00edses como Colombia, Espa\u00f1a, Venezuela y Uruguay.&nbsp;<\/p>\n\n\n\n<p>Dentro de la oferta de actividades, bailar junto al grupo Pim Pau la coreograf\u00eda del yaguaret\u00e9 es uno de los atractivos que cautiva al p\u00fablico joven y a los m\u00e1s peque\u00f1os esa actividad est\u00e1 dentro del itinerario que propone el juego \u201cEntre R\u00edos, entre ciencias\u201d, invitando a conocer particularidades del patrimonio desde la perspectiva de distintas ciencias. Asimismo, tambi\u00e9n fueron muy concurridas las estaciones para colorear, donde se encuentran&nbsp; distintas ilustraciones sobre la flora y fauna, y el mapa de la provincia con referencias al patrimonio material e inmaterial de Entre R\u00edos.&nbsp;<\/p>\n\n\n\n<p>&#8220;El Museo est\u00e1 genial y me encant\u00f3 bailar&#8221; expres\u00f3 Martina de 7 a\u00f1os, que vino con su mam\u00e1 y sus primos, y se va bailando con sus dibujos del yaguaret\u00e9&nbsp; y la&nbsp; mariposa.<br>\u201cMe gust\u00f3 el acuario y conocer el nombre de todos los peces que hay\u201d agreg\u00f3 Gonzalo de 5 a\u00f1os.<\/p>\n\n\n\n<p>El fin de semana, Exploradores del Museo Serrano es otra de las actividades que tambi\u00e9n ha tenido mucha participaci\u00f3n, permitiendo descubrir de manera entretenida conocimientos nuevos sobre el patrimonio entrerriano y llevarse de regalo unas coloridas cartas coleccionables. Dentro de los m\u00e1s curiosos, nunca faltan quienes ya son visitantes habituales de la instituci\u00f3n y siempre vuelven con el mismo entusiasmo por conocer las nuevas actividades :&nbsp; &#8220;Me gust\u00f3 porque conoc\u00ed cosas nuevas. Yo siempre vengo al museo con mi abuela&#8221; coment\u00f3 Santi de 9 a\u00f1os.&nbsp;&nbsp;<\/p>\n\n\n\n<p>&#8220;Somos de Concordia. No conoc\u00edamos el museo y estamos encantados, seguro vamos a&nbsp;volver&#8221; agreg\u00f3 Sandra, mientras termina de colorear sus dibujos elegidos junto a sus dos hijas y su esposo.<\/p>\n\n\n\n<p>Por su parte, la directora del Museo, Gisela Bahler, coment\u00f3: \u201cEstamos muy contentos por la concurrencia que ha tenido el Museo y la participaci\u00f3n de la comunidad en las distintas propuestas. Agradecemos a la Asociaci\u00f3n de Amigos del Museo que siempre nos acompa\u00f1a en las distintas actividades y a los pasantes de la Licenciatura en Turismo de UADER que estuvieron trabajando en las propuestas para vacaciones\u201d.&nbsp;<\/p>\n\n\n\n<p>Todas las actividades se llevan adelante en la sede del Museo, calle Carlos Gardel 62, con entrada libre y gratuita en el horario de atenci\u00f3n al p\u00fablico es de martes a s\u00e1bados de 8 a 12 y de 15 a 19hs, domingos de 9 a 12hs.&nbsp;<\/p>\n\n\n\n<p><strong><em>Contacto: Museo de Ciencias Naturales y Antropol\u00f3gicas Prof. Antonio Serrano<\/em><\/strong><\/p>\n\n\n\n<p><strong><em>Tel.: 0343 4208894<\/em><\/strong><\/p>\n\n\n\n<p><a href=\"mailto:museoserrano@gmail.com\" target=\"_blank\" rel=\"noreferrer noopener\"><strong><em>museoserrano@gmail.com<\/em><\/strong><\/a><\/p>\n","protected":false},"excerpt":{"rendered":"<p>El Museo Provincial de Ciencias Naturales y Antropol\u00f3gicas \u201cAntonio Serrano\u201d recibi\u00f3 hasta el momento m\u00e1s de 3000 visitantes principalmente provenientes de la provincia. Los p\u00fablicos se acercaron en familia a disfrutar de las propuestas para estas vacaciones de invierno impulsadas por la Secretar\u00eda de Cultura de Entre R\u00edos. Se registraron tambi\u00e9n personas de otras provincias [&hellip;]<\/p>\n","protected":false},"author":5,"featured_media":6051,"comment_status":"open","ping_status":"open","sticky":false,"template":"","format":"standard","meta":{"_et_pb_use_builder":"off","_et_pb_old_content":"","_et_gb_content_width":"","footnotes":""},"categories":[28,8],"tags":[113],"class_list":["post-6050","post","type-post","status-publish","format-standard","has-post-thumbnail","hentry","category-noticias","category-museo-ciencias-naturales","tag-vacaciones-de-invierno"],"_links":{"self":[{"href":"https:\/\/www.entrerios.gov.ar\/cultura\/wp-json\/wp\/v2\/posts\/6050","targetHints":{"allow":["GET"]}}],"collection":[{"href":"https:\/\/www.entrerios.gov.ar\/cultura\/wp-json\/wp\/v2\/posts"}],"about":[{"href":"https:\/\/www.entrerios.gov.ar\/cultura\/wp-json\/wp\/v2\/types\/post"}],"author":[{"embeddable":true,"href":"https:\/\/www.entrerios.gov.ar\/cultura\/wp-json\/wp\/v2\/users\/5"}],"replies":[{"embeddable":true,"href":"https:\/\/www.entrerios.gov.ar\/cultura\/wp-json\/wp\/v2\/comments?post=6050"}],"version-history":[{"count":1,"href":"https:\/\/www.entrerios.gov.ar\/cultura\/wp-json\/wp\/v2\/posts\/6050\/revisions"}],"predecessor-version":[{"id":6052,"href":"https:\/\/www.entrerios.gov.ar\/cultura\/wp-json\/wp\/v2\/posts\/6050\/revisions\/6052"}],"wp:featuredmedia":[{"embeddable":true,"href":"https:\/\/www.entrerios.gov.ar\/cultura\/wp-json\/wp\/v2\/media\/6051"}],"wp:attachment":[{"href":"https:\/\/www.entrerios.gov.ar\/cultura\/wp-json\/wp\/v2\/media?parent=6050"}],"wp:term":[{"taxonomy":"category","embeddable":true,"href":"https:\/\/www.entrerios.gov.ar\/cultura\/wp-json\/wp\/v2\/categories?post=6050"},{"taxonomy":"post_tag","embeddable":true,"href":"https:\/\/www.entrerios.gov.ar\/cultura\/wp-json\/wp\/v2\/tags?post=6050"}],"curies":[{"name":"wp","href":"https:\/\/api.w.org\/{rel}","templated":true}]}}