{"id":6055,"date":"2022-07-25T12:48:28","date_gmt":"2022-07-25T12:48:28","guid":{"rendered":"https:\/\/www.entrerios.gov.ar\/cultura\/?p=6055"},"modified":"2022-07-28T12:37:46","modified_gmt":"2022-07-28T12:37:46","slug":"ceramica-contemporanea-y-performance-de-la-artista-marisa-nunez-caminos-en-el-museo-de-provincial-de-bellas-artes","status":"publish","type":"post","link":"https:\/\/www.entrerios.gov.ar\/cultura\/ceramica-contemporanea-y-performance-de-la-artista-marisa-nunez-caminos-en-el-museo-de-provincial-de-bellas-artes\/","title":{"rendered":"Cer\u00e1mica contempor\u00e1nea y performance de la artista Marisa N\u00fa\u00f1ez Caminos en el Museo de Provincial de Bellas Artes"},"content":{"rendered":"\n<p><em>El Museo Provincial de Bellas Artes Dr. Pedro E. Mart\u00ednez, dependiente de la Secretar\u00eda de Cultura de Entre R\u00edos, presenta &#8220;Barrial. Proyecto cer\u00e1mico y perform\u00e1tico en el territorio&#8221; de la reconocida artista Marisa N\u00fa\u00f1ez Caminos.&nbsp;<\/em><\/p>\n\n\n\n<p>La inauguraci\u00f3n ser\u00e1 el pr\u00f3ximo viernes 29 de julio a las 20 en la sala Auditorio del Museo, calle Buenos Aires 355, con acceso libre y gratuito.<\/p>\n\n\n\n<p>Esta nueva propuesta de N\u00fa\u00f1ez Caminos -oriunda de Nogoy\u00e1 y residente en la ciudad de Victoria- tiene sus antecedentes en el profundo trabajo de investigaci\u00f3n y producci\u00f3n en el territorio que la artista viene desarrollando desde hace algunos a\u00f1os junto a las comunidades de su ciudad. Su obra se nutre del espacio, del cuerpo y la naturaleza, con preferencia por la Tierra ind\u00edgena y primitiva desde la pr\u00e1ctica feminista, en un acercamiento morfol\u00f3gico y simb\u00f3lico a los cer\u00e1micos propios de la cultura Chan\u00e1 que influyen notablemente en su producci\u00f3n.<\/p>\n\n\n\n<p>&nbsp;&#8220;<em>Barrial<\/em>. <em>Proyecto cer\u00e1mico y perform\u00e1tico en el territorio&#8221;<\/em> se define -seg\u00fan las palabras de la destacada investigadora, curadora y activista Kekena Corval\u00e1n- a trav\u00e9s de&nbsp; &#8220;peces de barro, algunos fr\u00e1giles, otros fuertes, algunos cocidos, otros crudos, algunos claros como el sol de la ma\u00f1ana, otros oscuros como la negra noche, pero todos andando en colectiva. Una instalaci\u00f3n escult\u00f3rica y perform\u00e1tica, hecha a mano y sobre la tierra, a flor del fuego, da pie a esta exposici\u00f3n de Marisa N\u00fa\u00f1ez Caminos y la sala del Museo se transforma en un lugar de fuga para que una vez m\u00e1s, como es ya un modo de ser de este espacio, el territorio ingrese y no haya muros y todo se transforme&#8221;.<\/p>\n\n\n\n<p>La puesta se entreteje a partir de varios lenguajes propios del arte contempor\u00e1neo, conjugando m\u00e1s de 300 piezas cer\u00e1micas, con video, sonidos, fotograf\u00eda y una performance de apertura a cargo de la artista.&nbsp;<\/p>\n\n\n\n<p>La inauguraci\u00f3n ser\u00e1 el viernes 29 de julio a partir de las 20 hs., con acceso libre y gratuito.&nbsp;<\/p>\n\n\n\n<p>La muestra podr\u00e1 visitarse hasta el domingo 28 de agosto inclusive.&nbsp;<\/p>\n\n\n\n<p><strong>Sobre Marisa N\u00fa\u00f1ez Caminos<\/strong><\/p>\n\n\n\n<p>Imparte talleres barriales de mosaiquismo y cer\u00e1mica Chan\u00e1 para mujeres en el territorio donde habita,&nbsp; interviniendo los barrios con mosaicos, murales colectivos, etc.&nbsp;<\/p>\n\n\n\n<p>Ha participado en numerosas muestras individuales y colectivas, as\u00ed como talleres y seminarios de formaci\u00f3n art\u00edstica. Entre otros importantes reconocimientos, ha sido distinguida con el &#8220;Primer Premio Adquisici\u00f3n Gobierno de Entre R\u00edos&#8221; en la secci\u00f3n Arte Cer\u00e1mico del LVIII Sal\u00f3n Provincial de Artes Visuales en 2021.<\/p>\n\n\n\n<p><strong><em>Prensa<\/em><\/strong><\/p>\n\n\n\n<p><strong><em>Museo Provincial de Bellas Artes Dr. Pedro E. Mart\u00ednez<\/em><\/strong><\/p>\n\n\n\n<p><strong><em>Secretar\u00eda de Cultura &#8211; Gobierno de Entre R\u00edos<\/em><\/strong><\/p>\n","protected":false},"excerpt":{"rendered":"<p>El Museo Provincial de Bellas Artes Dr. Pedro E. Mart\u00ednez, dependiente de la Secretar\u00eda de Cultura de Entre R\u00edos, presenta &#8220;Barrial. Proyecto cer\u00e1mico y perform\u00e1tico en el territorio&#8221; de la reconocida artista Marisa N\u00fa\u00f1ez Caminos.&nbsp; La inauguraci\u00f3n ser\u00e1 el pr\u00f3ximo viernes 29 de julio a las 20 en la sala Auditorio del Museo, calle Buenos [&hellip;]<\/p>\n","protected":false},"author":5,"featured_media":6056,"comment_status":"open","ping_status":"open","sticky":false,"template":"","format":"standard","meta":{"_et_pb_use_builder":"off","_et_pb_old_content":"","_et_gb_content_width":"","footnotes":""},"categories":[28,9],"tags":[],"class_list":["post-6055","post","type-post","status-publish","format-standard","has-post-thumbnail","hentry","category-noticias","category-museo-bellas-artes"],"_links":{"self":[{"href":"https:\/\/www.entrerios.gov.ar\/cultura\/wp-json\/wp\/v2\/posts\/6055","targetHints":{"allow":["GET"]}}],"collection":[{"href":"https:\/\/www.entrerios.gov.ar\/cultura\/wp-json\/wp\/v2\/posts"}],"about":[{"href":"https:\/\/www.entrerios.gov.ar\/cultura\/wp-json\/wp\/v2\/types\/post"}],"author":[{"embeddable":true,"href":"https:\/\/www.entrerios.gov.ar\/cultura\/wp-json\/wp\/v2\/users\/5"}],"replies":[{"embeddable":true,"href":"https:\/\/www.entrerios.gov.ar\/cultura\/wp-json\/wp\/v2\/comments?post=6055"}],"version-history":[{"count":1,"href":"https:\/\/www.entrerios.gov.ar\/cultura\/wp-json\/wp\/v2\/posts\/6055\/revisions"}],"predecessor-version":[{"id":6057,"href":"https:\/\/www.entrerios.gov.ar\/cultura\/wp-json\/wp\/v2\/posts\/6055\/revisions\/6057"}],"wp:featuredmedia":[{"embeddable":true,"href":"https:\/\/www.entrerios.gov.ar\/cultura\/wp-json\/wp\/v2\/media\/6056"}],"wp:attachment":[{"href":"https:\/\/www.entrerios.gov.ar\/cultura\/wp-json\/wp\/v2\/media?parent=6055"}],"wp:term":[{"taxonomy":"category","embeddable":true,"href":"https:\/\/www.entrerios.gov.ar\/cultura\/wp-json\/wp\/v2\/categories?post=6055"},{"taxonomy":"post_tag","embeddable":true,"href":"https:\/\/www.entrerios.gov.ar\/cultura\/wp-json\/wp\/v2\/tags?post=6055"}],"curies":[{"name":"wp","href":"https:\/\/api.w.org\/{rel}","templated":true}]}}