{"id":6086,"date":"2022-07-25T16:08:27","date_gmt":"2022-07-25T16:08:27","guid":{"rendered":"https:\/\/www.entrerios.gov.ar\/cultura\/?p=6086"},"modified":"2022-07-25T16:08:28","modified_gmt":"2022-07-25T16:08:28","slug":"nueva-edicion-del-ciclo-territorio-de-bandas-en-la-casa-de-la-cultura-de-entre-rios","status":"publish","type":"post","link":"https:\/\/www.entrerios.gov.ar\/cultura\/nueva-edicion-del-ciclo-territorio-de-bandas-en-la-casa-de-la-cultura-de-entre-rios\/","title":{"rendered":"Nueva edici\u00f3n del Ciclo \u201cTerritorio de Bandas\u201d en la Casa de la Cultura de Entre R\u00edos"},"content":{"rendered":"\n<p>El s\u00e1bado 30 de julio a las 21hs y con entrada libre y gratuita, el ciclo \u201cTerritorio de Bandas, ida y vuelta musical y federal\u201d tendr\u00e1 una nueva edici\u00f3n en la Casa de la Cultura, organismo dependiente de la Secretar\u00eda de Cultura de Entre R\u00edos.<\/p>\n\n\n\n<p>En esta oportunidad compartir\u00e1n escenario \u201cEmi Cersofio y su conjunto\u201d, de la ciudad de Paran\u00e1, junto a \u201cLa Orquesta Invisible de Carlos Pulidori\u201d de la ciudad de la ciudad de Federaci\u00f3n.<\/p>\n\n\n\n<p>\u201cTerritorio de Bandas\u201d vincula a m\u00fasicas y m\u00fasicos de diversos puntos de la provincia, a partir de la realizaci\u00f3n de recitales gratuitos en Paran\u00e1 y en espacios culturales del territorio<\/p>\n\n\n\n<p>provincial. La iniciativa es organizada por el centro cultural provincial dependiente de la<\/p>\n\n\n\n<p>Secretar\u00eda de Cultura de la Provincia.<\/p>\n\n\n\n<p>El ciclo se lleva adelante con una frecuencia mensual, y tendr\u00e1 continuidad hasta el mes de<\/p>\n\n\n\n<p>diciembre del 2022, tomando como base el escenario de la Casa de la Cultura de Entre R\u00edos, para luego generar conciertos en espacios culturales de las diversas localidades, desde donde provienen las bandas.<\/p>\n\n\n\n<p>En este sentido, se presentan bandas entrerrianas independientes, para favorecer la<\/p>\n\n\n\n<p>construcci\u00f3n y el fortalecimiento de p\u00fablico en los lugares donde se realicen las actuaciones. El ciclo promueve el trabajo articulado con la comunidad art\u00edstica, a la vez que aporta al sostenimiento y fortalecimiento del sector cultural en general.<\/p>\n\n\n\n<p>La propuesta se enmarca dentro del proyecto \u201cLa Casa Viaja\u201d.<\/p>\n\n\n\n<p><strong>La Orquesta Invisible de Carlos Pulidori<\/strong><\/p>\n\n\n\n<p>Carlos Pulidori (Federaci\u00f3n, Entre R\u00edos 1981). Cantautor federaense que combina en su canci\u00f3n elementos propios del rock y pop con diferentes matices de mestizaje de la m\u00fasica negra latinoamericana (candombe, chacarera). Inici\u00f3 su proyecto solista en el a\u00f1o 2009.<\/p>\n\n\n\n<p>Ha editado tres \u00e1lbumes de estudio: Retratos editado en 2009 (Independiente); Mestizo editado en 2013 (independiente); Alma Sonora editado en 2016 (independiente); y Revoltoso 2018 (independiente) Los discos est\u00e1n grabados en octeto, lo que se intenta recrear en el vivo con la banda.<\/p>\n\n\n\n<p>Festivales Internacionales: Sonamos Latinoam\u00e9rica Cusco 2015; Fiesta de Gracia Barcelona 2016; Nit del Art 2016, (Soller Mallorca); Nit del Art 2018, Soller Mallorca Canci\u00f3n de R\u00edo, Paysand\u00fa 2018; Ciclo Casa Canci\u00f3n Paysand\u00fa 2019; y Serenadas 2020, La Paloma. La Orquesta invisible se conform\u00f3 en 2018 tocar las canciones de Carlos Pulidori, conformada por Gunter Engelman (bajo contrabajo), Alexis Cecco (percusi\u00f3n acorde\u00f3n y teclados), Adrian Centuri\u00f3n (bater\u00eda y percusi\u00f3n), Diego Borghesan (primera guitarra) y Carlos Pulidori (segunda guitarra y voz).<\/p>\n\n\n\n<figure class=\"wp-block-image size-large\"><img loading=\"lazy\" decoding=\"async\" width=\"1024\" height=\"683\" src=\"https:\/\/www.entrerios.gov.ar\/cultura\/wp-content\/uploads\/2022\/07\/IMG_2225-HDR-1024x683.jpg\" alt=\"\" class=\"wp-image-6088\" srcset=\"https:\/\/www.entrerios.gov.ar\/cultura\/wp-content\/uploads\/2022\/07\/IMG_2225-HDR-980x653.jpg 980w, https:\/\/www.entrerios.gov.ar\/cultura\/wp-content\/uploads\/2022\/07\/IMG_2225-HDR-480x320.jpg 480w\" sizes=\"auto, (min-width: 0px) and (max-width: 480px) 480px, (min-width: 481px) and (max-width: 980px) 980px, (min-width: 981px) 1024px, 100vw\" \/><figcaption>La Orquesta Invisible de Carlos Pulidori (Federaci\u00f3n)<\/figcaption><\/figure>\n\n\n\n<p><strong>Emi Cersofio y su conjunto<\/strong><\/p>\n\n\n\n<p>El tr\u00edo fusiona elementos del rock, hip-hop (RAP), pop, funk y jazz en arreglos de canciones de la cantautora paranaense Mar\u00eda Emilia Cersofio, quien ha bautizado al grupo como: \u201cEmi<\/p>\n\n\n\n<p>Cersofio y su conjunto\u201d, integrado por Bernardo Aguirre (guitarra el\u00e9ctrica y coros), Gonzalo<\/p>\n\n\n\n<p>D\u00edaz (bater\u00eda, accesorios y coros) y Emilia Cersofio (bajo y voz). El tr\u00edo present\u00f3 recientemente un disco llamado \u201cHAZ\u201d, disponible en plataformas digitales.<\/p>\n","protected":false},"excerpt":{"rendered":"<p>El s\u00e1bado 30 de julio a las 21hs y con entrada libre y gratuita, el ciclo \u201cTerritorio de Bandas, ida y vuelta musical y federal\u201d tendr\u00e1 una nueva edici\u00f3n en la Casa de la Cultura, organismo dependiente de la Secretar\u00eda de Cultura de Entre R\u00edos. En esta oportunidad compartir\u00e1n escenario \u201cEmi Cersofio y su conjunto\u201d, [&hellip;]<\/p>\n","protected":false},"author":5,"featured_media":6087,"comment_status":"open","ping_status":"open","sticky":false,"template":"","format":"standard","meta":{"_et_pb_use_builder":"off","_et_pb_old_content":"","_et_gb_content_width":"","footnotes":""},"categories":[1,28,19],"tags":[60],"class_list":["post-6086","post","type-post","status-publish","format-standard","has-post-thumbnail","hentry","category-destacado","category-noticias","category-casa-de-la-cultura-de-er","tag-musica"],"_links":{"self":[{"href":"https:\/\/www.entrerios.gov.ar\/cultura\/wp-json\/wp\/v2\/posts\/6086","targetHints":{"allow":["GET"]}}],"collection":[{"href":"https:\/\/www.entrerios.gov.ar\/cultura\/wp-json\/wp\/v2\/posts"}],"about":[{"href":"https:\/\/www.entrerios.gov.ar\/cultura\/wp-json\/wp\/v2\/types\/post"}],"author":[{"embeddable":true,"href":"https:\/\/www.entrerios.gov.ar\/cultura\/wp-json\/wp\/v2\/users\/5"}],"replies":[{"embeddable":true,"href":"https:\/\/www.entrerios.gov.ar\/cultura\/wp-json\/wp\/v2\/comments?post=6086"}],"version-history":[{"count":1,"href":"https:\/\/www.entrerios.gov.ar\/cultura\/wp-json\/wp\/v2\/posts\/6086\/revisions"}],"predecessor-version":[{"id":6089,"href":"https:\/\/www.entrerios.gov.ar\/cultura\/wp-json\/wp\/v2\/posts\/6086\/revisions\/6089"}],"wp:featuredmedia":[{"embeddable":true,"href":"https:\/\/www.entrerios.gov.ar\/cultura\/wp-json\/wp\/v2\/media\/6087"}],"wp:attachment":[{"href":"https:\/\/www.entrerios.gov.ar\/cultura\/wp-json\/wp\/v2\/media?parent=6086"}],"wp:term":[{"taxonomy":"category","embeddable":true,"href":"https:\/\/www.entrerios.gov.ar\/cultura\/wp-json\/wp\/v2\/categories?post=6086"},{"taxonomy":"post_tag","embeddable":true,"href":"https:\/\/www.entrerios.gov.ar\/cultura\/wp-json\/wp\/v2\/tags?post=6086"}],"curies":[{"name":"wp","href":"https:\/\/api.w.org\/{rel}","templated":true}]}}