{"id":6125,"date":"2022-07-26T14:13:59","date_gmt":"2022-07-26T14:13:59","guid":{"rendered":"https:\/\/www.entrerios.gov.ar\/cultura\/?p=6125"},"modified":"2022-07-26T14:14:01","modified_gmt":"2022-07-26T14:14:01","slug":"la-artista-marita-londra-vuelve-entre-rios-con-recitales-en-las-dos-costas","status":"publish","type":"post","link":"https:\/\/www.entrerios.gov.ar\/cultura\/la-artista-marita-londra-vuelve-entre-rios-con-recitales-en-las-dos-costas\/","title":{"rendered":"La artista Marita Londra vuelve Entre R\u00edos con recitales en las dos costas"},"content":{"rendered":"\n<p>Presentado por la Secretar\u00eda de Cultura de Entre R\u00edos, la cantautora entrerriana Marita Londra visitar\u00e1 la provincia para hacer dos presentaciones en vivo y con entrada gratis. En Paran\u00e1 junto a la santafesina Ana Su\u00f1\u00e9 y grupo presentan el concierto Orilla Mujer en La Vieja Usina. Y en La Hist\u00f3rica habr\u00e1 un conversatorio y concierto junto a la orquesta De Costa a Costa.<br><\/p>\n\n\n\n<p>El viernes 29 en la ciudad de Concepci\u00f3n del Uruguay, Londra se presentar\u00e1 junto a las y los m\u00fasicos de la Orquesta De Costa a Costa en el Auditorio Municipal Carlos Mar\u00eda Scelzi a las 21hs. Adem\u00e1s, en la tarde habr\u00e1 un conversatorio abierto al p\u00fablico y m\u00fasicos locales en la Escuela de M\u00fasica, que comenzar\u00e1 a las 18 hs. Las actividades ser\u00e1n gratuitas.<\/p>\n\n\n\n<p>Seguidamente, el s\u00e1bado 30 de julio a las 21hs en el centro cultural La Vieja Usina de Paran\u00e1 tendr\u00e1 lugar el recital Orilla Mujer que tiene como prop\u00f3sito disfrutar y ofrecer un repertorio en el horizonte musical com\u00fan de las orillas de las provincias vecinas. La actividad ser\u00e1 libre y gratuita; y el ingreso por orden de llegada.<\/p>\n\n\n\n<p>Londra estuvo en vivo en la provincia por \u00faltima vez en 2018, la autora, int\u00e9rprete y docente es una referente para las m\u00fasicas de la nueva generaci\u00f3n y desde hace m\u00e1s de 20 a\u00f1os que sus canciones son grabadas por destacados artistas populares de reconocimiento nacional.<\/p>\n\n\n\n<p>Marita Londra naci\u00f3 y creci\u00f3 en el campo entrerriano. Las labores, los olores, los colores y, sobre todo,&nbsp; los sonidos de esas cuchillas no le son ajenos. Tampoco las cadencias, los fervores ni los silencios de la canci\u00f3n argentina de ra\u00edz criolla. Comenz\u00f3 en la adolescencia a frecuentar escenarios con un repertorio que abarcaba el mapa musical argentino y acompa\u00f1\u00e1ndose con su guitarra. Incursion\u00f3 en la m\u00fasica de c\u00e1mara argentina interpretando Guastavino y Ginastera entre otros. Fue la voz solista en la cantata de Jose Luis Casti\u00f1eira de Dios, \u201cCanto al pueblo puntano\u201d. Particip\u00f3 de Encuentros nacionales y Congresos de Folklore organizados por la Secretar\u00eda de Cultura de la Naci\u00f3n. Tiene Tres discos editados: \u201cMarita Londra\u201d ( 2003) \u201cEl r\u00edo bajo el r\u00edo\u201d (2007)&nbsp; y \u201cLa enamorada de m\u00e1s\u201d&nbsp; ( 2013) donde interpreta a referentes de la canci\u00f3n popular argentina como tambi\u00e9n obras de su autor\u00eda. En el formato \u201csolista\u201d contin\u00faa hasta la fecha ofreciendo su canto en distintos escenarios.<\/p>\n\n\n\n<p>Ana Su\u00f1\u00e9 por su parte, lleva m\u00e1s de cuarenta a\u00f1os de trayectoria art\u00edstica. Se inici\u00f3 como cantante en coros y diversos grupos musicales de Santa Fe, su ciudad natal. Con los a\u00f1os fue perfil\u00e1ndose como autora de canciones. Sus obras son testimoniales, abordan tem\u00e1ticas de compromiso social. En el a\u00f1o 2018 ingres\u00f3 al Movimiento \u201cMujertrova\u201d que integra&nbsp; junto a m\u00e1s de 70 cantautoras argentinas y de latinoam\u00e9rica.&nbsp; Su voz, desde una perspectiva de g\u00e9nero, acerca al p\u00fablico un mensaje que insta a generar nuevos sentidos a historias tanto individuales como colectivas de&nbsp; nuestro tiempo.&nbsp;<\/p>\n\n\n\n<p>Ana Su\u00f1\u00e9 Grupo fue creado en el a\u00f1o 2002 en la ciudad de Santa Fe. Esta formaci\u00f3n amalgama en cada canci\u00f3n una\u00a0 poes\u00eda cuidada y testimonial junto a delicados y originales arreglos instrumentales y vocales donde conviven aires rioplatenses y del folclore latinoamericano junto a armon\u00edas y arreglos\u00a0 de\u00a0 jazz.<\/p>\n\n\n\n<figure class=\"wp-block-image size-large\"><img loading=\"lazy\" decoding=\"async\" width=\"1280\" height=\"853\" src=\"https:\/\/www.entrerios.gov.ar\/cultura\/wp-content\/uploads\/2022\/07\/2-1024x682.jpeg\" alt=\"\" class=\"wp-image-6127\" srcset=\"https:\/\/www.entrerios.gov.ar\/cultura\/wp-content\/uploads\/2022\/07\/2-1024x682.jpeg 1280w, https:\/\/www.entrerios.gov.ar\/cultura\/wp-content\/uploads\/2022\/07\/2-980x653.jpeg 980w, https:\/\/www.entrerios.gov.ar\/cultura\/wp-content\/uploads\/2022\/07\/2-480x320.jpeg 480w\" sizes=\"auto, (min-width: 0px) and (max-width: 480px) 480px, (min-width: 481px) and (max-width: 980px) 980px, (min-width: 981px) 1280px, 100vw\" \/><figcaption>Ana Su\u00f1\u00e9 Grupo<\/figcaption><\/figure>\n\n\n\n<p><\/p>\n\n\n\n<p>El repertorio est\u00e1 compuesto por canciones de Ana Su\u00f1\u00e9. La direcci\u00f3n musical y arreglos est\u00e1n\u00a0 a cargo de Francisco Torres, guitarrista del Grupo. Se suman Elina Goldsack en Flauta traversa, piano, coros. Luc\u00eda Ferrando: Coros. Viol\u00edn. Mariano Ferrando: bajo, coros. Hern\u00e1n Carnero: Bater\u00eda. La actual formaci\u00f3n lleva m\u00e1s de diez a\u00f1os de desarrollo art\u00edstico y quehacer musical, muchos escenarios transitados. Su \u00faltima producci\u00f3n discogr\u00e1fica ha sido el disco \u201cVientos de la calle\u201d y actualmente se encuentra con un disco nuevo en proceso de grabaci\u00f3n.<\/p>\n","protected":false},"excerpt":{"rendered":"<p>Presentado por la Secretar\u00eda de Cultura de Entre R\u00edos, la cantautora entrerriana Marita Londra visitar\u00e1 la provincia para hacer dos presentaciones en vivo y con entrada gratis. En Paran\u00e1 junto a la santafesina Ana Su\u00f1\u00e9 y grupo presentan el concierto Orilla Mujer en La Vieja Usina. Y en La Hist\u00f3rica habr\u00e1 un conversatorio y concierto [&hellip;]<\/p>\n","protected":false},"author":5,"featured_media":6126,"comment_status":"open","ping_status":"open","sticky":false,"template":"","format":"standard","meta":{"_et_pb_use_builder":"off","_et_pb_old_content":"","_et_gb_content_width":"","footnotes":""},"categories":[1,28,18],"tags":[60],"class_list":["post-6125","post","type-post","status-publish","format-standard","has-post-thumbnail","hentry","category-destacado","category-noticias","category-centro-cultural-la-vieja-usina","tag-musica"],"_links":{"self":[{"href":"https:\/\/www.entrerios.gov.ar\/cultura\/wp-json\/wp\/v2\/posts\/6125","targetHints":{"allow":["GET"]}}],"collection":[{"href":"https:\/\/www.entrerios.gov.ar\/cultura\/wp-json\/wp\/v2\/posts"}],"about":[{"href":"https:\/\/www.entrerios.gov.ar\/cultura\/wp-json\/wp\/v2\/types\/post"}],"author":[{"embeddable":true,"href":"https:\/\/www.entrerios.gov.ar\/cultura\/wp-json\/wp\/v2\/users\/5"}],"replies":[{"embeddable":true,"href":"https:\/\/www.entrerios.gov.ar\/cultura\/wp-json\/wp\/v2\/comments?post=6125"}],"version-history":[{"count":1,"href":"https:\/\/www.entrerios.gov.ar\/cultura\/wp-json\/wp\/v2\/posts\/6125\/revisions"}],"predecessor-version":[{"id":6128,"href":"https:\/\/www.entrerios.gov.ar\/cultura\/wp-json\/wp\/v2\/posts\/6125\/revisions\/6128"}],"wp:featuredmedia":[{"embeddable":true,"href":"https:\/\/www.entrerios.gov.ar\/cultura\/wp-json\/wp\/v2\/media\/6126"}],"wp:attachment":[{"href":"https:\/\/www.entrerios.gov.ar\/cultura\/wp-json\/wp\/v2\/media?parent=6125"}],"wp:term":[{"taxonomy":"category","embeddable":true,"href":"https:\/\/www.entrerios.gov.ar\/cultura\/wp-json\/wp\/v2\/categories?post=6125"},{"taxonomy":"post_tag","embeddable":true,"href":"https:\/\/www.entrerios.gov.ar\/cultura\/wp-json\/wp\/v2\/tags?post=6125"}],"curies":[{"name":"wp","href":"https:\/\/api.w.org\/{rel}","templated":true}]}}