{"id":6160,"date":"2022-07-31T14:00:00","date_gmt":"2022-07-31T14:00:00","guid":{"rendered":"https:\/\/www.entrerios.gov.ar\/cultura\/?p=6160"},"modified":"2022-07-29T13:10:00","modified_gmt":"2022-07-29T13:10:00","slug":"artesanas-y-artesanos-entrerrianos-fueron-destacados-en-encuentros-en-chaco-y-catamarca","status":"publish","type":"post","link":"https:\/\/www.entrerios.gov.ar\/cultura\/artesanas-y-artesanos-entrerrianos-fueron-destacados-en-encuentros-en-chaco-y-catamarca\/","title":{"rendered":"<strong>Artesanas y artesanos entrerrianos fueron destacados en encuentros en Chaco y Catamarca<\/strong>"},"content":{"rendered":"\n<p>Con notable \u00e9xito y gran convocatoria de p\u00fablico, culminaron este fin de semana dos de los eventos m\u00e1s importantes del pa\u00eds donde se convoca al artesanado nacional a exhibir y comercializar sus producciones, como son la Bienal Internacional de Escultores del Chaco y la tradicional Fiesta Nacional e Internacional del Poncho de Catamarca.<\/p>\n\n\n\n<p>En ambos eventos, artesanos y artesanas de la provincia fueron reconocidos por la alta calidad de su producci\u00f3n y su trayectoria.<\/p>\n\n\n\n<p><strong>Bienal del Chaco 2022<\/strong><\/p>\n\n\n\n<p>5to. Encuentro de Maestros Artesanos,&nbsp;<\/p>\n\n\n\n<p>7mo. Encuentro de Artesanos Originarios y Encuentro Nacional de Artesanos<\/p>\n\n\n\n<p>El jurado del Sal\u00f3n de Maestros Artesanos, integrado por el antrop\u00f3logo Pablo Bonaparte; la maestra artesana originaria Sara Ortega; y el director del Museo y Mercado Provincial de Artesan\u00edas de Entre R\u00edos, R\u00f3mulo Vidal, otorgaron el&nbsp; 1er. Premio Maestro Artesano a la destacada maestra artesana textil de Villaguay, Lula Trejo, \u201c\u2026por su refinada t\u00e9cnica y gusto la que se une a su conocimiento de la identidad hist\u00f3rica de nuestro pueblo.&nbsp; Artesana querida y respetada por sus pares, de los que conserva, adem\u00e1s, un extenso archivo de la evoluci\u00f3n de los dise\u00f1os y t\u00e9cnicas utilizados en todos los rubros lo que permite poder ampliar los horizontes de cualquier tipo de b\u00fasqueda\u201d.<\/p>\n\n\n\n<figure class=\"wp-block-image aligncenter size-large is-resized\"><img loading=\"lazy\" decoding=\"async\" src=\"https:\/\/www.entrerios.gov.ar\/cultura\/wp-content\/uploads\/2022\/07\/WhatsApp-Image-2022-07-29-at-08.55.25-1024x682.jpeg\" alt=\"\" class=\"wp-image-6219\" width=\"512\" height=\"341\"\/><figcaption>Lula Trejo recibe su premio<\/figcaption><\/figure>\n\n\n\n<p><\/p>\n\n\n\n<figure class=\"wp-block-image aligncenter is-resized\"><img loading=\"lazy\" decoding=\"async\" src=\"https:\/\/lh5.googleusercontent.com\/feyzMnzyk-Vpz0VS_m0bUt6NILjeVgL-gkbwuWZFoVuJUtK4k56NqwKnC66x6MFgljgbKIezJPKbQWIKeDZ0NEzgo3c0ahxNhAXJchbGf6uzDmuD71T29lxf8Z35Y1uM4qJhjHava_6g8ywK0P4k8dw\" alt=\"\" width=\"640\" height=\"479\"\/><figcaption>Jurado Bienal 2022<\/figcaption><\/figure>\n\n\n\n<p><\/p>\n\n\n\n<p>Tambi\u00e9n se otorg\u00f3 la Menci\u00f3n en la categor\u00eda Artesano Calificado, al orfebre de la ciudad de Col\u00f3n, Federico G\u00f3mez Pedreira, \u201c\u2026por la potencia de sus productos que hace que sean de los m\u00e1s buscados por el p\u00fablico experto que espera de los mismos, funcionalidad y terminaci\u00f3n\u201d.<\/p>\n\n\n\n<figure class=\"wp-block-image aligncenter is-resized\"><img loading=\"lazy\" decoding=\"async\" src=\"https:\/\/lh6.googleusercontent.com\/FBQrvOmcKufsjqD4GYAN4VsPeyi5h2WqIqVE1VVXLEdIk9lSX4CXiHylPGlYzcXav70HH_7nRzJ3iiyjqCTR0hO6AZKwLZROsZQFYSQK6Y9Tp9XzxwWjNfzrki8vqlap-OTcvY-pOgvhuNNjrZH3fpM\" alt=\"\" width=\"400\" height=\"299\"\/><figcaption>Federico G\u00f3mez Pedreira recibe su menci\u00f3n<\/figcaption><\/figure>\n\n\n\n<p><\/p>\n\n\n\n<p>El Jurado del Sal\u00f3n de pueblos originarios y del Encuentro Nacional de Artesanos, integrado por Jorge Bojanich; Rafael Ju\u00e1rez (responsable de Artesan\u00edas de Formosa); y la maestra artesana de Concordia Alejandra Franco, otorgaron el Premio al Mejor Stand Institucional a la Provincia de Entre R\u00edos a trav\u00e9s de su Museo y Mercado Provincial de Artesan\u00edas \u201cpor la alta calidad de las piezas presentadas, la diversidad de rubros y la representatividad de la identidad entrerriana mostrada en el Stand Institucional\u201d.<\/p>\n\n\n\n<p><strong>Fiesta Nacional e Internacional del Poncho Catamarca 2022<\/strong><\/p>\n\n\n\n<p>En la 51\u00b0 edici\u00f3n de la Fiesta Nacional Del Poncho, el jurado integrado por los reconocidos referentes nacionales de las artesan\u00edas, Mar\u00eda Florencia Ballato, Dora Isabel Esteves, Norma Jaime, Bety Taranto, Jorge Mari, Juan Diab y Mar\u00eda Mirtha Presas Echeverria, otorgaron las Menci\u00f3n Especial en el rubro Tejidos de Malla a la maestra artesana de Villaguay, Olga Wilvers; y la Menci\u00f3n Especial Institucional: T\u00e9cnica en Cultura Chan\u00e1,&nbsp; a la ceramista de Paran\u00e1, Adriana Lara Beltzer.<\/p>\n\n\n\n<p>Tambi\u00e9n recibi\u00f3 la Medalla De Honor A La Trayectoria -Poncho 2022, otorgada por la Direcci\u00f3n Pcial. De Artesan\u00edas de Catamarca, al maestro artesano entrerriano de la ciudad de Col\u00f3n, Luis Morard.<\/p>\n\n\n\n<p>Una vez m\u00e1s, el trabajo de las y los artesanos entrerrianos, llena de gran orgullo y vuelve a marcar la importancia de este sector en la construcci\u00f3n de la identidad cultural provincial.<\/p>\n\n\n\n<p>Desde el Gobierno de la Provincia, la Secretar\u00eda de Cultura de Entre R\u00edos y el Museo&nbsp; Mercado Provincial de Artesan\u00edas felicitamos a todas y todos los galardonados.<\/p>\n","protected":false},"excerpt":{"rendered":"<p>Con notable \u00e9xito y gran convocatoria de p\u00fablico, culminaron este fin de semana dos de los eventos m\u00e1s importantes del pa\u00eds donde se convoca al artesanado nacional a exhibir y comercializar sus producciones, como son la Bienal Internacional de Escultores del Chaco y la tradicional Fiesta Nacional e Internacional del Poncho de Catamarca. En ambos [&hellip;]<\/p>\n","protected":false},"author":5,"featured_media":6163,"comment_status":"open","ping_status":"open","sticky":false,"template":"","format":"standard","meta":{"_et_pb_use_builder":"off","_et_pb_old_content":"","_et_gb_content_width":"","footnotes":""},"categories":[1,28,16],"tags":[116],"class_list":["post-6160","post","type-post","status-publish","format-standard","has-post-thumbnail","hentry","category-destacado","category-noticias","category-museo-y-mercado-de-artesanias","tag-artesanias"],"_links":{"self":[{"href":"https:\/\/www.entrerios.gov.ar\/cultura\/wp-json\/wp\/v2\/posts\/6160","targetHints":{"allow":["GET"]}}],"collection":[{"href":"https:\/\/www.entrerios.gov.ar\/cultura\/wp-json\/wp\/v2\/posts"}],"about":[{"href":"https:\/\/www.entrerios.gov.ar\/cultura\/wp-json\/wp\/v2\/types\/post"}],"author":[{"embeddable":true,"href":"https:\/\/www.entrerios.gov.ar\/cultura\/wp-json\/wp\/v2\/users\/5"}],"replies":[{"embeddable":true,"href":"https:\/\/www.entrerios.gov.ar\/cultura\/wp-json\/wp\/v2\/comments?post=6160"}],"version-history":[{"count":3,"href":"https:\/\/www.entrerios.gov.ar\/cultura\/wp-json\/wp\/v2\/posts\/6160\/revisions"}],"predecessor-version":[{"id":6221,"href":"https:\/\/www.entrerios.gov.ar\/cultura\/wp-json\/wp\/v2\/posts\/6160\/revisions\/6221"}],"wp:featuredmedia":[{"embeddable":true,"href":"https:\/\/www.entrerios.gov.ar\/cultura\/wp-json\/wp\/v2\/media\/6163"}],"wp:attachment":[{"href":"https:\/\/www.entrerios.gov.ar\/cultura\/wp-json\/wp\/v2\/media?parent=6160"}],"wp:term":[{"taxonomy":"category","embeddable":true,"href":"https:\/\/www.entrerios.gov.ar\/cultura\/wp-json\/wp\/v2\/categories?post=6160"},{"taxonomy":"post_tag","embeddable":true,"href":"https:\/\/www.entrerios.gov.ar\/cultura\/wp-json\/wp\/v2\/tags?post=6160"}],"curies":[{"name":"wp","href":"https:\/\/api.w.org\/{rel}","templated":true}]}}