{"id":6232,"date":"2022-08-01T08:30:00","date_gmt":"2022-08-01T08:30:00","guid":{"rendered":"https:\/\/www.entrerios.gov.ar\/cultura\/?p=6232"},"modified":"2022-09-26T23:19:40","modified_gmt":"2022-09-26T23:19:40","slug":"se-abre-la-convocatoria-para-el-lix-salon-provincial-de-artes-visuales-de-entre-rios-2022","status":"publish","type":"post","link":"https:\/\/www.entrerios.gov.ar\/cultura\/se-abre-la-convocatoria-para-el-lix-salon-provincial-de-artes-visuales-de-entre-rios-2022\/","title":{"rendered":"Se abre la convocatoria para el LIX Sal\u00f3n Provincial de Artes Visuales de Entre R\u00edos 2022"},"content":{"rendered":"\n<p>La Secretar\u00eda de Cultura del Gobierno de Entre R\u00edos, a trav\u00e9s del Museo Provincial de Bellas Artes \u201cDr. Pedro E. Mart\u00ednez\u201d, convoca a la comunidad de artistas de la provincia a participar del LIX Sal\u00f3n Provincial de Artes Visuales de Entre R\u00edos 2022. Para esta nueva edici\u00f3n, el gobierno provincial ha dispuesto una inversi\u00f3n de 882.000 pesos destinada a ser distribuida entre los premios adquisici\u00f3n.&nbsp;<\/p>\n\n\n\n<p>La presentaci\u00f3n de postulaciones se podr\u00e1 realizar on line a partir del 8 de agosto hasta el 11 de septiembre inclusive.<\/p>\n\n\n\n<p>Esta convocatoria anual constituye una de las herramientas de pol\u00edticas culturales p\u00fablicas m\u00e1s significativas con las que el Gobierno de Entre R\u00edos busca premiar, reconocer y estimular la producci\u00f3n de las y los artistas visuales de la provincia.<\/p>\n\n\n\n<p>A partir de esta nueva edici\u00f3n, desde el Museo Provincial de Bellas Artes organizador del certamen, se ha dispuesto que la postulaci\u00f3n de obras se realice completando un formulario on line a fin de facilitar la amplia participaci\u00f3n federal desde todo el territorio provincial.&nbsp;<\/p>\n\n\n\n<p>Se podr\u00e1n postular trabajos en seis disciplinas: Arte Cer\u00e1mico, Arte Textil, Dibujo, Escultura, Grabado y Pintura.<\/p>\n\n\n\n<p>Tanto el Reglamento como el formulario de inscripci\u00f3n est\u00e1n disponibles en los siguientes enlaces <\/p>\n\n\n\n<p>Formulario: <a href=\"https:\/\/forms.gle\/sBhgvxradhFuDGyJ7\" target=\"_blank\" rel=\"noreferrer noopener\">https:\/\/forms.gle\/sBhgvxradhFuDGyJ7<\/a><\/p>\n\n\n\n<p>Reglamento: <a href=\"https:\/\/drive.google.com\/file\/d\/10qgIrhvk7hiF6v7XFi0YAmq_xbTSlTiM\/view?usp=sharing\" target=\"_blank\" rel=\"noreferrer noopener\">https:\/\/drive.google.com\/file\/d\/10qgIrhvk7hiF6v7XFi0YAmq_xbTSlTiM\/view?usp=sharing<\/a><\/p>\n\n\n\n<p><strong>Calendario<\/strong><\/p>\n\n\n\n<p>&#8211; Recepci\u00f3n de postulaciones: Desde las 0 hs. del lunes 8 de agosto hasta las 24 hs del domingo 11 de septiembre de 2022.<\/p>\n\n\n\n<p>&#8211; Actuaci\u00f3n del Jurado de Selecci\u00f3n: viernes 23 de septiembre de 2022.<\/p>\n\n\n\n<p>&#8211; Comunicaci\u00f3n de los resultados de la instancia de Selecci\u00f3n: martes 27 de septiembre de 2022.<\/p>\n\n\n\n<p>&#8211; Recepci\u00f3n de obras seleccionadas: Desde el martes 4 al viernes 28 de octubre de 2022 inclusive. (Exclusivamente en los d\u00edas y horarios dispuestos por Reglamento)<\/p>\n\n\n\n<p>&#8211; Actuaci\u00f3n del Jurado de Premiaci\u00f3n: viernes 4 de noviembre de 2022.<\/p>\n\n\n\n<p>&#8211; Comunicaci\u00f3n de los resultados de la instancia de Premiaci\u00f3n:&nbsp; martes 8 de noviembre de 2022<\/p>\n\n\n\n<p>&#8211; Inauguraci\u00f3n del Sal\u00f3n y entrega de distinciones: viernes 2 de diciembre de 2022.<\/p>\n\n\n\n<p><strong><em>Prensa Museo Provincial de Bellas Artes Dr. Pedro E. Mart\u00ednez<\/em><\/strong><\/p>\n\n\n\n<p><a href=\"mailto:gestionbellasartes@gmail.com\" target=\"_blank\" rel=\"noreferrer noopener\"><strong><em>gestionbellasartes@gmail.com<\/em><\/strong><\/a><\/p>\n\n\n\n<p><strong><em>Secretar\u00eda de Cultura &#8211; Gobierno de Entre R\u00edos<\/em><\/strong><\/p>\n","protected":false},"excerpt":{"rendered":"<p>La Secretar\u00eda de Cultura del Gobierno de Entre R\u00edos, a trav\u00e9s del Museo Provincial de Bellas Artes \u201cDr. Pedro E. Mart\u00ednez\u201d, convoca a la comunidad de artistas de la provincia a participar del LIX Sal\u00f3n Provincial de Artes Visuales de Entre R\u00edos 2022. Para esta nueva edici\u00f3n, el gobierno provincial ha dispuesto una inversi\u00f3n de [&hellip;]<\/p>\n","protected":false},"author":5,"featured_media":6233,"comment_status":"open","ping_status":"open","sticky":false,"template":"","format":"standard","meta":{"_et_pb_use_builder":"off","_et_pb_old_content":"","_et_gb_content_width":"","footnotes":""},"categories":[1,28,58,9],"tags":[],"class_list":["post-6232","post","type-post","status-publish","format-standard","has-post-thumbnail","hentry","category-destacado","category-noticias","category-concursos-cerrados","category-museo-bellas-artes"],"_links":{"self":[{"href":"https:\/\/www.entrerios.gov.ar\/cultura\/wp-json\/wp\/v2\/posts\/6232","targetHints":{"allow":["GET"]}}],"collection":[{"href":"https:\/\/www.entrerios.gov.ar\/cultura\/wp-json\/wp\/v2\/posts"}],"about":[{"href":"https:\/\/www.entrerios.gov.ar\/cultura\/wp-json\/wp\/v2\/types\/post"}],"author":[{"embeddable":true,"href":"https:\/\/www.entrerios.gov.ar\/cultura\/wp-json\/wp\/v2\/users\/5"}],"replies":[{"embeddable":true,"href":"https:\/\/www.entrerios.gov.ar\/cultura\/wp-json\/wp\/v2\/comments?post=6232"}],"version-history":[{"count":1,"href":"https:\/\/www.entrerios.gov.ar\/cultura\/wp-json\/wp\/v2\/posts\/6232\/revisions"}],"predecessor-version":[{"id":6234,"href":"https:\/\/www.entrerios.gov.ar\/cultura\/wp-json\/wp\/v2\/posts\/6232\/revisions\/6234"}],"wp:featuredmedia":[{"embeddable":true,"href":"https:\/\/www.entrerios.gov.ar\/cultura\/wp-json\/wp\/v2\/media\/6233"}],"wp:attachment":[{"href":"https:\/\/www.entrerios.gov.ar\/cultura\/wp-json\/wp\/v2\/media?parent=6232"}],"wp:term":[{"taxonomy":"category","embeddable":true,"href":"https:\/\/www.entrerios.gov.ar\/cultura\/wp-json\/wp\/v2\/categories?post=6232"},{"taxonomy":"post_tag","embeddable":true,"href":"https:\/\/www.entrerios.gov.ar\/cultura\/wp-json\/wp\/v2\/tags?post=6232"}],"curies":[{"name":"wp","href":"https:\/\/api.w.org\/{rel}","templated":true}]}}