{"id":6269,"date":"2022-08-04T08:30:00","date_gmt":"2022-08-04T08:30:00","guid":{"rendered":"https:\/\/www.entrerios.gov.ar\/cultura\/?p=6269"},"modified":"2022-08-03T13:18:44","modified_gmt":"2022-08-03T13:18:44","slug":"la-obra-teatral-el-agua-dice-se-presentara-este-domingo-en-la-vieja-usina-con-entrada-gratuita","status":"publish","type":"post","link":"https:\/\/www.entrerios.gov.ar\/cultura\/la-obra-teatral-el-agua-dice-se-presentara-este-domingo-en-la-vieja-usina-con-entrada-gratuita\/","title":{"rendered":"La obra teatral &#8220;El agua dice&#8221; se presentar\u00e1 este domingo en La Vieja Usina con entrada gratuita"},"content":{"rendered":"\n<p>En el marco del Ciclo Domingos de Teatro, se presentar\u00e1 la obra &#8220;El agua dice&#8221; del Grupo Eppur si muove. La actividad es impulsada por la Secretar\u00eda de Cultura de Entre R\u00edos.<\/p>\n\n\n\n<p>\u201cEl agua dice\u201d se presentar\u00e1 este domingo 7 de agosto a las 20 hs en La Vieja Usina con entrada gratuita. El ingreso a la sala se realizar\u00e1 por orden de llegada, y la funci\u00f3n comenzar\u00e1 puntual.<\/p>\n\n\n\n<p>La obra presenta a dos personajes en una playa, un soldado de Malvinas y un obrero desaparecido en la oscura \u00e9poca de la dictadura militar. Un mismo tiempo y un mismo horror. En medio de ellos el agua. El agua que empuja a la memoria, que no calla cuando todo es silencio y miedo. La trama indaga en el peso del olvido.<\/p>\n\n\n\n<p>&#8220;Esta obra se focaliza en la importancia de compartir la palabra. Contar estas historias no es tan f\u00e1cil, por eso genera un compromiso siempre lindo de asumir&#8221;, cont\u00f3 Lino L\u00f3pez entrevistado por Radio Nacional Gualeguaych\u00fa en marzo de este a\u00f1o.<\/p>\n\n\n\n<p>&#8220;El agua dice&#8221; cuenta con la actuaci\u00f3n de N\u00e9stor Gilberto y Joel Rocha, y la direcci\u00f3n y puesta en escena de Lino L\u00f3pez. La dramaturgia pertenece a Claudia Vastos, y el haiku a Mart\u00edn Raninqueo. La iluminaci\u00f3n corresponde a Julio Ben\u00edtez.<\/p>\n\n\n\n<p>La obra fue estrenada en febrero de 2022 en la Sala Sinergia de Gualeguaych\u00fa, y ha realizado funciones en gira por localidades entrerrianas.<\/p>\n\n\n\n<p>Eppur si muove, grupo de teatro independiente de Gualeguaych\u00fa formado en 2001, posee una extensa trayectoria con un sin fin de producciones en su haber, entre las que se pueden mencionar &#8220;Orbe&#8221;, &#8220;C\u00edclico&#8221; &#8220;Dionisia la menora&#8221;, &#8220;Don de ratas&#8221;, &#8220;El sordo&#8221; &#8220;Oiga chamigo aguar\u00e1&#8221;, &#8220;Amleto&#8221;, &#8220;L\u00e1baro&#8221; y &#8220;Las Visitas&#8221;.<\/p>\n\n\n\n<p>&#8212;<\/p>\n\n\n\n<p><strong><em>Prensa y difusi\u00f3n&nbsp;<\/em><\/strong><\/p>\n\n\n\n<p><strong><em>Centro Cultural y de Convenciones La Vieja Usina<\/em><\/strong><\/p>\n\n\n\n<p><strong><em>Gregoria Matorras 861- Paran\u00e1 &#8211; Entre R\u00edos.<\/em><\/strong><\/p>\n\n\n\n<p><strong><em>Tel\u00e9fonos: 0343 4211074&nbsp;<\/em><\/strong><\/p>\n\n\n\n<p><strong><em>Facebook La Vieja Usina<\/em><\/strong><\/p>\n\n\n\n<p><strong><em>Instagram @la_vieja_usina_parana<\/em><\/strong><\/p>\n","protected":false},"excerpt":{"rendered":"<p>En el marco del Ciclo Domingos de Teatro, se presentar\u00e1 la obra &#8220;El agua dice&#8221; del Grupo Eppur si muove. La actividad es impulsada por la Secretar\u00eda de Cultura de Entre R\u00edos. \u201cEl agua dice\u201d se presentar\u00e1 este domingo 7 de agosto a las 20 hs en La Vieja Usina con entrada gratuita. El ingreso [&hellip;]<\/p>\n","protected":false},"author":5,"featured_media":6270,"comment_status":"open","ping_status":"open","sticky":false,"template":"","format":"standard","meta":{"_et_pb_use_builder":"off","_et_pb_old_content":"","_et_gb_content_width":"","footnotes":""},"categories":[1,28,18],"tags":[115],"class_list":["post-6269","post","type-post","status-publish","format-standard","has-post-thumbnail","hentry","category-destacado","category-noticias","category-centro-cultural-la-vieja-usina","tag-teatro"],"_links":{"self":[{"href":"https:\/\/www.entrerios.gov.ar\/cultura\/wp-json\/wp\/v2\/posts\/6269","targetHints":{"allow":["GET"]}}],"collection":[{"href":"https:\/\/www.entrerios.gov.ar\/cultura\/wp-json\/wp\/v2\/posts"}],"about":[{"href":"https:\/\/www.entrerios.gov.ar\/cultura\/wp-json\/wp\/v2\/types\/post"}],"author":[{"embeddable":true,"href":"https:\/\/www.entrerios.gov.ar\/cultura\/wp-json\/wp\/v2\/users\/5"}],"replies":[{"embeddable":true,"href":"https:\/\/www.entrerios.gov.ar\/cultura\/wp-json\/wp\/v2\/comments?post=6269"}],"version-history":[{"count":1,"href":"https:\/\/www.entrerios.gov.ar\/cultura\/wp-json\/wp\/v2\/posts\/6269\/revisions"}],"predecessor-version":[{"id":6271,"href":"https:\/\/www.entrerios.gov.ar\/cultura\/wp-json\/wp\/v2\/posts\/6269\/revisions\/6271"}],"wp:featuredmedia":[{"embeddable":true,"href":"https:\/\/www.entrerios.gov.ar\/cultura\/wp-json\/wp\/v2\/media\/6270"}],"wp:attachment":[{"href":"https:\/\/www.entrerios.gov.ar\/cultura\/wp-json\/wp\/v2\/media?parent=6269"}],"wp:term":[{"taxonomy":"category","embeddable":true,"href":"https:\/\/www.entrerios.gov.ar\/cultura\/wp-json\/wp\/v2\/categories?post=6269"},{"taxonomy":"post_tag","embeddable":true,"href":"https:\/\/www.entrerios.gov.ar\/cultura\/wp-json\/wp\/v2\/tags?post=6269"}],"curies":[{"name":"wp","href":"https:\/\/api.w.org\/{rel}","templated":true}]}}