{"id":6333,"date":"2022-08-11T07:30:00","date_gmt":"2022-08-11T07:30:00","guid":{"rendered":"https:\/\/www.entrerios.gov.ar\/cultura\/?p=6333"},"modified":"2022-08-10T22:50:11","modified_gmt":"2022-08-10T22:50:11","slug":"desde-concepcion-del-uruguay-llega-flor-de-azucar-a-domingos-de-teatro","status":"publish","type":"post","link":"https:\/\/www.entrerios.gov.ar\/cultura\/desde-concepcion-del-uruguay-llega-flor-de-azucar-a-domingos-de-teatro\/","title":{"rendered":"<strong>Desde Concepci\u00f3n del Uruguay, llega \u201cFlor de az\u00facar\u201d a Domingos de Teatro<\/strong>"},"content":{"rendered":"\n<p>El domingo 14 de agosto, a las 20 hs., el grupo Desde Cero presenta \u201cFlor de az\u00facar\u201d de Patricia Su\u00e1rez, en el marco del Ciclo Domingos de Teatro en La Vieja Usina. La entrada es gratuita, con ingreso por orden de llegada.<\/p>\n\n\n\n<p>La puesta cuenta con la direcci\u00f3n de Patricia Miotto, y la actuaci\u00f3n de Valeria Blanco. La fotograf\u00eda corresponde a Diego Hern\u00e1n Parra. La obra teatral ha recibido el reconocimiento a la Mejor Puesta en Escena y Mejor Actriz en el 34\u00b0 Encuentro Provincial de Teatro de Entre R\u00edos (2016).<\/p>\n\n\n\n<p>El Ciclo Domingos de Teatro es una iniciativa de car\u00e1cter libre y gratuito que ya cuenta con numerosas funciones y la importante participaci\u00f3n de elencos de la provincia y la regi\u00f3n. La iniciativa es impulsada por la Secretar\u00eda de Cultura de Entre R\u00edos, a trav\u00e9s del centro cultural y de convenciones La Vieja Usina ubicado en la capital entrerriana.<\/p>\n\n\n\n<p><strong>Sobre la obra<\/strong><\/p>\n\n\n\n<p>Un momento decisivo en la vida de una mujer: su historia, el amor, la pasi\u00f3n, la ira y la locura \u2026 ante el regreso de un hombre que determin\u00f3 su existencia.<\/p>\n\n\n\n<p>La obra es una oportunidad para pensar y re-pensar la naturaleza de las relaciones, los mandatos familiares y sociales en la vida de las mujeres y cu\u00e1l puede ser el costo de cumplir con ellos y sostenerlos.<\/p>\n\n\n\n<p><strong><em>Prensa y difusi\u00f3n&nbsp;<\/em><\/strong><\/p>\n\n\n\n<p><strong><em>Centro Cultural y de Convenciones La Vieja Usina<\/em><\/strong><\/p>\n\n\n\n<p><em>Gregoria Matorras 861- Paran\u00e1 &#8211; Entre R\u00edos.<\/em><\/p>\n\n\n\n<p><em>Tel\u00e9fonos: 0343 4211074 \/ 4223458<\/em><\/p>\n\n\n\n<p><a href=\"https:\/\/www.facebook.com\/CentroCulturalLaViejaUsina\/inbox\/\" target=\"_blank\" rel=\"noreferrer noopener\"><em>Facebook La Vieja Usina<\/em><\/a><\/p>\n\n\n\n<p><a href=\"https:\/\/www.instagram.com\/laviejausina\/\" target=\"_blank\" rel=\"noreferrer noopener\"><em>Instagram @vieja_usina<\/em><\/a><\/p>\n","protected":false},"excerpt":{"rendered":"<p>El domingo 14 de agosto, a las 20 hs., el grupo Desde Cero presenta \u201cFlor de az\u00facar\u201d de Patricia Su\u00e1rez, en el marco del Ciclo Domingos de Teatro en La Vieja Usina. La entrada es gratuita, con ingreso por orden de llegada. La puesta cuenta con la direcci\u00f3n de Patricia Miotto, y la actuaci\u00f3n de [&hellip;]<\/p>\n","protected":false},"author":5,"featured_media":6334,"comment_status":"open","ping_status":"open","sticky":false,"template":"","format":"standard","meta":{"_et_pb_use_builder":"off","_et_pb_old_content":"","_et_gb_content_width":"","footnotes":""},"categories":[1,28,18],"tags":[115],"class_list":["post-6333","post","type-post","status-publish","format-standard","has-post-thumbnail","hentry","category-destacado","category-noticias","category-centro-cultural-la-vieja-usina","tag-teatro"],"_links":{"self":[{"href":"https:\/\/www.entrerios.gov.ar\/cultura\/wp-json\/wp\/v2\/posts\/6333","targetHints":{"allow":["GET"]}}],"collection":[{"href":"https:\/\/www.entrerios.gov.ar\/cultura\/wp-json\/wp\/v2\/posts"}],"about":[{"href":"https:\/\/www.entrerios.gov.ar\/cultura\/wp-json\/wp\/v2\/types\/post"}],"author":[{"embeddable":true,"href":"https:\/\/www.entrerios.gov.ar\/cultura\/wp-json\/wp\/v2\/users\/5"}],"replies":[{"embeddable":true,"href":"https:\/\/www.entrerios.gov.ar\/cultura\/wp-json\/wp\/v2\/comments?post=6333"}],"version-history":[{"count":1,"href":"https:\/\/www.entrerios.gov.ar\/cultura\/wp-json\/wp\/v2\/posts\/6333\/revisions"}],"predecessor-version":[{"id":6335,"href":"https:\/\/www.entrerios.gov.ar\/cultura\/wp-json\/wp\/v2\/posts\/6333\/revisions\/6335"}],"wp:featuredmedia":[{"embeddable":true,"href":"https:\/\/www.entrerios.gov.ar\/cultura\/wp-json\/wp\/v2\/media\/6334"}],"wp:attachment":[{"href":"https:\/\/www.entrerios.gov.ar\/cultura\/wp-json\/wp\/v2\/media?parent=6333"}],"wp:term":[{"taxonomy":"category","embeddable":true,"href":"https:\/\/www.entrerios.gov.ar\/cultura\/wp-json\/wp\/v2\/categories?post=6333"},{"taxonomy":"post_tag","embeddable":true,"href":"https:\/\/www.entrerios.gov.ar\/cultura\/wp-json\/wp\/v2\/tags?post=6333"}],"curies":[{"name":"wp","href":"https:\/\/api.w.org\/{rel}","templated":true}]}}