{"id":6408,"date":"2022-08-17T17:51:19","date_gmt":"2022-08-17T17:51:19","guid":{"rendered":"https:\/\/www.entrerios.gov.ar\/cultura\/?p=6408"},"modified":"2022-08-17T17:51:21","modified_gmt":"2022-08-17T17:51:21","slug":"los-artigas-una-obra-con-tematica-historica-en-domingos-de-teatro","status":"publish","type":"post","link":"https:\/\/www.entrerios.gov.ar\/cultura\/los-artigas-una-obra-con-tematica-historica-en-domingos-de-teatro\/","title":{"rendered":"<strong>\u201cLos Artigas\u201d, una obra con tem\u00e1tica hist\u00f3rica en Domingos de Teatro<\/strong>"},"content":{"rendered":"\n<p>Este domingo 21 de agosto, a las 20 hs., se presentar\u00e1 la obra &#8220;Los Artigas&#8221; del grupo Arial 14, con entrada gratuita. El ciclo Domingos de Teatro es impulsado por la Secretar\u00eda de Cultura de Entre R\u00edos, a trav\u00e9s del centro cultural y de convenciones La Vieja Usina, ubicado en la capital entrerriana.<\/p>\n\n\n\n<p>La obra propone reflexionar acerca de la relaci\u00f3n de un hijo con su padre. En la linealidad del relato, es el hijo, quien en tierra Oriental, decide abordar el camino que lo conduzca a su padre, exiliado en el Paraguay, con el que se encuentra finalmente.<\/p>\n\n\n\n<p>Los protagonistas no se mezquinan ni se evaden, hay reproches y explicaciones en un encuentro lleno de verdades; y en el que afloran los deseos de ambos.<\/p>\n\n\n\n<p>El trazado es hist\u00f3rico, ya que se referencia en la vida del Caudillo de la Banda Oriental, Don Jos\u00e9 Gervasio Artigas, part\u00edcipe emblem\u00e1tico en la construcci\u00f3n del sue\u00f1o de La Patria Grande, y de su hijo, Jos\u00e9 Mar\u00eda.<\/p>\n\n\n\n<p>Los Artigas, adaptaci\u00f3n a teatro del Grupo Arial 14, de la novela de Francisco Senegaglia, cuenta con el cuidado necesario de no defraudar en su propuesta la profundidad con que el autor aborda al hombre pol\u00edtico, al caudillo y l\u00edder de un pensamiento emancipador, a\u00fan vigente, por cierto, cuyo protagonismo tuvo lugar en las dos primeras d\u00e9cadas del siglo XIX.<\/p>\n\n\n\n<p>El ingreso a la sala se realizar\u00e1 por orden de llegada, y la funci\u00f3n comenzar\u00e1 puntual.<\/p>\n\n\n\n<p><strong>Ficha t\u00e9cnica<\/strong><\/p>\n\n\n\n<p>Grupo Arial 14, \u201cTeatro del Destierro\u201d, presenta:<\/p>\n\n\n\n<p>\u201cLos Artigas\u201d, de Francisco Senegaglia.<\/p>\n\n\n\n<p>Adaptaci\u00f3n teatral: Augusto Carballal.<\/p>\n\n\n\n<p>Actuaci\u00f3n: Zelmar Aulet.<\/p>\n\n\n\n<p>Elementos Escenogr\u00e1ficos: Fabricio Gab\u00e1s.<\/p>\n\n\n\n<p>Ambientaci\u00f3n Sonora: Diego Fern\u00e1ndez.<\/p>\n\n\n\n<p>Fotograf\u00eda: Nicol\u00e1s Rigaudi.<\/p>\n\n\n\n<p>Dise\u00f1o-Gr\u00e1fica: Luc\u00eda Fernandez.<\/p>\n\n\n\n<p>Direcci\u00f3n: Augusto Carballal.<\/p>\n\n\n\n<p><strong><em>&#8212;<\/em><\/strong><\/p>\n\n\n\n<p><strong><em>Prensa y difusi\u00f3n&nbsp;<\/em><\/strong><\/p>\n\n\n\n<p><strong><em>Centro Cultural y de Convenciones La Vieja Usina<\/em><\/strong><\/p>\n\n\n\n<p><strong><em>Gregoria Matorras 861- Paran\u00e1 &#8211; Entre R\u00edos.<\/em><\/strong><\/p>\n\n\n\n<p><strong><em>Tel\u00e9fonos: 0343 4211074&nbsp;<\/em><\/strong><\/p>\n","protected":false},"excerpt":{"rendered":"<p>Este domingo 21 de agosto, a las 20 hs., se presentar\u00e1 la obra &#8220;Los Artigas&#8221; del grupo Arial 14, con entrada gratuita. El ciclo Domingos de Teatro es impulsado por la Secretar\u00eda de Cultura de Entre R\u00edos, a trav\u00e9s del centro cultural y de convenciones La Vieja Usina, ubicado en la capital entrerriana. La obra [&hellip;]<\/p>\n","protected":false},"author":5,"featured_media":6409,"comment_status":"open","ping_status":"open","sticky":false,"template":"","format":"standard","meta":{"_et_pb_use_builder":"off","_et_pb_old_content":"","_et_gb_content_width":"","footnotes":""},"categories":[1,28,18],"tags":[115],"class_list":["post-6408","post","type-post","status-publish","format-standard","has-post-thumbnail","hentry","category-destacado","category-noticias","category-centro-cultural-la-vieja-usina","tag-teatro"],"_links":{"self":[{"href":"https:\/\/www.entrerios.gov.ar\/cultura\/wp-json\/wp\/v2\/posts\/6408","targetHints":{"allow":["GET"]}}],"collection":[{"href":"https:\/\/www.entrerios.gov.ar\/cultura\/wp-json\/wp\/v2\/posts"}],"about":[{"href":"https:\/\/www.entrerios.gov.ar\/cultura\/wp-json\/wp\/v2\/types\/post"}],"author":[{"embeddable":true,"href":"https:\/\/www.entrerios.gov.ar\/cultura\/wp-json\/wp\/v2\/users\/5"}],"replies":[{"embeddable":true,"href":"https:\/\/www.entrerios.gov.ar\/cultura\/wp-json\/wp\/v2\/comments?post=6408"}],"version-history":[{"count":1,"href":"https:\/\/www.entrerios.gov.ar\/cultura\/wp-json\/wp\/v2\/posts\/6408\/revisions"}],"predecessor-version":[{"id":6410,"href":"https:\/\/www.entrerios.gov.ar\/cultura\/wp-json\/wp\/v2\/posts\/6408\/revisions\/6410"}],"wp:featuredmedia":[{"embeddable":true,"href":"https:\/\/www.entrerios.gov.ar\/cultura\/wp-json\/wp\/v2\/media\/6409"}],"wp:attachment":[{"href":"https:\/\/www.entrerios.gov.ar\/cultura\/wp-json\/wp\/v2\/media?parent=6408"}],"wp:term":[{"taxonomy":"category","embeddable":true,"href":"https:\/\/www.entrerios.gov.ar\/cultura\/wp-json\/wp\/v2\/categories?post=6408"},{"taxonomy":"post_tag","embeddable":true,"href":"https:\/\/www.entrerios.gov.ar\/cultura\/wp-json\/wp\/v2\/tags?post=6408"}],"curies":[{"name":"wp","href":"https:\/\/api.w.org\/{rel}","templated":true}]}}