{"id":6417,"date":"2022-08-19T08:30:00","date_gmt":"2022-08-19T08:30:00","guid":{"rendered":"https:\/\/www.entrerios.gov.ar\/cultura\/?p=6417"},"modified":"2022-08-21T12:54:10","modified_gmt":"2022-08-21T12:54:10","slug":"el-museo-serrano-cerrara-temporalmente-por-desinfeccion-y-desinsectacion-de-sus-colecciones","status":"publish","type":"post","link":"https:\/\/www.entrerios.gov.ar\/cultura\/el-museo-serrano-cerrara-temporalmente-por-desinfeccion-y-desinsectacion-de-sus-colecciones\/","title":{"rendered":"<strong>El Museo Serrano cerrar\u00e1 temporalmente por desinfecci\u00f3n y desinsectaci\u00f3n de sus colecciones<\/strong>"},"content":{"rendered":"\n<p>El Museo de Ciencias Naturales y Antropol\u00f3gicas Prof. Antonio Serrano, organismo dependiente de la Secretar\u00eda de Cultura, informa que desde el d\u00eda s\u00e1bado 20 de agosto hasta el lunes 29 inclusive, sus instalaciones permanecer\u00e1n cerradas al p\u00fablico debido a la realizaci\u00f3n de tareas de desinfecci\u00f3n y desinsectaci\u00f3n de sus colecciones biol\u00f3gicas y antropol\u00f3gicas.<\/p>\n\n\n\n<p>Conforme a su misi\u00f3n, el Museo Provincial Antonio Serrano lleva adelante diferentes tareas vinculadas al resguardo, investigaci\u00f3n y comunicaci\u00f3n del patrimonio, y por tanto tiene la responsabilidad de garantizar su correcta preservaci\u00f3n para transmitirlo a las generaciones futuras.<\/p>\n\n\n\n<p>En este sentido, es muy importante garantizar&nbsp; una adecuada conservaci\u00f3n preventiva, ya que se trata de una intervenci\u00f3n continua e integral sobre todas las piezas que conforman las colecciones patrimoniales. Entre estas tareas, la desinfecci\u00f3n y desinsectaci\u00f3n procura evitar la proliferaci\u00f3n de organismos que puedan afectar dichas piezas y as\u00ed propiciar las condiciones para su preservaci\u00f3n, tanto en \u00e1reas de reserva como en salas de exposici\u00f3n, laboratorios y talleres de restauraci\u00f3n.<\/p>\n\n\n\n<p>Las actividades se retoman con normalidad el d\u00eda martes 30 de agosto, en los horarios habituales: de martes a s\u00e1bados de 8 a 12 y de 15 a 19hs, domingos y feriados de 9 a 12hs. Por visitas guiadas para grupos escolares, la reserva debe realizarse previamente comunic\u00e1ndose al (0343) 4208894.<\/p>\n","protected":false},"excerpt":{"rendered":"<p>El Museo de Ciencias Naturales y Antropol\u00f3gicas Prof. Antonio Serrano, organismo dependiente de la Secretar\u00eda de Cultura, informa que desde el d\u00eda s\u00e1bado 20 de agosto hasta el lunes 29 inclusive, sus instalaciones permanecer\u00e1n cerradas al p\u00fablico debido a la realizaci\u00f3n de tareas de desinfecci\u00f3n y desinsectaci\u00f3n de sus colecciones biol\u00f3gicas y antropol\u00f3gicas. Conforme a [&hellip;]<\/p>\n","protected":false},"author":5,"featured_media":6418,"comment_status":"open","ping_status":"open","sticky":false,"template":"","format":"standard","meta":{"_et_pb_use_builder":"off","_et_pb_old_content":"","_et_gb_content_width":"","footnotes":""},"categories":[28,8],"tags":[],"class_list":["post-6417","post","type-post","status-publish","format-standard","has-post-thumbnail","hentry","category-noticias","category-museo-ciencias-naturales"],"_links":{"self":[{"href":"https:\/\/www.entrerios.gov.ar\/cultura\/wp-json\/wp\/v2\/posts\/6417","targetHints":{"allow":["GET"]}}],"collection":[{"href":"https:\/\/www.entrerios.gov.ar\/cultura\/wp-json\/wp\/v2\/posts"}],"about":[{"href":"https:\/\/www.entrerios.gov.ar\/cultura\/wp-json\/wp\/v2\/types\/post"}],"author":[{"embeddable":true,"href":"https:\/\/www.entrerios.gov.ar\/cultura\/wp-json\/wp\/v2\/users\/5"}],"replies":[{"embeddable":true,"href":"https:\/\/www.entrerios.gov.ar\/cultura\/wp-json\/wp\/v2\/comments?post=6417"}],"version-history":[{"count":1,"href":"https:\/\/www.entrerios.gov.ar\/cultura\/wp-json\/wp\/v2\/posts\/6417\/revisions"}],"predecessor-version":[{"id":6419,"href":"https:\/\/www.entrerios.gov.ar\/cultura\/wp-json\/wp\/v2\/posts\/6417\/revisions\/6419"}],"wp:featuredmedia":[{"embeddable":true,"href":"https:\/\/www.entrerios.gov.ar\/cultura\/wp-json\/wp\/v2\/media\/6418"}],"wp:attachment":[{"href":"https:\/\/www.entrerios.gov.ar\/cultura\/wp-json\/wp\/v2\/media?parent=6417"}],"wp:term":[{"taxonomy":"category","embeddable":true,"href":"https:\/\/www.entrerios.gov.ar\/cultura\/wp-json\/wp\/v2\/categories?post=6417"},{"taxonomy":"post_tag","embeddable":true,"href":"https:\/\/www.entrerios.gov.ar\/cultura\/wp-json\/wp\/v2\/tags?post=6417"}],"curies":[{"name":"wp","href":"https:\/\/api.w.org\/{rel}","templated":true}]}}