{"id":6450,"date":"2022-08-25T09:20:00","date_gmt":"2022-08-25T09:20:00","guid":{"rendered":"https:\/\/www.entrerios.gov.ar\/cultura\/?p=6450"},"modified":"2022-08-22T23:38:17","modified_gmt":"2022-08-22T23:38:17","slug":"llega-a-domingos-de-teatro-una-adaptacion-de-un-texto-juan-carlos-ghiano","status":"publish","type":"post","link":"https:\/\/www.entrerios.gov.ar\/cultura\/llega-a-domingos-de-teatro-una-adaptacion-de-un-texto-juan-carlos-ghiano\/","title":{"rendered":"<strong>Llega a Domingos de Teatro una adaptaci\u00f3n de un texto Juan Carlos Ghiano<\/strong>"},"content":{"rendered":"\n<p>El ciclo Domingos de Teatro en la Usina es impulsado por la Secretar\u00eda de Cultura de Entre R\u00edos, a trav\u00e9s del centro cultural y de convenciones La Vieja Usina. La entrada es gratuita, con ingreso por orden de llegada.<\/p>\n\n\n\n<p>El domingo 28 de agosto, a las 20 hs., se presentar\u00e1 la obra teatral \u201cLa Garay, mujer para recordar&#8221;, una adaptaci\u00f3n de C\u00e9sar Rom\u00e1n Escudero sobre el original &#8220;Narcisa Garay mujer para llorar&#8221; de Juan Carlos Ghiano.<\/p>\n\n\n\n<p>Situada en una \u00e9poca donde las mujeres no ten\u00edan otro destino m\u00e1s que buscarse un novio o un marido o permanecer solteras, el personaje de Narcisa Garay emerge en esta obra que transcurre en un inquilinato (viejo conventillo), condicionada por las circunstancias, Narcisa elige buscar permanentemente un hombre, un amante.<\/p>\n\n\n\n<p>El personaje de Narcisa se contrapone con los de las vecinas del inquilinato, solteras y respetables y al mismo tiempo envidiosas. Cuando la \u201ccaza\u201d de un hombre es lo \u00fanico que importa, y el \u00fanico destino que parece tener una mujer a mediados de siglo XX, aparece el conflicto.&nbsp;&nbsp;<\/p>\n\n\n\n<p>\u201cLa Garay, mujer para recordar\u201d lleva al espectador a una \u00e9poca quiz\u00e1s no tan lejana en el tiempo, pero sobre el final este cl\u00e1sico como una epifan\u00eda se desarma y la historia abre otras puertas, otras lecturas posibles.<\/p>\n\n\n\n<p>La propuesta nace con dos intenciones, la primera de traer nuevamente a escena una tragicomedia que fuera \u00e9xito en su \u00e9poca (a\u00f1os 50) y la segunda gran intenci\u00f3n es homenajear al dramaturgo entrerriano Juan Carlos Ghiano al cumplirse 100 a\u00f1os de su nacimiento con una nueva versi\u00f3n de Rom\u00e1n Escudero.&nbsp;&nbsp;<\/p>\n\n\n\n<p>La propuesta es llevada adelante por un equipo concertado de teatristas de Entre R\u00edos y Santa Fe.<\/p>\n\n\n\n<p><strong>Ficha t\u00e9cnica:<\/strong><\/p>\n\n\n\n<p>Act\u00faan: Claudia Salva, Rosana Da Silva, Solange Vetcher, Silvia Broggini, Sergio Gullino, Aim\u00e9 Abate, Laureano Marino, Dim\u00e1s Santill\u00e1n y Franco Paris.<\/p>\n\n\n\n<p>Iluminaci\u00f3n: Gustavo Morales<\/p>\n\n\n\n<p>Vestuario: Laly Mainardi&nbsp;&nbsp;<\/p>\n\n\n\n<p>Asesora de maquillaje: Luc\u00eda Savog\u00edn<\/p>\n\n\n\n<p>Fotograf\u00eda y dise\u00f1o: Bel\u00e9n Altamirano &#8211; Lisandro Vogel<\/p>\n\n\n\n<p>Asistencia de Direcci\u00f3n: Solange Vetcher<\/p>\n\n\n\n<p>Direcci\u00f3n General: C\u00e9sar Rom\u00e1n Escudero<\/p>\n\n\n\n<p><strong><em>&#8212;<\/em><\/strong><\/p>\n\n\n\n<p><strong><em>Prensa y difusi\u00f3n&nbsp;<\/em><\/strong><\/p>\n\n\n\n<p><strong><em>Centro Cultural y de Convenciones La Vieja Usina<\/em><\/strong><\/p>\n\n\n\n<p><strong><em>Gregoria Matorras 861- Paran\u00e1 &#8211; Entre R\u00edos.<\/em><\/strong><\/p>\n\n\n\n<p><strong><em>Tel\u00e9fonos: 0343 4211074&nbsp;<\/em><\/strong><\/p>\n","protected":false},"excerpt":{"rendered":"<p>El ciclo Domingos de Teatro en la Usina es impulsado por la Secretar\u00eda de Cultura de Entre R\u00edos, a trav\u00e9s del centro cultural y de convenciones La Vieja Usina. La entrada es gratuita, con ingreso por orden de llegada. El domingo 28 de agosto, a las 20 hs., se presentar\u00e1 la obra teatral \u201cLa Garay, [&hellip;]<\/p>\n","protected":false},"author":5,"featured_media":6451,"comment_status":"open","ping_status":"open","sticky":false,"template":"","format":"standard","meta":{"_et_pb_use_builder":"off","_et_pb_old_content":"","_et_gb_content_width":"","footnotes":""},"categories":[28,18],"tags":[115],"class_list":["post-6450","post","type-post","status-publish","format-standard","has-post-thumbnail","hentry","category-noticias","category-centro-cultural-la-vieja-usina","tag-teatro"],"_links":{"self":[{"href":"https:\/\/www.entrerios.gov.ar\/cultura\/wp-json\/wp\/v2\/posts\/6450","targetHints":{"allow":["GET"]}}],"collection":[{"href":"https:\/\/www.entrerios.gov.ar\/cultura\/wp-json\/wp\/v2\/posts"}],"about":[{"href":"https:\/\/www.entrerios.gov.ar\/cultura\/wp-json\/wp\/v2\/types\/post"}],"author":[{"embeddable":true,"href":"https:\/\/www.entrerios.gov.ar\/cultura\/wp-json\/wp\/v2\/users\/5"}],"replies":[{"embeddable":true,"href":"https:\/\/www.entrerios.gov.ar\/cultura\/wp-json\/wp\/v2\/comments?post=6450"}],"version-history":[{"count":1,"href":"https:\/\/www.entrerios.gov.ar\/cultura\/wp-json\/wp\/v2\/posts\/6450\/revisions"}],"predecessor-version":[{"id":6452,"href":"https:\/\/www.entrerios.gov.ar\/cultura\/wp-json\/wp\/v2\/posts\/6450\/revisions\/6452"}],"wp:featuredmedia":[{"embeddable":true,"href":"https:\/\/www.entrerios.gov.ar\/cultura\/wp-json\/wp\/v2\/media\/6451"}],"wp:attachment":[{"href":"https:\/\/www.entrerios.gov.ar\/cultura\/wp-json\/wp\/v2\/media?parent=6450"}],"wp:term":[{"taxonomy":"category","embeddable":true,"href":"https:\/\/www.entrerios.gov.ar\/cultura\/wp-json\/wp\/v2\/categories?post=6450"},{"taxonomy":"post_tag","embeddable":true,"href":"https:\/\/www.entrerios.gov.ar\/cultura\/wp-json\/wp\/v2\/tags?post=6450"}],"curies":[{"name":"wp","href":"https:\/\/api.w.org\/{rel}","templated":true}]}}