{"id":6548,"date":"2022-08-29T10:00:00","date_gmt":"2022-08-29T10:00:00","guid":{"rendered":"https:\/\/www.entrerios.gov.ar\/cultura\/?p=6548"},"modified":"2022-10-21T11:17:37","modified_gmt":"2022-10-21T11:17:37","slug":"convocatoria-2022-para-el-salon-provincial-de-artesanias","status":"publish","type":"post","link":"https:\/\/www.entrerios.gov.ar\/cultura\/convocatoria-2022-para-el-salon-provincial-de-artesanias\/","title":{"rendered":"<strong>Convocatoria 2022 para el Sal\u00f3n Provincial de Artesan\u00edas<\/strong>"},"content":{"rendered":"\n<p>La Secretar\u00eda de Cultura de Entre R\u00edos lanza la convocatoria al concurso Premio Provincial a la Pieza \u00danica Artesanal 2022 y el correspondiente sal\u00f3n anual. El concurso incentiva la las producciones artesanales de toda la provincia.<\/p>\n\n\n\n<p>A&nbsp; trav\u00e9s del Museo y Mercado Provincial de Artesan\u00edas \u201cCarlos Asia\u00edn\u201d -organismo dependiente de la Secretar\u00eda de Cultura- convoca a artesanas y artesanos de la provincia a participar de este nuevo concurso provincial que tiene como objetivo contribuir a la difusi\u00f3n del patrimonio cultural revalorizando la creatividad, originalidad y calidad de las artesan\u00edas entrerrianas, a la vez de enriquecer el Patrimonio del Museo y del Gobierno Provincial mediante la incorporaci\u00f3n de la obras premiadas.<\/p>\n\n\n\n<p>La recepci\u00f3n de postulaciones se realizar\u00e1 desde el 3 de septiembre al 14 de octubre, inclusive.<\/p>\n\n\n\n<p>Podr\u00e1n participar del premio provincial todas y todos los artesanos postulantes deber\u00e1n ser mayores de 18 a\u00f1os nativos\/as o con una residencia m\u00ednima de cuatro a\u00f1os en la provincia de Entre R\u00edos previos a la fecha de la presente convocatoria.<\/p>\n\n\n\n<p>La inscripci\u00f3n de los\/as participantes y la presentaci\u00f3n de las piezas artesanales se realizar\u00e1 exclusivamente a trav\u00e9s de correo electr\u00f3nico. Para tal fin los\/as artesanos\/as deber\u00e1n enviar un e-mail a <a href=\"mailto:concursoartesanias.er@gmail.com\" target=\"_blank\" rel=\"noreferrer noopener\">concursoartesanias.er@gmail.com<\/a> con el asunto: Concurso Provincial Pieza \u00danica Artesanal 2022. El Reglamento del concurso \u201cPremio Provincial a la Pieza \u00danica Artesanal\u201d podr\u00e1 descargarse en el siguiente <a href=\"https:\/\/drive.google.com\/file\/d\/1ZeNPoUVElFGPhOsjGtQfThOtAvWIzRUD\/view\" target=\"_blank\" rel=\"noreferrer noopener\">ENLACE<\/a><\/p>\n\n\n\n<p><strong>Premios<\/strong><\/p>\n\n\n\n<p>Se otorgar\u00e1n tres premios adquisici\u00f3n fijando la suma de 1er Premio Adquisici\u00f3n: Pesos Cincuenta y Ocho Mil ($58.000,00.-); 2do Premio Adquisici\u00f3n: Pesos Cuarenta y Tres Mil ($43.000,00.-); 3er Premio Adquisici\u00f3n: Pesos Veintinueve Mil ($29.000,00.-).<\/p>\n\n\n\n<p><strong>Calendario<\/strong><\/p>\n\n\n\n<p>Apertura de la convocatoria: 29 de agosto<\/p>\n\n\n\n<p>Recepci\u00f3n de postulaciones: Desde el 3 de septiembre al 14 de octubre, inclusive<\/p>\n\n\n\n<p>Selecci\u00f3n y aceptaci\u00f3n de piezas artesanales: El Jurado actuar\u00e1 a tal efecto del 20 al 23 de<\/p>\n\n\n\n<p>octubre<\/p>\n\n\n\n<p>Comunicaci\u00f3n de las piezas artesanales seleccionadas: 25 de octubre<\/p>\n\n\n\n<p>Recepci\u00f3n de las piezas artesanales seleccionadas: Desde el 27 de octubre al 4 de noviembre, inclusive, de 8 a 12 hs*<\/p>\n\n\n\n<p>Dictamen del Jurado: El Jurado se reunir\u00e1 presencialmente los d\u00edas 10 y 11 de noviembre y<\/p>\n\n\n\n<p>dar\u00e1 a conocer sus decisiones el d\u00eda 12 de noviembre<\/p>\n\n\n\n<p>Comunicaci\u00f3n de los resultados de la Premiaci\u00f3n: 14 de noviembre<\/p>\n\n\n\n<p>Acto de Premiaci\u00f3n e Inauguraci\u00f3n de la Exposici\u00f3n de las Piezas seleccionadas en el Museo y Mercado Provincial de Artesan\u00edas: 22 de noviembre<\/p>\n\n\n\n<p>Exposici\u00f3n: Desde el 25 de noviembre hasta el 15 de diciembre<\/p>\n\n\n\n<p>Este concurso en una iniciativa m\u00e1s de la Secretar\u00eda de Cultura de Entre R\u00edos y del Museo y Mercado Provincial de Artesan\u00edas \u201cCarlos Asia\u00edn\u201d para revalorizar y reconocer el trabajo de artesanas y artesanos, quienes con sus manos crean y resignifican los saberes ancestrales y los oficios artesanales construyendo en cada una de sus piezas la identidad cultural entrerriana.<\/p>\n\n\n\n<p>M\u00e1s informaci\u00f3n: <a href=\"mailto:museoymercadodeartesanias.er@gmail.com\" target=\"_blank\" rel=\"noreferrer noopener\">museoymercadodeartesanias.er@gmail.com<\/a><\/p>\n","protected":false},"excerpt":{"rendered":"<p>La Secretar\u00eda de Cultura de Entre R\u00edos lanza la convocatoria al concurso Premio Provincial a la Pieza \u00danica Artesanal 2022 y el correspondiente sal\u00f3n anual. El concurso incentiva la las producciones artesanales de toda la provincia. A&nbsp; trav\u00e9s del Museo y Mercado Provincial de Artesan\u00edas \u201cCarlos Asia\u00edn\u201d -organismo dependiente de la Secretar\u00eda de Cultura- convoca [&hellip;]<\/p>\n","protected":false},"author":5,"featured_media":6549,"comment_status":"open","ping_status":"open","sticky":false,"template":"","format":"standard","meta":{"_et_pb_use_builder":"off","_et_pb_old_content":"","_et_gb_content_width":"","footnotes":""},"categories":[1,28,58,16],"tags":[116],"class_list":["post-6548","post","type-post","status-publish","format-standard","has-post-thumbnail","hentry","category-destacado","category-noticias","category-concursos-cerrados","category-museo-y-mercado-de-artesanias","tag-artesanias"],"_links":{"self":[{"href":"https:\/\/www.entrerios.gov.ar\/cultura\/wp-json\/wp\/v2\/posts\/6548","targetHints":{"allow":["GET"]}}],"collection":[{"href":"https:\/\/www.entrerios.gov.ar\/cultura\/wp-json\/wp\/v2\/posts"}],"about":[{"href":"https:\/\/www.entrerios.gov.ar\/cultura\/wp-json\/wp\/v2\/types\/post"}],"author":[{"embeddable":true,"href":"https:\/\/www.entrerios.gov.ar\/cultura\/wp-json\/wp\/v2\/users\/5"}],"replies":[{"embeddable":true,"href":"https:\/\/www.entrerios.gov.ar\/cultura\/wp-json\/wp\/v2\/comments?post=6548"}],"version-history":[{"count":1,"href":"https:\/\/www.entrerios.gov.ar\/cultura\/wp-json\/wp\/v2\/posts\/6548\/revisions"}],"predecessor-version":[{"id":6550,"href":"https:\/\/www.entrerios.gov.ar\/cultura\/wp-json\/wp\/v2\/posts\/6548\/revisions\/6550"}],"wp:featuredmedia":[{"embeddable":true,"href":"https:\/\/www.entrerios.gov.ar\/cultura\/wp-json\/wp\/v2\/media\/6549"}],"wp:attachment":[{"href":"https:\/\/www.entrerios.gov.ar\/cultura\/wp-json\/wp\/v2\/media?parent=6548"}],"wp:term":[{"taxonomy":"category","embeddable":true,"href":"https:\/\/www.entrerios.gov.ar\/cultura\/wp-json\/wp\/v2\/categories?post=6548"},{"taxonomy":"post_tag","embeddable":true,"href":"https:\/\/www.entrerios.gov.ar\/cultura\/wp-json\/wp\/v2\/tags?post=6548"}],"curies":[{"name":"wp","href":"https:\/\/api.w.org\/{rel}","templated":true}]}}