{"id":6552,"date":"2022-09-01T08:20:00","date_gmt":"2022-09-01T08:20:00","guid":{"rendered":"https:\/\/www.entrerios.gov.ar\/cultura\/?p=6552"},"modified":"2022-08-26T20:18:40","modified_gmt":"2022-08-26T20:18:40","slug":"la-obra-manada-en-el-ciclo-domingos-de-teatro-en-la-usina","status":"publish","type":"post","link":"https:\/\/www.entrerios.gov.ar\/cultura\/la-obra-manada-en-el-ciclo-domingos-de-teatro-en-la-usina\/","title":{"rendered":"<strong>La obra &#8220;Manada&#8221; en el Ciclo Domingos de Teatro en La Usina<\/strong>"},"content":{"rendered":"\n<p>El domingo 4 de septiembre, a las 20 hs., se presentar\u00e1 la obra \u201cManada\u201d en el Ciclo Domingos de Teatro, con entrada gratuita. El ingreso es por orden de llegada y la funci\u00f3n comienza con puntualidad.<\/p>\n\n\n\n<p>El Ciclo Domingos de Teatro es una iniciativa de car\u00e1cter libre y gratuito que ya cuenta con numerosas funciones y la importante participaci\u00f3n de elencos de la provincia y la regi\u00f3n. La iniciativa es impulsada por la Secretar\u00eda de Cultura de Entre R\u00edos, a trav\u00e9s del centro cultural y de convenciones La Vieja Usina ubicado en la capital entrerriana.<\/p>\n\n\n\n<p>Esta creaci\u00f3n colectiva cuenta con la direcci\u00f3n de Daniela Osella y Victoria Rold\u00e1n. Act\u00faan Angela Martinez, Sabina Piccini y Juan Cruz Rivasseau. El dise\u00f1o de iluminaci\u00f3n y espacio esc\u00e9nico, y la operaci\u00f3n de luces corresponden a Pablo Vallejo. La realizaci\u00f3n audiovisual y sonora es de Ariel Dutria. El dise\u00f1o gr\u00e1fico ha sido realizado por Juli\u00e1n Villarraza, y el registro audiovisual es de Floriana Lazzaneo.<\/p>\n\n\n\n<p><strong>Sobre Manada<\/strong><\/p>\n\n\n\n<p>\u201cLa potencia de la manada que subleva y hace vacilar el yo\u201d \/ Deleuze. La cotidianidad se fuga en la virtualidad y propone otras versiones del cuerpo. Valores discretos, vol\u00e1tiles, mediatizados, inestables, diferidos que pulsan en la realidad no virtual. Y cuando apenas logramos levantar la mirada: manadas que traspasan en las redes, impulsos de lo real no virtual.<\/p>\n\n\n\n<p>&#8212;<\/p>\n\n\n\n<p><strong><em>Prensa y difusi\u00f3n&nbsp;<\/em><\/strong><\/p>\n\n\n\n<p><strong><em>Centro Cultural y de Convenciones La Vieja Usina<\/em><\/strong><\/p>\n\n\n\n<p><strong><em>Gregoria Matorras 861- Paran\u00e1 &#8211; Entre R\u00edos.<\/em><\/strong><\/p>\n\n\n\n<p><strong><em>Tel\u00e9fonos: 0343 4211074&nbsp;<\/em><\/strong><\/p>\n\n\n\n<p><strong><em>Facebook La Vieja Usina<\/em><\/strong><\/p>\n\n\n\n<p><strong><em>Instagram @la_vieja_usina_parana<\/em><\/strong><\/p>\n","protected":false},"excerpt":{"rendered":"<p>El domingo 4 de septiembre, a las 20 hs., se presentar\u00e1 la obra \u201cManada\u201d en el Ciclo Domingos de Teatro, con entrada gratuita. El ingreso es por orden de llegada y la funci\u00f3n comienza con puntualidad. El Ciclo Domingos de Teatro es una iniciativa de car\u00e1cter libre y gratuito que ya cuenta con numerosas funciones [&hellip;]<\/p>\n","protected":false},"author":5,"featured_media":6553,"comment_status":"open","ping_status":"open","sticky":false,"template":"","format":"standard","meta":{"_et_pb_use_builder":"off","_et_pb_old_content":"","_et_gb_content_width":"","footnotes":""},"categories":[1,28,18],"tags":[115],"class_list":["post-6552","post","type-post","status-publish","format-standard","has-post-thumbnail","hentry","category-destacado","category-noticias","category-centro-cultural-la-vieja-usina","tag-teatro"],"_links":{"self":[{"href":"https:\/\/www.entrerios.gov.ar\/cultura\/wp-json\/wp\/v2\/posts\/6552","targetHints":{"allow":["GET"]}}],"collection":[{"href":"https:\/\/www.entrerios.gov.ar\/cultura\/wp-json\/wp\/v2\/posts"}],"about":[{"href":"https:\/\/www.entrerios.gov.ar\/cultura\/wp-json\/wp\/v2\/types\/post"}],"author":[{"embeddable":true,"href":"https:\/\/www.entrerios.gov.ar\/cultura\/wp-json\/wp\/v2\/users\/5"}],"replies":[{"embeddable":true,"href":"https:\/\/www.entrerios.gov.ar\/cultura\/wp-json\/wp\/v2\/comments?post=6552"}],"version-history":[{"count":1,"href":"https:\/\/www.entrerios.gov.ar\/cultura\/wp-json\/wp\/v2\/posts\/6552\/revisions"}],"predecessor-version":[{"id":6554,"href":"https:\/\/www.entrerios.gov.ar\/cultura\/wp-json\/wp\/v2\/posts\/6552\/revisions\/6554"}],"wp:featuredmedia":[{"embeddable":true,"href":"https:\/\/www.entrerios.gov.ar\/cultura\/wp-json\/wp\/v2\/media\/6553"}],"wp:attachment":[{"href":"https:\/\/www.entrerios.gov.ar\/cultura\/wp-json\/wp\/v2\/media?parent=6552"}],"wp:term":[{"taxonomy":"category","embeddable":true,"href":"https:\/\/www.entrerios.gov.ar\/cultura\/wp-json\/wp\/v2\/categories?post=6552"},{"taxonomy":"post_tag","embeddable":true,"href":"https:\/\/www.entrerios.gov.ar\/cultura\/wp-json\/wp\/v2\/tags?post=6552"}],"curies":[{"name":"wp","href":"https:\/\/api.w.org\/{rel}","templated":true}]}}