{"id":6558,"date":"2022-09-01T10:10:00","date_gmt":"2022-09-01T10:10:00","guid":{"rendered":"https:\/\/www.entrerios.gov.ar\/cultura\/?p=6558"},"modified":"2023-06-15T15:40:48","modified_gmt":"2023-06-15T15:40:48","slug":"ley-provincial-de-teatro-independiente-prorroga-en-el-empadronamiento-para-teatristas","status":"publish","type":"post","link":"https:\/\/www.entrerios.gov.ar\/cultura\/ley-provincial-de-teatro-independiente-prorroga-en-el-empadronamiento-para-teatristas\/","title":{"rendered":"<strong>Ley Provincial de Teatro Independiente: pr\u00f3rroga en el empadronamiento para teatristas&nbsp;<\/strong>"},"content":{"rendered":"\n<p>La Secretar\u00eda de Cultura de Entre R\u00edos informa a la comunidad que debido a las numerosas consultas, se ha definido una pr\u00f3rroga para el empadronamiento de trabajadoras y trabajadores del Teatro Independiente de Entre R\u00edos. Ser\u00e1 hasta el 30 de septiembre inclusive.&nbsp;<\/p>\n\n\n\n<p>Hacedores teatrales (actrices, actores, directores, dramaturgos, docentes, t\u00e9cnicos, maquilladores, escen\u00f3grafos, vestuaristas, etc.) podr\u00e1n ingresar en el <a href=\"https:\/\/docs.google.com\/forms\/d\/e\/1FAIpQLSe8zUHu7D1InEAAlcWCScHVzITK4bgS-PhmcevdaAYltw0p6w\/alreadyresponded\" target=\"_blank\" rel=\"noreferrer noopener\">FORMULARIO<\/a> hasta el d\u00eda 30 de septiembre inclusive. Sus datos formar\u00e1n parte del Padr\u00f3n de artistas en vistas a la conformaci\u00f3n del Consejo Provincial de Teatro de Entre R\u00edos, que dispone la Ley Provincial de Teatro Independiente (TIER)&nbsp; (Ley N\u00b0 10.931), y su decreto reglamentario (Decreto n\u00b0 1741\/22).<\/p>\n\n\n\n<p>Luego de enviar la informaci\u00f3n, las y los artistas recibir\u00e1n un correo en la direcci\u00f3n indicada al completar el formulario, donde se confirme el empadronamiento o se indiquen irregularidades en la documentaci\u00f3n presentada. Estar en el Padr\u00f3n permite a las y los trabajadores del teatro independiente entrerriano votar a la persona que represente a su regi\u00f3n en el Consejo Provincial de Teatro.&nbsp;<\/p>\n\n\n\n<p><strong>Requisitos para formar parte del Padr\u00f3n<\/strong><\/p>\n\n\n\n<p>Para poder empadronarse se debe ser mayor de 16 a\u00f1os; tener domicilio en la provincia de Entre R\u00edos, y haber tenido participaci\u00f3n, al menos, en tres actividades teatrales en los \u00faltimos cinco a\u00f1os.<\/p>\n\n\n\n<p>Una vez confeccionado el padr\u00f3n, se conformar\u00e1 la Junta Electoral, integrada por tres personas, una de ellas propuesta por la Secretar\u00eda de Cultura, y dos por las trabajadoras y los trabajadores de teatro.&nbsp;<\/p>\n\n\n\n<p>Las personas empadronadas podr\u00e1n votar para elegir la persona que represente a su regi\u00f3n en el Consejo Provincial de Teatro. Quienes deseen presentarse como candidatas\/os al cargo de representante regional, adem\u00e1s de estar empadronadas deber\u00e1n cumplir lo establecido en el art\u00edculo 15 de la Ley 10.931.<\/p>\n\n\n\n<p><strong>El Consejo Provincial de Teatro&nbsp;<\/strong><\/p>\n\n\n\n<p>El mismo estar\u00e1 integrado por cinco representantes (uno por cada una de las regiones de la Provincia establecidas en el art\u00edculo 8\u00ba de la Ley), elegidos por el voto directo de los miembros de la comunidad regional que representan, y por un representante de la Secretar\u00eda de Cultura designado por decreto del Poder Ejecutivo Provincial quien ejercer\u00e1 la funci\u00f3n de Director Ejecutivo y ser\u00e1 el nexo entre el Consejo Provincial de Teatro Independiente y el Estado Provincial.&nbsp;<\/p>\n\n\n\n<p>Por consultas: <a href=\"mailto:consejoprovincialdeteatroer@gmail.com\" target=\"_blank\" rel=\"noreferrer noopener\">consejoprovincialdeteatroer@gmail.com<\/a><\/p>\n\n\n\n<p>Link al formulario de empadronamiento: <a href=\"https:\/\/bit.ly\/padrontier\" target=\"_blank\" rel=\"noreferrer noopener\">https:\/\/bit.ly\/padrontier<\/a><\/p>\n\n\n\n<p>Para descargar las normas:&nbsp;<\/p>\n\n\n\n<p>Ley n\u00b0 10.931, Ley Provincial de Teatro Independiente (TIER): <a href=\"https:\/\/bit.ly\/leytier10931\" target=\"_blank\" rel=\"noreferrer noopener\">https:\/\/bit.ly\/leytier10931<\/a><\/p>\n\n\n\n<p>Decreto n\u00b0 1741\/22: <a href=\"https:\/\/bit.ly\/reglamleytier\" target=\"_blank\" rel=\"noreferrer noopener\">https:\/\/bit.ly\/reglamleytier<\/a><\/p>\n","protected":false},"excerpt":{"rendered":"<p>La Secretar\u00eda de Cultura de Entre R\u00edos informa a la comunidad que debido a las numerosas consultas, se ha definido una pr\u00f3rroga para el empadronamiento de trabajadoras y trabajadores del Teatro Independiente de Entre R\u00edos. Ser\u00e1 hasta el 30 de septiembre inclusive.&nbsp; Hacedores teatrales (actrices, actores, directores, dramaturgos, docentes, t\u00e9cnicos, maquilladores, escen\u00f3grafos, vestuaristas, etc.) podr\u00e1n [&hellip;]<\/p>\n","protected":false},"author":5,"featured_media":6559,"comment_status":"open","ping_status":"open","sticky":false,"template":"","format":"standard","meta":{"_et_pb_use_builder":"off","_et_pb_old_content":"","_et_gb_content_width":"","footnotes":""},"categories":[1,28,132],"tags":[115],"class_list":["post-6558","post","type-post","status-publish","format-standard","has-post-thumbnail","hentry","category-destacado","category-noticias","category-consejo-provincial-de-teatro","tag-teatro"],"_links":{"self":[{"href":"https:\/\/www.entrerios.gov.ar\/cultura\/wp-json\/wp\/v2\/posts\/6558","targetHints":{"allow":["GET"]}}],"collection":[{"href":"https:\/\/www.entrerios.gov.ar\/cultura\/wp-json\/wp\/v2\/posts"}],"about":[{"href":"https:\/\/www.entrerios.gov.ar\/cultura\/wp-json\/wp\/v2\/types\/post"}],"author":[{"embeddable":true,"href":"https:\/\/www.entrerios.gov.ar\/cultura\/wp-json\/wp\/v2\/users\/5"}],"replies":[{"embeddable":true,"href":"https:\/\/www.entrerios.gov.ar\/cultura\/wp-json\/wp\/v2\/comments?post=6558"}],"version-history":[{"count":1,"href":"https:\/\/www.entrerios.gov.ar\/cultura\/wp-json\/wp\/v2\/posts\/6558\/revisions"}],"predecessor-version":[{"id":6560,"href":"https:\/\/www.entrerios.gov.ar\/cultura\/wp-json\/wp\/v2\/posts\/6558\/revisions\/6560"}],"wp:featuredmedia":[{"embeddable":true,"href":"https:\/\/www.entrerios.gov.ar\/cultura\/wp-json\/wp\/v2\/media\/6559"}],"wp:attachment":[{"href":"https:\/\/www.entrerios.gov.ar\/cultura\/wp-json\/wp\/v2\/media?parent=6558"}],"wp:term":[{"taxonomy":"category","embeddable":true,"href":"https:\/\/www.entrerios.gov.ar\/cultura\/wp-json\/wp\/v2\/categories?post=6558"},{"taxonomy":"post_tag","embeddable":true,"href":"https:\/\/www.entrerios.gov.ar\/cultura\/wp-json\/wp\/v2\/tags?post=6558"}],"curies":[{"name":"wp","href":"https:\/\/api.w.org\/{rel}","templated":true}]}}