{"id":6562,"date":"2022-08-30T10:10:00","date_gmt":"2022-08-30T10:10:00","guid":{"rendered":"https:\/\/www.entrerios.gov.ar\/cultura\/?p=6562"},"modified":"2022-08-26T22:52:50","modified_gmt":"2022-08-26T22:52:50","slug":"usina-en-gira-tres-dias-de-teatro-entrerriano-en-concordia","status":"publish","type":"post","link":"https:\/\/www.entrerios.gov.ar\/cultura\/usina-en-gira-tres-dias-de-teatro-entrerriano-en-concordia\/","title":{"rendered":"<strong>Usina en gira: tres d\u00edas de teatro entrerriano en Concordia<\/strong>"},"content":{"rendered":"\n<p>El Centro Cultural La Vieja Usina, dependiente de la Secretar\u00eda de Cultura de Entre R\u00edos, lanza un proyecto de circulaci\u00f3n de obras con espect\u00e1culos entrerrianos: \u201cCuenca. Todo debajo\u201d, \u201cEfectos de la falta de ficci\u00f3n\u201d, \u201cEl rastro. Tras las huellas de Isidro Vel\u00e1zquez\u201d, y \u201cExtra\u00f1o tu perfume\u201d.&nbsp;<\/p>\n\n\n\n<p>Las obras -que se presentar\u00e1n de manera libre y gratuita- fueron seleccionadas en Fiesta Provincial de Teatro Entre R\u00edos 2021 para participar del Encuentro Regional Centro Litoral.<\/p>\n\n\n\n<p>La iniciativa Usina en gira se propone aportar a la formaci\u00f3n de p\u00fablicos teatrales en distintas localidades del territorio provincial, favoreciendo adem\u00e1s el intercambio entre hacedores teatrales de distintas regiones de la provincia.&nbsp;<\/p>\n\n\n\n<p>La primera experiencia se llevar\u00e1 adelante en Concordia, en el Espacio Cultural Pueblo Viejo (Alem 230), donde el Colectivo Las Cuencas en calidad de anfitri\u00f3n, recibir\u00e1 a los grupos Agua Viva de Gualeguay y Teatro del Bardo de Paran\u00e1.&nbsp;<\/p>\n\n\n\n<p>El d\u00eda 2 de septiembre se presentar\u00e1 &#8220;Efectos de la falta de ficci\u00f3n&#8221;, una obra multimedia, que combina diferentes lenguajes para dar cuenta de manera humor\u00edstica del derrotero de los meses de pandemia. El 3 de septiembre ser\u00e1 el turno de &#8220;El rastro. Tras las huellas de Isidro Vel\u00e1zquez&#8221;, una historia de rebeld\u00eda ante la injusticia, la pobreza y la opresi\u00f3n. El 4 de septiembre, cerrar\u00e1 el ciclo la obra &#8220;Extra\u00f1o tu perfume&#8221;, un espect\u00e1culo unipersonal inspirado en textos no dram\u00e1ticos de la literatura queer &#8211; trans contempor\u00e1nea y en la biograf\u00eda del actor.&nbsp;<\/p>\n\n\n\n<p>Despu\u00e9s de cada funci\u00f3n se propiciar\u00e1 un espacio de intercambio entre artistas y p\u00fablico.<\/p>\n\n\n\n<p>Todas las funciones ser\u00e1n a las 20 hs., con entrada gratuita. Se pueden realizar reservas comunic\u00e1ndose al 3454244735<\/p>\n\n\n\n<p><strong>Sobre las obras que se presentar\u00e1n en Concordia<\/strong><\/p>\n\n\n\n<p>\u201cEfectos de la falta de ficci\u00f3n\u201d, del Grupo Agua Viva (Gualeguay), es una obra multimedia, que combina diferentes lenguajes (video, teatro, movimiento y m\u00fasica) para dar cuenta de manera humor\u00edstica del derrotero de los meses de pandemia. Esta realidad, de la que nadie ha podido mantenerse ajeno, ha modificado las vidas de las personas y, para cualquier manifestaci\u00f3n art\u00edstica, es insoslayable.<\/p>\n\n\n\n<p>Un grupo de actores atravesados por las dificultades que la pandemia y el distanciamiento impusieron sobre las posibilidades de hacer teatro, buscan la forma de reinventarse y producir un espect\u00e1culo festivo y desenfadado, desbordado de energ\u00eda y celebratorio: una excusa para actuar hasta que las velas ardan.<\/p>\n\n\n\n<p>Act\u00faan: Silvina Benedetti \/ Jimena Correa \/ Yas\u00fa Peltzer \/ Guillermo Carballo \/ Sandra Bogado \/ Laura Lucca \/ Alejandro Guerscovich<\/p>\n\n\n\n<p>Sonido: Cristian Rodr\u00edguez<\/p>\n\n\n\n<p>Gr\u00e1fica \/ edici\u00f3n de c\u00e1maras en vivo: Chino Gonzalez<\/p>\n\n\n\n<p>Direcci\u00f3n e iluminaci\u00f3n: Gast\u00f3n D\u00edaz<\/p>\n\n\n\n<p>Producci\u00f3n: Liebre de Marzo \u2013 Canal 2 Gualeguay<\/p>\n\n\n\n<p>\u201cEl rastro. Tras las huellas de Isidro Vel\u00e1zquez\u201d, es una producci\u00f3n del Grupo Teatro del Bardo (Paran\u00e1). Isidro es un padre de familia, un trabajador que se convierte en el hombre m\u00e1s buscado de la Argentina. La polic\u00eda lo caza sin descanso, pero en el monte es inalcanzable. Camina hacia atr\u00e1s, borra sus huellas y deja rastros falsos. Conoce como nadie esos parajes y sus animales, algunos afirman que se transforma en ellos o que se desmaterializa. Desde ni\u00f1o habita y come del monte y mata con la seguridad del hambre. Una historia de rebeld\u00eda ante la injusticia, la pobreza y la opresi\u00f3n.<\/p>\n\n\n\n<p>Act\u00faa: To\u00f1o L\u00f3pez<\/p>\n\n\n\n<p>Dirige: Gabriela Trevisani<\/p>\n\n\n\n<p>Dramaturgia: Belisario Ruiz<\/p>\n\n\n\n<p>Objetos: Edgardo Lara y Laura Sosa<\/p>\n\n\n\n<p>Dise\u00f1o de luces: Gabriela Trevisani<\/p>\n\n\n\n<p>Operaci\u00f3n T\u00e9cnica: Alejandra Florenza<\/p>\n\n\n\n<p>Vestuario: Dani Rudel<\/p>\n\n\n\n<p>Dise\u00f1o Gr\u00e1fico: Nati Hallam<\/p>\n\n\n\n<p>Producci\u00f3n general: Teatro del Bardo<\/p>\n\n\n\n<figure class=\"wp-block-image size-large\"><img loading=\"lazy\" decoding=\"async\" width=\"1024\" height=\"816\" src=\"https:\/\/www.entrerios.gov.ar\/cultura\/wp-content\/uploads\/2022\/08\/IMG_3881-1024x816.png\" alt=\"\" class=\"wp-image-6564\" srcset=\"https:\/\/www.entrerios.gov.ar\/cultura\/wp-content\/uploads\/2022\/08\/IMG_3881-980x781.png 980w, https:\/\/www.entrerios.gov.ar\/cultura\/wp-content\/uploads\/2022\/08\/IMG_3881-480x383.png 480w\" sizes=\"auto, (min-width: 0px) and (max-width: 480px) 480px, (min-width: 481px) and (max-width: 980px) 980px, (min-width: 981px) 1024px, 100vw\" \/><\/figure>\n\n\n\n<p>\u201cExtra\u00f1o tu perfume\u201d tambi\u00e9n pertenece a Teatro del Bardo. Se tarta de un espect\u00e1culo unipersonal inspirado en textos no dram\u00e1ticos de la literatura queer y trans contempor\u00e1nea, (Camila Sosa Villada, Pedro Lemebel, Paul Preciado, Batato Barea) y en la biograf\u00eda del actor, ficcionalizando ambas fuentes de textualidad, a trav\u00e9s de la hibridaci\u00f3n de los lenguajes verbales, (literarios, documentales) y no verbales (pl\u00e1sticos, sonoros, teatrales), en una fragmentaci\u00f3n, montaje y desmontaje, que emula el transcurrir de la vida de una persona, intentando desandar en escena, un concepto socialmente habilitado: la identidad de g\u00e9nero.<\/p>\n\n\n\n<p>Dramaturgia: Valeria Folini y Sebasti\u00e1n Boscarol<\/p>\n\n\n\n<p>Act\u00faa: Sebasti\u00e1n Boscarol<\/p>\n\n\n\n<p>Dise\u00f1o y puesta de luces: Tovio Velozo<\/p>\n\n\n\n<p>Dise\u00f1o de vestuario y objetos esc\u00e9nicos: Reina Heels<\/p>\n\n\n\n<p>Objetos Escenogr\u00e1ficos: Edgardo Lara<\/p>\n\n\n\n<p>Asesoramiento musical: Andr\u00e9s Main<\/p>\n\n\n\n<p>Audiovisuales: Walter Arosteguy<\/p>\n\n\n\n<p>Fotos: Juan Mart\u00edn Casalla<\/p>\n\n\n\n<p>Dise\u00f1o Gr\u00e1fico: Natalia Hallam<\/p>\n\n\n\n<p>Direcci\u00f3n: Valeria Folini<\/p>\n\n\n\n<p>Producci\u00f3n: Teatro del Bardo<\/p>\n\n\n\n<figure class=\"wp-block-image size-large\"><img loading=\"lazy\" decoding=\"async\" width=\"1024\" height=\"889\" src=\"https:\/\/www.entrerios.gov.ar\/cultura\/wp-content\/uploads\/2022\/08\/IMG_3039-1024x889.png\" alt=\"\" class=\"wp-image-6565\" srcset=\"https:\/\/www.entrerios.gov.ar\/cultura\/wp-content\/uploads\/2022\/08\/IMG_3039-980x851.png 980w, https:\/\/www.entrerios.gov.ar\/cultura\/wp-content\/uploads\/2022\/08\/IMG_3039-480x417.png 480w\" sizes=\"auto, (min-width: 0px) and (max-width: 480px) 480px, (min-width: 481px) and (max-width: 980px) 980px, (min-width: 981px) 1024px, 100vw\" \/><\/figure>\n\n\n\n<p style=\"font-size:11px\">&#8212;<\/p>\n\n\n\n<p style=\"font-size:11px\"><strong><em>Prensa y difusi\u00f3n&nbsp;<\/em><\/strong><\/p>\n\n\n\n<p style=\"font-size:11px\"><strong><em>Centro Cultural y de Convenciones La Vieja Usina<\/em><\/strong><\/p>\n\n\n\n<p style=\"font-size:11px\"><strong><em>Gregoria Matorras 861- Paran\u00e1 &#8211; Entre R\u00edos.<\/em><\/strong><\/p>\n\n\n\n<p style=\"font-size:11px\"><strong><em>Tel\u00e9fonos: 0343 4211074&nbsp;<\/em><\/strong><\/p>\n\n\n\n<p style=\"font-size:11px\"><strong><em>Facebook La Vieja Usina<\/em><\/strong><\/p>\n\n\n\n<p style=\"font-size:11px\"><strong><em>Instagram @la_vieja_usina_parana<\/em><\/strong><\/p>\n","protected":false},"excerpt":{"rendered":"<p>El Centro Cultural La Vieja Usina, dependiente de la Secretar\u00eda de Cultura de Entre R\u00edos, lanza un proyecto de circulaci\u00f3n de obras con espect\u00e1culos entrerrianos: \u201cCuenca. Todo debajo\u201d, \u201cEfectos de la falta de ficci\u00f3n\u201d, \u201cEl rastro. Tras las huellas de Isidro Vel\u00e1zquez\u201d, y \u201cExtra\u00f1o tu perfume\u201d.&nbsp; Las obras -que se presentar\u00e1n de manera libre y [&hellip;]<\/p>\n","protected":false},"author":5,"featured_media":6563,"comment_status":"open","ping_status":"open","sticky":false,"template":"","format":"standard","meta":{"_et_pb_use_builder":"off","_et_pb_old_content":"","_et_gb_content_width":"","footnotes":""},"categories":[1,28,18],"tags":[],"class_list":["post-6562","post","type-post","status-publish","format-standard","has-post-thumbnail","hentry","category-destacado","category-noticias","category-centro-cultural-la-vieja-usina"],"_links":{"self":[{"href":"https:\/\/www.entrerios.gov.ar\/cultura\/wp-json\/wp\/v2\/posts\/6562","targetHints":{"allow":["GET"]}}],"collection":[{"href":"https:\/\/www.entrerios.gov.ar\/cultura\/wp-json\/wp\/v2\/posts"}],"about":[{"href":"https:\/\/www.entrerios.gov.ar\/cultura\/wp-json\/wp\/v2\/types\/post"}],"author":[{"embeddable":true,"href":"https:\/\/www.entrerios.gov.ar\/cultura\/wp-json\/wp\/v2\/users\/5"}],"replies":[{"embeddable":true,"href":"https:\/\/www.entrerios.gov.ar\/cultura\/wp-json\/wp\/v2\/comments?post=6562"}],"version-history":[{"count":1,"href":"https:\/\/www.entrerios.gov.ar\/cultura\/wp-json\/wp\/v2\/posts\/6562\/revisions"}],"predecessor-version":[{"id":6566,"href":"https:\/\/www.entrerios.gov.ar\/cultura\/wp-json\/wp\/v2\/posts\/6562\/revisions\/6566"}],"wp:featuredmedia":[{"embeddable":true,"href":"https:\/\/www.entrerios.gov.ar\/cultura\/wp-json\/wp\/v2\/media\/6563"}],"wp:attachment":[{"href":"https:\/\/www.entrerios.gov.ar\/cultura\/wp-json\/wp\/v2\/media?parent=6562"}],"wp:term":[{"taxonomy":"category","embeddable":true,"href":"https:\/\/www.entrerios.gov.ar\/cultura\/wp-json\/wp\/v2\/categories?post=6562"},{"taxonomy":"post_tag","embeddable":true,"href":"https:\/\/www.entrerios.gov.ar\/cultura\/wp-json\/wp\/v2\/tags?post=6562"}],"curies":[{"name":"wp","href":"https:\/\/api.w.org\/{rel}","templated":true}]}}