{"id":6719,"date":"2022-09-16T12:59:04","date_gmt":"2022-09-16T12:59:04","guid":{"rendered":"https:\/\/www.entrerios.gov.ar\/cultura\/?p=6719"},"modified":"2022-09-16T12:59:06","modified_gmt":"2022-09-16T12:59:06","slug":"se-desarrollo-el-encuentro-provincial-de-bibliotecarios","status":"publish","type":"post","link":"https:\/\/www.entrerios.gov.ar\/cultura\/se-desarrollo-el-encuentro-provincial-de-bibliotecarios\/","title":{"rendered":"<strong>Se desarroll\u00f3 el Encuentro Provincial de Bibliotecarios<\/strong>"},"content":{"rendered":"\n<p>La renovada Sala de Lectura de la Biblioteca Provincial -organismo dependiente de la Secretar\u00eda de Cultura de Entre R\u00edos- fue el espacio ideal para que un centenar de bibliotecarias y bibliotecarios de diferentes lugares de la provincia se re\u00fanan a celebrar su d\u00eda y compartir experiencias. El Encuentro Provincial de Bibliotecarios cont\u00f3 con la presencia de la vicedirectora de la Biblioteca Nacional&nbsp; \u201cMariano Moreno\u201d, Lic. Elsa Rapetti.<\/p>\n\n\n\n<p>El director de la Biblioteca Provincial, N\u00e9stor Rodr\u00edguez salud\u00f3 a las bibliotecarias y bibliotecarios presentes por su d\u00eda, les agradeci\u00f3 su participaci\u00f3n y destac\u00f3 el valor del trabajo cotidiano de cada bibliotecaria y bibliotecario de la provincia, \u201ceste Encuentro tiene como principal objetivo visibilizar la labor de cada uno de ustedes, en el lugar de la provincia que se encuentren\u201d se\u00f1al\u00f3.\u00a0<\/p>\n\n\n\n<figure class=\"wp-block-image size-large\"><img loading=\"lazy\" decoding=\"async\" width=\"1024\" height=\"732\" src=\"https:\/\/www.entrerios.gov.ar\/cultura\/wp-content\/uploads\/2022\/09\/BP_EncuentroB22_2-1024x732.jpg\" alt=\"\" class=\"wp-image-6721\" srcset=\"https:\/\/www.entrerios.gov.ar\/cultura\/wp-content\/uploads\/2022\/09\/BP_EncuentroB22_2-980x701.jpg 980w, https:\/\/www.entrerios.gov.ar\/cultura\/wp-content\/uploads\/2022\/09\/BP_EncuentroB22_2-480x343.jpg 480w\" sizes=\"auto, (min-width: 0px) and (max-width: 480px) 480px, (min-width: 481px) and (max-width: 980px) 980px, (min-width: 981px) 1024px, 100vw\" \/><\/figure>\n\n\n\n<p>Por su parte la Lic. Elsa Rapetti, destac\u00f3 principalmente el trabajo de la direcci\u00f3n y el equipo de bibliotecarias de la Biblioteca Provincial, sobre todo en relaci\u00f3n a la conservaci\u00f3n y organizaci\u00f3n de tan valioso patrimonio cultural. Manifest\u00f3 su satisfacci\u00f3n de poder participar de este tipo de encuentros, donde \u201ctenemos la posibilidad de visitar distintas bibliotecas de todo el pa\u00eds, conocer sus realidades y nutrirnos del trabajo colaborativo. Visitando esta instituci\u00f3n me he encontrado con un maravilloso lugar, muy bien gestionado y conservado, que presta un invalorable servicio a los entrerrianos\u201d finaliz\u00f3 la funcionaria nacional.<\/p>\n\n\n\n<p>En el evento cont\u00f3 con las exposiciones del Lic. Andr\u00e9s Chaparro de la Biblioteca y Centro de Documentaci\u00f3n \u201cAlumna Silvia Wollert\u201d, Facultad de Trabajo Social, UNER; la directora de la Unidad Educativa de Nivel Inicial N\u00ba18 \u201cDejando Huellitas, Nuria Gonz\u00e1lez; la Tec. Bibliotecaria de la Biblioteca Provincial, Adriana Gerstner; el presidente de la Federaci\u00f3n de Bibliotecas Populares, Jorge P\u00e9saro; quedando el cierre a cargo del Lic. Romani, quien present\u00f3 \u201cEscritores y bibliotecas\u201d.<\/p>\n\n\n\n<p>El acto de apertura cont\u00f3 con la presencia de la vicedirectora de la Biblioteca Nacional&nbsp; \u201cMariano Moreno\u201d, Lic. Elsa Rapetti; El director de la Biblioteca Provincial, N\u00e9stor R\u00f3driguez; el director del Archivo Hist\u00f3rico Provincial, Dami\u00e1n Capdevilla; la directora de Informaci\u00f3n, Evaluaci\u00f3n y Planeamiento Educativo de CGE, Claudia Azc\u00e1rate; la directora de Organizaci\u00f3n de Tratamiento de la Informaci\u00f3n de BNMM, Gisela Korth; el presidente de la Federaci\u00f3n de Bibliotecas Populares, Jorge P\u00e9saro; y el Lic. Roberto Romani.<\/p>\n\n\n\n<p>(Prensa Biblioteca Provincial)<\/p>\n","protected":false},"excerpt":{"rendered":"<p>La renovada Sala de Lectura de la Biblioteca Provincial -organismo dependiente de la Secretar\u00eda de Cultura de Entre R\u00edos- fue el espacio ideal para que un centenar de bibliotecarias y bibliotecarios de diferentes lugares de la provincia se re\u00fanan a celebrar su d\u00eda y compartir experiencias. El Encuentro Provincial de Bibliotecarios cont\u00f3 con la presencia [&hellip;]<\/p>\n","protected":false},"author":5,"featured_media":6720,"comment_status":"open","ping_status":"open","sticky":false,"template":"","format":"standard","meta":{"_et_pb_use_builder":"off","_et_pb_old_content":"","_et_gb_content_width":"","footnotes":""},"categories":[1,28,5],"tags":[],"class_list":["post-6719","post","type-post","status-publish","format-standard","has-post-thumbnail","hentry","category-destacado","category-noticias","category-biblioteca-provincial"],"_links":{"self":[{"href":"https:\/\/www.entrerios.gov.ar\/cultura\/wp-json\/wp\/v2\/posts\/6719","targetHints":{"allow":["GET"]}}],"collection":[{"href":"https:\/\/www.entrerios.gov.ar\/cultura\/wp-json\/wp\/v2\/posts"}],"about":[{"href":"https:\/\/www.entrerios.gov.ar\/cultura\/wp-json\/wp\/v2\/types\/post"}],"author":[{"embeddable":true,"href":"https:\/\/www.entrerios.gov.ar\/cultura\/wp-json\/wp\/v2\/users\/5"}],"replies":[{"embeddable":true,"href":"https:\/\/www.entrerios.gov.ar\/cultura\/wp-json\/wp\/v2\/comments?post=6719"}],"version-history":[{"count":1,"href":"https:\/\/www.entrerios.gov.ar\/cultura\/wp-json\/wp\/v2\/posts\/6719\/revisions"}],"predecessor-version":[{"id":6722,"href":"https:\/\/www.entrerios.gov.ar\/cultura\/wp-json\/wp\/v2\/posts\/6719\/revisions\/6722"}],"wp:featuredmedia":[{"embeddable":true,"href":"https:\/\/www.entrerios.gov.ar\/cultura\/wp-json\/wp\/v2\/media\/6720"}],"wp:attachment":[{"href":"https:\/\/www.entrerios.gov.ar\/cultura\/wp-json\/wp\/v2\/media?parent=6719"}],"wp:term":[{"taxonomy":"category","embeddable":true,"href":"https:\/\/www.entrerios.gov.ar\/cultura\/wp-json\/wp\/v2\/categories?post=6719"},{"taxonomy":"post_tag","embeddable":true,"href":"https:\/\/www.entrerios.gov.ar\/cultura\/wp-json\/wp\/v2\/tags?post=6719"}],"curies":[{"name":"wp","href":"https:\/\/api.w.org\/{rel}","templated":true}]}}