{"id":6874,"date":"2022-09-27T13:40:42","date_gmt":"2022-09-27T13:40:42","guid":{"rendered":"https:\/\/www.entrerios.gov.ar\/cultura\/?p=6874"},"modified":"2022-09-27T13:40:45","modified_gmt":"2022-09-27T13:40:45","slug":"se-conocieron-las-obras-seleccionadas-para-el-lix-salon-provincial-de-artes-visuales-de-entre-rios-2022","status":"publish","type":"post","link":"https:\/\/www.entrerios.gov.ar\/cultura\/se-conocieron-las-obras-seleccionadas-para-el-lix-salon-provincial-de-artes-visuales-de-entre-rios-2022\/","title":{"rendered":"<strong>Se conocieron las obras seleccionadas para el LIX Sal\u00f3n Provincial de Artes Visuales de Entre R\u00edos 2022<\/strong>"},"content":{"rendered":"\n<p>De un total de 260 obras postuladas en seis disciplinas, el jurado seleccion\u00f3 las 122 piezas que integrar\u00e1n la edici\u00f3n 2022 del tradicional Sal\u00f3n convocado por la Secretar\u00eda de Cultura de la Provincia y organizado, cada a\u00f1o, por el Museo Provincial de Bellas Artes Dr. Pedro E. Mart\u00ednez.<\/p>\n\n\n\n<p>El jurado -integrado por el destacado especialista en arte, investigador, te\u00f3rico y curador Rodrigo Alonso; el pintor y escultor Adri\u00e1n Carnevale; y la multipremiada pintora, grabadora y docente&nbsp; Alicia D\u00edaz Rinaldi- seleccion\u00f3 por decisi\u00f3n un\u00e1nime el conjunto de trabajos presentados por m\u00e1s de 200 artistas de todo el territorio provincial.<\/p>\n\n\n\n<p>La definici\u00f3n de los Premios Adquisici\u00f3n &#8220;Gobierno de Entre R\u00edos&#8221; ser\u00e1 el pr\u00f3ximo 4 de noviembre de 2022 en una nueva reuni\u00f3n del jurado en modo presencial.&nbsp;<\/p>\n\n\n\n<p>La inauguraci\u00f3n de la exposici\u00f3n m\u00e1s numerosa y significativa de las artes visuales entrerrianas y el acto de entrega de premios est\u00e1n&nbsp;previstos&nbsp;para el Viernes 2 de diciembre a las 20 en la sede del Museo.&nbsp;<\/p>\n\n\n\n<p>La n\u00f3mina completa de obras y artistas seleccionados es la siguiente:<\/p>\n\n\n\n<p><\/p>\n\n\n\n<p><strong>Secci\u00f3n Arte Cer\u00e1mico.<\/strong>\u00a0De 31 obras se seleccionaron 18.<\/p>\n\n\n\n<p>Zapata, Susana Raquel: &#8220;Sphairos&#8221; y &#8220;Lucha o Huida&#8221;&nbsp; &nbsp;<\/p>\n\n\n\n<p>Anthonioz Blanc, Flavia Patricia: &#8220;La tierra es hembra&#8221;&nbsp;<\/p>\n\n\n\n<p>Mateos, Clorinda: &#8220;Memoria del agua&#8221;&nbsp;<\/p>\n\n\n\n<p>Ca\u00f1ete, Sebasti\u00e1n: &#8220;Principio ardiente&#8221;<\/p>\n\n\n\n<p>Lucioni, Natalia Soledad: &#8220;Ni una menos&#8221;&nbsp;<\/p>\n\n\n\n<p>Guerrero, Guillermo: &#8220;Centro de conversiones&#8221;&nbsp;<\/p>\n\n\n\n<p>Schiavo, Marisa Alejandra: &#8220;Entra\u00f1as del r\u00edo&#8221;&nbsp;<\/p>\n\n\n\n<p>Santini, Ana:&nbsp; &#8220;Madreselva&#8221;&nbsp;<\/p>\n\n\n\n<p>Delbino, Mar\u00eda Nelva: &#8220;Invitaci\u00f3n a verte&#8221; y&nbsp; &#8220;Quien quiera nacer debe romper un mundo&#8221;<\/p>\n\n\n\n<p>Troncozo, Zulma Celsa &#8220;Ela&#8221;&nbsp;<\/p>\n\n\n\n<p>Abrego, Patricia Silvina: &#8220;De la unidad del fragmento&#8221;<\/p>\n\n\n\n<p>Zacur, Daniela Paola: &#8220;Movimiento 1&#8221; y &#8220;Qui\u00e9n dijo que era una manzana&#8221;&nbsp;<\/p>\n\n\n\n<p>Torres Gareis, B\u00e1rbara: &#8220;\u00d1andurir\u00e9, sue\u00f1o con dragones&#8221;&nbsp;<\/p>\n\n\n\n<p>Meza, Marcelo: &#8220;Esas Voces&#8221; e &#8220;Inmersi\u00f3n&#8221;<\/p>\n\n\n\n<p><\/p>\n\n\n\n<p><strong>Secci\u00f3n Arte Textil.\u00a0<\/strong>De 29 obras postuladas fueron seleccionadas 20.<\/p>\n\n\n\n<p>Herrera, Mariela Isabel:&nbsp; &#8220;\u00daltimo viaje\u201d<\/p>\n\n\n\n<p>Zaballo, Ana Mar\u00eda: \u201cP\u00e9rdida y B\u00fasqueda del estado ideal de bienestar\u201d<\/p>\n\n\n\n<p>Firpo, Juan Jos\u00e9: \u201cOne banana\u201d<\/p>\n\n\n\n<p>Horsmann, Adriana Mar\u00eda: \u201cFortaleza\u201d<\/p>\n\n\n\n<p>Zanuttini, Silvia Gabriela: \u201cSeries miradas\u201d<\/p>\n\n\n\n<p>Beker, Ludmila: \u201cComi\u00e9ndome la cabeza\u201d y \u201cEl ombligo del mundo\u201d<\/p>\n\n\n\n<p>Garay, Natalia:&nbsp;&nbsp;\u201cHola, te dej\u00e9 saquitos en la puerta\u201d<\/p>\n\n\n\n<p>Alberto, Mar\u00eda Fernada: \u201cPresagio\u201d<\/p>\n\n\n\n<p>Requino, Mar\u00eda Paola: \u201cRemendar la fragilidad\u201d<\/p>\n\n\n\n<p>Asensio, Maria Alejandra: \u201cHabla por mi\u201d<\/p>\n\n\n\n<p>Metivi\u00e9, Mari\u00e1ngeles: \u201cMuestrario bot\u00e1nico del barrio\u201d<\/p>\n\n\n\n<p>Gaioli, Nora Alicia: \u201cMicelar\u201d<\/p>\n\n\n\n<p>Coppola, Noelia: \u201cLas culpas\u201d<\/p>\n\n\n\n<p>Frioni Ferreyra, Mar\u00eda Gimena: \u201cCoexistir en lo fugaz\u201d<\/p>\n\n\n\n<p>Toloy, Annelise: \u201cSecuencia de una carga\u201d<\/p>\n\n\n\n<p>Ortiz, Graciela Noem\u00ed: \u201cLes desterrades\u201d<\/p>\n\n\n\n<p>Fries, Noelia Noem\u00ed: \u201cCuando tu beso tambi\u00e9n fue m\u00edo\u201d<\/p>\n\n\n\n<p>Almada, Lilian: \u201dIn Vitro&#8221; serie contranatura<\/p>\n\n\n\n<p>Marchioni, Ana Maria: Alegor\u00eda adolescente<\/p>\n\n\n\n<p><\/p>\n\n\n\n<p><strong>Secci\u00f3n Dibujo.<\/strong>\u00a0De 49 obras fueron seleccionadas 21.<\/p>\n\n\n\n<p>Saffre, Cristian Agustin: \u201cDentro del mundo de la pesadilla\u201d<\/p>\n\n\n\n<p>Olier, L\u00e1zaro Juan Mart\u00edn: \u201cBuen d\u00eda\u201d<\/p>\n\n\n\n<p>Quinteros, Federico: \u201cDisputa\u201d y \u201cLo que pesa\u201d<\/p>\n\n\n\n<p>Risso, Ver\u00f3nica Isabel: \u201cMi presencia \u2026\u201d<\/p>\n\n\n\n<p>Andrade, Luis Mar\u00eda: \u201cPrecipitada, ca\u00edda libre\u201d<\/p>\n\n\n\n<p>Garay, Natalia: \u201cVendr\u00e1n lluvias suaves\u201d<\/p>\n\n\n\n<p>Noto, Cristian Damian: \u201cSr. Embajador\u201d<\/p>\n\n\n\n<p>Cardoso, Jos\u00e9: \u201cEpifan\u00eda en confinamiento 2020\u201d y \u201cLa Ofelia\u201d<\/p>\n\n\n\n<p>Couvet, Federico: \u201cCanales de informaci\u00f3n\u201d<\/p>\n\n\n\n<p>Acosta, Jorge: \u201cVariaciones I\u201d<\/p>\n\n\n\n<p>Ortega, Carlos: \u201cMadre tierra I\u201d<\/p>\n\n\n\n<p>Vercellino, Aldo: \u201cViajes imaginarios\u201d<\/p>\n\n\n\n<p>Digiovani, Carla Solange: \u201cSue\u00f1o Et\u00e9reo\u201d<\/p>\n\n\n\n<p>Bonus, Alberto Federico: \u201cVirustars\u201d y \u201cVirustars I\u201d<\/p>\n\n\n\n<p>Aguilar, Elina: \u201cEl ritmo del agua\u201d<\/p>\n\n\n\n<p>Carmona, Cynthia Nazareth: \u201cCuando llueve por la tarde no se puede salir a jugar\u201d<\/p>\n\n\n\n<p>Amarillo, Carina: \u201cAnimales humanizados\u201d<\/p>\n\n\n\n<p>Balcala, Valentina M.: \u201cConsciencia\u201d<\/p>\n\n\n\n<p><\/p>\n\n\n\n<p><strong>Secci\u00f3n Escultura<\/strong>. De 25 obras se seleccionaron 17<\/p>\n\n\n\n<p>Saluzzio, Edgardo: \u201c\u00bfPor qu\u00e9 me prometen?\u201d<\/p>\n\n\n\n<p>Godoy, Ram\u00f3n H\u00e9ctor: \u201cKico\u201d<\/p>\n\n\n\n<p>Caputo, Javier: \u201cHumo de agua\u201d<\/p>\n\n\n\n<p>Villarraza, Ricardo: \u201cSin fon\u00eda\u201d<\/p>\n\n\n\n<p>Ayala, Dami\u00e1n Alberto: \u201cPlaya negra\u201d de la serie \u201cTu quema me quema\u201d<\/p>\n\n\n\n<p>Bertos, Guido: \u201cM\u00e1quina de la felicidad I. Sobre la inherente complejidad de la contradicci\u00f3n\u201d<\/p>\n\n\n\n<p>Cardoso, Jos\u00e9: \u201cMilonga de un desencuentro\u201d<\/p>\n\n\n\n<p>Lucioni, Natalia Soledad: \u201cSuspiros\u201d<\/p>\n\n\n\n<p>Vidal, Justino Osvaldo: \u201c\u00daltima fila\u201d<\/p>\n\n\n\n<p>Riccardi, Mario Martin: \u201cDesatando mandatos\u201d<\/p>\n\n\n\n<p>Grand, Agustina Nazarena: Impert\u00e9rrito<\/p>\n\n\n\n<p>Fontelles, Silvina Noem\u00ed: \u201cDeducciones de t\u00edo\u201d<\/p>\n\n\n\n<p>Lista, Alejandro: \u201cIt\u00b4s my life\u201d<\/p>\n\n\n\n<p>Battauz, Carlos Walter: \u201cSouvenirs _N paisajes (Bajada Grande 2020\/22)\u201d<\/p>\n\n\n\n<p>Marchioni, Ana Mar\u00eda: \u201cVac\u00edo\u201d<\/p>\n\n\n\n<p>Bonus, Alberto Federico: \u201cEl encuentro\u201d<\/p>\n\n\n\n<p>Tosolino, Marisa: \u201cEl nobel del ARTE\u201d<\/p>\n\n\n\n<p><\/p>\n\n\n\n<p><strong>Secci\u00f3n Grabado<\/strong>. De 35 obras postuladas se seleccionaron 19<\/p>\n\n\n\n<p>Biaggini, Germ\u00e1n Horacio: \u201cPirineas\u201d y \u201cPirineas II\u201d<\/p>\n\n\n\n<p>Medrano, Nestor: \u201c3 Mar\u00edas\u201d y \u201cSuuu\u2026 Delgado\u201d<\/p>\n\n\n\n<p>Villafa\u00f1e, Johanna M: \u201cFuerza de la naturaleza\u201d<\/p>\n\n\n\n<p>Bourband, Luis C\u00e9sar: \u201cUn brindis por la vida\u201d<\/p>\n\n\n\n<p>Ugalde, Constanza: \u201c100% inflaci\u00f3n\u201d y \u201cSe hizo carne\u201d<\/p>\n\n\n\n<p>Flores, Agustina: \u201cPeseis descartable\u201d<\/p>\n\n\n\n<p>Valdez, Walter: \u201cAnimal nocturno\u201d y \u201cAnimal diurno\u201d<\/p>\n\n\n\n<p>Rios, Leticia: \u201cDe lo posible, nada\u201d<\/p>\n\n\n\n<p>Prinsich, Jacqueline: \u201cValientes\u201d<\/p>\n\n\n\n<p>Menescardi, Francisco: \u201cAcci\u00f3n 2-2\u201d<\/p>\n\n\n\n<p>Bonus, Alberto Federico: \u201cS.O.S\u201d<\/p>\n\n\n\n<p>Alberto, Maria Fernanda: \u201cImposibles cuerpos\u201d<\/p>\n\n\n\n<p>Almada, Lilian: \u201cLa grieta\u201d<\/p>\n\n\n\n<p>Piacenza, Agustina: \u201cNo lo sueltes\u201d<\/p>\n\n\n\n<p>Milocco, Mario Daniel: \u201cAs\u00ed estamos\u2026\u201d<\/p>\n\n\n\n<p><\/p>\n\n\n\n<p><strong>Secci\u00f3n Pintura.<\/strong>\u00a0De 91 obras postuladas se seleccionaron 27.<\/p>\n\n\n\n<p>Calabrese, Gabriel Felipe: &#8220;El galp\u00f3n del tren transformado en vestuario &#8211; Serie &#8220;Antes del corso&#8221;;&nbsp;<\/p>\n\n\n\n<p>Reyes, Jer\u00f3nimo:&nbsp; &#8220;Oferta&#8221; y &#8220;Suscribite&#8221;&nbsp;<\/p>\n\n\n\n<p>Bernardi, C\u00e9sar: &#8220;La gualicho&#8221;<\/p>\n\n\n\n<p>Marzo, Liliana Beatriz: &#8220;Sin t\u00edtulo&#8221;<\/p>\n\n\n\n<p>Mart\u00ednez, Fernando: &#8220;Palas atenea frente al sistema imperativo&#8221; y &#8220;Escenario para desenchufarse&#8221;<\/p>\n\n\n\n<p>Villanova, Alonso Nicolas: &#8220;Verde asqueroso&#8221;&nbsp;<\/p>\n\n\n\n<p>Maiolo, Claudia Elida: &#8220;Amistad&#8221;<\/p>\n\n\n\n<p>Almada, Iv\u00e1n Exequiel: &#8220;Basural a cielo abierto Feliciano 2022&#8221;<\/p>\n\n\n\n<p>Villarraza, Ricardo: &#8220;Todo es suma de partes&#8221;&nbsp;<\/p>\n\n\n\n<p>M\u00fcller, Marianela: &#8220;El viaje de la biblioteca&#8221;&nbsp;<\/p>\n\n\n\n<p>Ortega, Carlos: &#8220;Noche de fuego&#8221; y&nbsp; &#8220;D\u00eda de fuego&#8221;&nbsp;<\/p>\n\n\n\n<p>Salinas, Ramiro: &#8220;El descanso del pianista&#8221;&nbsp;<\/p>\n\n\n\n<p>Camurri, Ezequiel: &#8220;Susurro&#8221;&nbsp;<\/p>\n\n\n\n<p>Barnes, Marcelo Maximiliano: &#8220;Dialogar el silencio VII&#8221;<\/p>\n\n\n\n<p>L\u00f3pez, Luz: &#8220;Los que reciben&#8221;&nbsp;<\/p>\n\n\n\n<p>Meurer, Eleonora Zulema: &#8220;R\u00edo Paran\u00e1&#8221;<\/p>\n\n\n\n<p>Butvilofsky, Diana: &#8220;Producci\u00f3n entrerriana I&#8221;<\/p>\n\n\n\n<p>Montefiori, Juan Francisco: &#8220;Uprissing&#8221;<\/p>\n\n\n\n<p>Musich, Walter Nelson: &#8220;Ladridos del ca\u00f1averal&#8221;&nbsp;<\/p>\n\n\n\n<p>Hirschhorn, Carolina: &#8220;La noche del Curur\u00fa&#8221;<\/p>\n\n\n\n<p>Santos, Maximiliano Oscar: &#8220;\u00bfEspera?&#8221;<\/p>\n\n\n\n<p>K\u00fcffer, Facundo: &#8220;Coraz\u00f3n&#8221;<\/p>\n\n\n\n<p>Zacur, Daniela Paola: &#8220;En la&nbsp;plaza&#8221;<\/p>\n\n\n\n<p>Larrosa, Carlos Alberto: &#8220;Nada&#8221;<\/p>\n\n\n\n<p><strong><u>Prensa Museo Provincial de Bellas Artes Dr. Pedro E. Mart\u00ednez<\/u><\/strong><\/p>\n\n\n\n<p><strong><u>Secretar\u00eda de Cultura &#8211; Gobierno de Entre R\u00edos<\/u><\/strong><\/p>\n","protected":false},"excerpt":{"rendered":"<p>De un total de 260 obras postuladas en seis disciplinas, el jurado seleccion\u00f3 las 122 piezas que integrar\u00e1n la edici\u00f3n 2022 del tradicional Sal\u00f3n convocado por la Secretar\u00eda de Cultura de la Provincia y organizado, cada a\u00f1o, por el Museo Provincial de Bellas Artes Dr. Pedro E. Mart\u00ednez. El jurado -integrado por el destacado especialista [&hellip;]<\/p>\n","protected":false},"author":5,"featured_media":6875,"comment_status":"open","ping_status":"open","sticky":false,"template":"","format":"standard","meta":{"_et_pb_use_builder":"off","_et_pb_old_content":"","_et_gb_content_width":"","footnotes":""},"categories":[1,28,58,9],"tags":[],"class_list":["post-6874","post","type-post","status-publish","format-standard","has-post-thumbnail","hentry","category-destacado","category-noticias","category-concursos-cerrados","category-museo-bellas-artes"],"_links":{"self":[{"href":"https:\/\/www.entrerios.gov.ar\/cultura\/wp-json\/wp\/v2\/posts\/6874","targetHints":{"allow":["GET"]}}],"collection":[{"href":"https:\/\/www.entrerios.gov.ar\/cultura\/wp-json\/wp\/v2\/posts"}],"about":[{"href":"https:\/\/www.entrerios.gov.ar\/cultura\/wp-json\/wp\/v2\/types\/post"}],"author":[{"embeddable":true,"href":"https:\/\/www.entrerios.gov.ar\/cultura\/wp-json\/wp\/v2\/users\/5"}],"replies":[{"embeddable":true,"href":"https:\/\/www.entrerios.gov.ar\/cultura\/wp-json\/wp\/v2\/comments?post=6874"}],"version-history":[{"count":1,"href":"https:\/\/www.entrerios.gov.ar\/cultura\/wp-json\/wp\/v2\/posts\/6874\/revisions"}],"predecessor-version":[{"id":6876,"href":"https:\/\/www.entrerios.gov.ar\/cultura\/wp-json\/wp\/v2\/posts\/6874\/revisions\/6876"}],"wp:featuredmedia":[{"embeddable":true,"href":"https:\/\/www.entrerios.gov.ar\/cultura\/wp-json\/wp\/v2\/media\/6875"}],"wp:attachment":[{"href":"https:\/\/www.entrerios.gov.ar\/cultura\/wp-json\/wp\/v2\/media?parent=6874"}],"wp:term":[{"taxonomy":"category","embeddable":true,"href":"https:\/\/www.entrerios.gov.ar\/cultura\/wp-json\/wp\/v2\/categories?post=6874"},{"taxonomy":"post_tag","embeddable":true,"href":"https:\/\/www.entrerios.gov.ar\/cultura\/wp-json\/wp\/v2\/tags?post=6874"}],"curies":[{"name":"wp","href":"https:\/\/api.w.org\/{rel}","templated":true}]}}