{"id":6880,"date":"2022-09-28T07:04:00","date_gmt":"2022-09-28T07:04:00","guid":{"rendered":"https:\/\/www.entrerios.gov.ar\/cultura\/?p=6880"},"modified":"2022-09-27T15:05:48","modified_gmt":"2022-09-27T15:05:48","slug":"extrana-fuga-de-la-anciana-y-su-criada-se-presenta-en-domingos-de-teatro-en-la-usina","status":"publish","type":"post","link":"https:\/\/www.entrerios.gov.ar\/cultura\/extrana-fuga-de-la-anciana-y-su-criada-se-presenta-en-domingos-de-teatro-en-la-usina\/","title":{"rendered":"<strong>\u201cExtra\u00f1a fuga de la anciana y su criada\u201d se presenta en Domingos de Teatro en la Usina<\/strong>"},"content":{"rendered":"\n<p>Este domingo 2 de octubre, a las 21 hs., se presentar\u00e1 la obra teatral \u201cExtra\u00f1a fuga de la anciana y su criada\u201d escrita por la dramaturga y guionista argentina, Adriana Tursi, con las actuaciones de Charo Montiel y Gloria Mathern, dirigidas por Luciana Obaid y Elba Neme.<\/p>\n\n\n\n<p>A partir del domingo 2 de octubre, las funciones del Ciclo Domingos de Teatro que se realizan en el centro cultural provincial La Vieja Usina, comenzar\u00e1n a las 21 hs. Se recuerda que el comienzo es puntual y que el ingreso es por orden de llegada.<\/p>\n\n\n\n<p>El ciclo es una iniciativa impulsada por la Secretar\u00eda de Cultura de Entre R\u00edos.&nbsp;<\/p>\n\n\n\n<p><strong>Sobre la obra<\/strong><\/p>\n\n\n\n<p>Dos mujeres: La Anciana y su Criada, est\u00e1n encerradas en lo que otrora fuera la aristocr\u00e1tica casa de la mujer mayor. Intentar\u00e1n inventar un escape ante el embate de la fiebre amarilla de 1871.<\/p>\n\n\n\n<p>El afuera de la casa se erige en enemigo y abismo. Afuera acecha la peste, la muerte. Adentro a\u00fan hay salvaci\u00f3n y es posible so\u00f1ar.<\/p>\n\n\n\n<p>La realidad se mezclar\u00e1 con un pasado que vuelve y deshilvana la historia que ha tejido el destino de las dos.<\/p>\n\n\n\n<p>Lo han compartido todo: los hijos, la casa, el amor, los roles se trastocan, los recuerdos toman partido y se materializan en el presente de las protagonistas.<\/p>\n\n\n\n<p>Las artistas involucradas en el proceso creativo explican que \u201cponer en escena hoy esta obra, se torna imprescindible\u201d. Teniendo en cuenta lo que sucedi\u00f3 en los a\u00f1os m\u00e1s complejos de la pandemia de Covid-19 pensamos: \u00bfC\u00f3mo se conforman nuestros v\u00ednculos humanos cuando lo inexorable nos acecha? Esta obra nos propone una respuesta en tanto pone en cuesti\u00f3n los temas sobre los que ronda la condici\u00f3n humana: el amor, la muerte, la vejez, los deseos. La obra ahonda en lo que hoy podemos conceptualizar como sororidad, dos mujeres que tienen entrelazadas sus historias de vida, se sostuvieron y acompa\u00f1aron a pesar de sus diferencias: raciales, de clase, econ\u00f3micas y culturales. Las dos, que sufrieron la condici\u00f3n de ser mujer, sue\u00f1an una fuga ante una realidad en el que la libertad se vuelve una quimera. En esta trama cotidiana se desprende un v\u00ednculo que es afectivo y tambi\u00e9n pol\u00edtico, en tanto ellas han sostenido la vida juntas, a lo largo del tiempo, en base a una relaci\u00f3n no elegida pero que ha devenido imprescindible para sobrevivir. La obra cual espejo es una invitaci\u00f3n a reflexionar sobre la urgencia de la vida y propone una certeza: existir, es esa experiencia que se teje siempre con otros.<\/p>\n\n\n\n<p><strong>Ficha T\u00e9cnica:<\/strong><\/p>\n\n\n\n<p>Act\u00faan: Charo Montiel y Gloria Mathern<\/p>\n\n\n\n<p>Vestuario: Maxi Santos<\/p>\n\n\n\n<p>Ambientaci\u00f3n Sonora: Ariel Dutria<\/p>\n\n\n\n<p>Iluminaci\u00f3n: Lula Obaid.<\/p>\n\n\n\n<p>Fotograf\u00edas: Anabella Dalinger<\/p>\n\n\n\n<p>Prensa: Juan Manuel Kunzi<\/p>\n\n\n\n<p>Direcci\u00f3n y puesta en escena: Elba Neme y Lula Obaid.<\/p>\n\n\n\n<p><\/p>\n\n\n\n<p style=\"font-size:11px\"><strong><em>Prensa y difusi\u00f3n\u00a0<\/em><\/strong><\/p>\n\n\n\n<p style=\"font-size:11px\"><em>Centro Cultural y de Convenciones La Vieja Usina<\/em><\/p>\n\n\n\n<p style=\"font-size:11px\"><em>Gregoria Matorras 861- Paran\u00e1 &#8211; Entre R\u00edos.<\/em><\/p>\n\n\n\n<p style=\"font-size:11px\"><em>Tel\u00e9fonos: 0343 4211074&nbsp;<\/em><\/p>\n\n\n\n<p style=\"font-size:11px\"><em>Facebook La Vieja Usina<\/em><\/p>\n\n\n\n<p style=\"font-size:11px\"><em>Instagram @la_vieja_usina_parana<\/em><\/p>\n","protected":false},"excerpt":{"rendered":"<p>Este domingo 2 de octubre, a las 21 hs., se presentar\u00e1 la obra teatral \u201cExtra\u00f1a fuga de la anciana y su criada\u201d escrita por la dramaturga y guionista argentina, Adriana Tursi, con las actuaciones de Charo Montiel y Gloria Mathern, dirigidas por Luciana Obaid y Elba Neme. A partir del domingo 2 de octubre, las [&hellip;]<\/p>\n","protected":false},"author":5,"featured_media":6881,"comment_status":"open","ping_status":"open","sticky":false,"template":"","format":"standard","meta":{"_et_pb_use_builder":"off","_et_pb_old_content":"","_et_gb_content_width":"","footnotes":""},"categories":[1,28,18],"tags":[],"class_list":["post-6880","post","type-post","status-publish","format-standard","has-post-thumbnail","hentry","category-destacado","category-noticias","category-centro-cultural-la-vieja-usina"],"_links":{"self":[{"href":"https:\/\/www.entrerios.gov.ar\/cultura\/wp-json\/wp\/v2\/posts\/6880","targetHints":{"allow":["GET"]}}],"collection":[{"href":"https:\/\/www.entrerios.gov.ar\/cultura\/wp-json\/wp\/v2\/posts"}],"about":[{"href":"https:\/\/www.entrerios.gov.ar\/cultura\/wp-json\/wp\/v2\/types\/post"}],"author":[{"embeddable":true,"href":"https:\/\/www.entrerios.gov.ar\/cultura\/wp-json\/wp\/v2\/users\/5"}],"replies":[{"embeddable":true,"href":"https:\/\/www.entrerios.gov.ar\/cultura\/wp-json\/wp\/v2\/comments?post=6880"}],"version-history":[{"count":1,"href":"https:\/\/www.entrerios.gov.ar\/cultura\/wp-json\/wp\/v2\/posts\/6880\/revisions"}],"predecessor-version":[{"id":6882,"href":"https:\/\/www.entrerios.gov.ar\/cultura\/wp-json\/wp\/v2\/posts\/6880\/revisions\/6882"}],"wp:featuredmedia":[{"embeddable":true,"href":"https:\/\/www.entrerios.gov.ar\/cultura\/wp-json\/wp\/v2\/media\/6881"}],"wp:attachment":[{"href":"https:\/\/www.entrerios.gov.ar\/cultura\/wp-json\/wp\/v2\/media?parent=6880"}],"wp:term":[{"taxonomy":"category","embeddable":true,"href":"https:\/\/www.entrerios.gov.ar\/cultura\/wp-json\/wp\/v2\/categories?post=6880"},{"taxonomy":"post_tag","embeddable":true,"href":"https:\/\/www.entrerios.gov.ar\/cultura\/wp-json\/wp\/v2\/tags?post=6880"}],"curies":[{"name":"wp","href":"https:\/\/api.w.org\/{rel}","templated":true}]}}