{"id":6978,"date":"2022-10-10T07:00:00","date_gmt":"2022-10-10T07:00:00","guid":{"rendered":"https:\/\/www.entrerios.gov.ar\/cultura\/?p=6978"},"modified":"2022-10-06T14:15:05","modified_gmt":"2022-10-06T14:15:05","slug":"el-ciclo-itinerante-territorio-de-bandas-llega-la-ciudad-de-federacion","status":"publish","type":"post","link":"https:\/\/www.entrerios.gov.ar\/cultura\/el-ciclo-itinerante-territorio-de-bandas-llega-la-ciudad-de-federacion\/","title":{"rendered":"<strong>El Ciclo itinerante \u201cTerritorio de Bandas\u201d llega la ciudad de Federaci\u00f3n<\/strong>"},"content":{"rendered":"\n<p>El ciclo \u201cTerritorio de Bandas, un ida y vuelta musical y federal\u201d, que impulsa artistas independientes en un recorrido por diversos escenarios de la provincia, tendr\u00e1 su primera escala en la ciudad de Federaci\u00f3n. La propuesta es impulsada por Casa de la Cultura de Entre R\u00edos a trav\u00e9s de la Secretar\u00eda de Cultura provincial.<\/p>\n\n\n\n<p>El s\u00e1bado 15 de octubre 20, en Av. San Martin (entre 25 de Marzo y Las Rosas) al aire libre, se presentar\u00e1n Emi Cersofio y su conjunto (Paran\u00e1), junto a La Orquesta Invisible de Carlos Pulidori (Federaci\u00f3n). La actividad es con entrada libre y gratuita.<\/p>\n\n\n\n<p>La actividad cuenta con el apoyo de la Direcci\u00f3n de Cultura de la ciudad de Federaci\u00f3n para llevar adelante el espect\u00e1culo.<\/p>\n\n\n\n<p>El ciclo se enmarca dentro del programa \u201cLa Casa Viaja\u201d, iniciativa que se gest\u00f3 en 2020, y que promueve articulaciones entre la Casa de la Cultura y diversos agentes culturales en todo el territorio provincial.<\/p>\n\n\n\n<p>\u201cTerritorio de Bandas\u201d vincula a m\u00fasicas y m\u00fasicos de diversos puntos de la provincia, a partir de la realizaci\u00f3n de recitales gratuitos en Paran\u00e1 y en espacios culturales del territorio provincial. La iniciativa es organizada por el centro cultural provincial dependiente de la Secretar\u00eda de Cultura de la Provincia.<\/p>\n\n\n\n<p><strong>SOBRE LAS BANDAS<\/strong><\/p>\n\n\n\n<p><strong>La Orquesta Invisible de Carlos Pulidori<\/strong><\/p>\n\n\n\n<p>Carlos Pulidori (Federaci\u00f3n, Entre R\u00edos 1981). Cantautor federaense que combina en su canci\u00f3n elementos propios del rock y pop con diferentes matices de mestizaje de la m\u00fasica negra latinoamericana (candombe, chacarera). Inici\u00f3 su proyecto solista en el a\u00f1o 2009.<\/p>\n\n\n\n<p>Ha editado \u00e1lbumes de estudio de manera independiente: Retratos editado en 2009; Mestizo en 2013; Alma Sonora en 2016; y Revoltoso 2018. Los discos est\u00e1n grabados en octeto, lo que se intenta recrear en el vivo con la banda.<\/p>\n\n\n\n<p>Festivales Internacionales: Sonamos Latinoam\u00e9rica Cusco 2015; Fiesta de Gracia Barcelona 2016; Nit del Art 2016, (Soller Mallorca); Nit del Art 2018, Soller Mallorca Canci\u00f3n de R\u00edo, Paysand\u00fa 2018; Ciclo Casa Canci\u00f3n Paysand\u00fa 2019; y Serenadas 2020, La Paloma.<\/p>\n\n\n\n<p>La Orquesta invisible se conform\u00f3 en 2018 tocar las canciones de Carlos Pulidori, conformada por Gunter Engelman (bajo contrabajo), Alexis Cecco (percusi\u00f3n acorde\u00f3n y teclados), Adrian Centuri\u00f3n (bater\u00eda y percusi\u00f3n), Diego Borghesan (primera guitarra) y Carlos Pulidori (segunda guitarra y voz).<\/p>\n\n\n\n<p><strong>Emi Cersofio y su conjunto<\/strong><\/p>\n\n\n\n<p>El tr\u00edo fusiona elementos del rock, hip-hop (RAP), pop, funk y jazz en arreglos de canciones de la cantautora paranaense Mar\u00eda Emilia Cersofio, quien ha bautizado al grupo como: \u201cEmi Cersofio y su conjunto\u201d, integrado por Bernardo Aguirre (guitarra el\u00e9ctrica y coros), Gonzalo D\u00edaz (bater\u00eda, accesorios y coros) y Emilia Cersofio (bajo y voz). El tr\u00edo present\u00f3 recientemente un disco llamado \u201cHAZ\u201d, disponible en plataformas digitales.<\/p>\n","protected":false},"excerpt":{"rendered":"<p>El ciclo \u201cTerritorio de Bandas, un ida y vuelta musical y federal\u201d, que impulsa artistas independientes en un recorrido por diversos escenarios de la provincia, tendr\u00e1 su primera escala en la ciudad de Federaci\u00f3n. La propuesta es impulsada por Casa de la Cultura de Entre R\u00edos a trav\u00e9s de la Secretar\u00eda de Cultura provincial. El [&hellip;]<\/p>\n","protected":false},"author":5,"featured_media":6979,"comment_status":"open","ping_status":"open","sticky":false,"template":"","format":"standard","meta":{"_et_pb_use_builder":"off","_et_pb_old_content":"","_et_gb_content_width":"","footnotes":""},"categories":[1,28,19],"tags":[],"class_list":["post-6978","post","type-post","status-publish","format-standard","has-post-thumbnail","hentry","category-destacado","category-noticias","category-casa-de-la-cultura-de-er"],"_links":{"self":[{"href":"https:\/\/www.entrerios.gov.ar\/cultura\/wp-json\/wp\/v2\/posts\/6978","targetHints":{"allow":["GET"]}}],"collection":[{"href":"https:\/\/www.entrerios.gov.ar\/cultura\/wp-json\/wp\/v2\/posts"}],"about":[{"href":"https:\/\/www.entrerios.gov.ar\/cultura\/wp-json\/wp\/v2\/types\/post"}],"author":[{"embeddable":true,"href":"https:\/\/www.entrerios.gov.ar\/cultura\/wp-json\/wp\/v2\/users\/5"}],"replies":[{"embeddable":true,"href":"https:\/\/www.entrerios.gov.ar\/cultura\/wp-json\/wp\/v2\/comments?post=6978"}],"version-history":[{"count":1,"href":"https:\/\/www.entrerios.gov.ar\/cultura\/wp-json\/wp\/v2\/posts\/6978\/revisions"}],"predecessor-version":[{"id":6980,"href":"https:\/\/www.entrerios.gov.ar\/cultura\/wp-json\/wp\/v2\/posts\/6978\/revisions\/6980"}],"wp:featuredmedia":[{"embeddable":true,"href":"https:\/\/www.entrerios.gov.ar\/cultura\/wp-json\/wp\/v2\/media\/6979"}],"wp:attachment":[{"href":"https:\/\/www.entrerios.gov.ar\/cultura\/wp-json\/wp\/v2\/media?parent=6978"}],"wp:term":[{"taxonomy":"category","embeddable":true,"href":"https:\/\/www.entrerios.gov.ar\/cultura\/wp-json\/wp\/v2\/categories?post=6978"},{"taxonomy":"post_tag","embeddable":true,"href":"https:\/\/www.entrerios.gov.ar\/cultura\/wp-json\/wp\/v2\/tags?post=6978"}],"curies":[{"name":"wp","href":"https:\/\/api.w.org\/{rel}","templated":true}]}}