{"id":6995,"date":"2022-10-12T12:10:28","date_gmt":"2022-10-12T12:10:28","guid":{"rendered":"https:\/\/www.entrerios.gov.ar\/cultura\/?p=6995"},"modified":"2023-06-15T15:40:25","modified_gmt":"2023-06-15T15:40:25","slug":"camino-a-la-conformacion-del-consejo-provincial-de-teatro","status":"publish","type":"post","link":"https:\/\/www.entrerios.gov.ar\/cultura\/camino-a-la-conformacion-del-consejo-provincial-de-teatro\/","title":{"rendered":"<strong>Camino a la conformaci\u00f3n del Consejo Provincial de Teatro<\/strong>"},"content":{"rendered":"\n<p>La Secretar\u00eda de Cultura de Entre R\u00edos da a conocer el primer listado de las personas que se inscribieron en el Padr\u00f3n de Trabajadoras y Trabajadores del Teatro Entrerriano y cumplieron con los requisitos establecidos en la Ley Provincial de Teatro Independiente (TIER), Ley N\u00b0 10.931, y su decreto reglamentario (Decreto n\u00b0 1741\/22).&nbsp;<\/p>\n\n\n\n<p>420 artistas esc\u00e9nicos de Entre R\u00edos ya forman parte del padr\u00f3n. El listado puede consultarse en el siguiente <a href=\"https:\/\/drive.google.com\/file\/d\/1wjlYUiaEeNXNph89T6bR7qnNH7siKq5G\/view\" target=\"_blank\" rel=\"noreferrer noopener\">enlace<\/a>. Hasta el momento la regi\u00f3n con m\u00e1s n\u00famero de empadronados fue la III, que agrupa los departamentos Paran\u00e1, Diamante, y La Paz. Este padr\u00f3n es provisorio, y quienes hayan completado el formulario, pero a\u00fan deban entregar alg\u00fan tipo de documentaci\u00f3n, tienen hasta el d\u00eda viernes 14 de octubre inclusive para hacerlo. En el caso de que se haya completado el formulario, pero no aparezca en este listado, se sugiere revisar la casilla de correo declarada, porque puede haber sido notificado de alg\u00fan faltante o error de archivos. Ante cualquier duda, las y los interesados deben comunicarse al correo: <a href=\"mailto:consejoprovincialdeteatroer@gmail.com\" target=\"_blank\" rel=\"noreferrer noopener\">consejoprovincialdeteatroer@gmail.com<\/a><\/p>\n\n\n\n<p>El padr\u00f3n definitivo se publicar\u00e1 el d\u00eda martes 18 de octubre.&nbsp;&nbsp;<\/p>\n\n\n\n<p>La conformaci\u00f3n del padr\u00f3n es el primer paso hacia la constituci\u00f3n del Consejo Provincial de Teatro. Las personas empadronadas podr\u00e1n votar para elegir la persona que represente a su regi\u00f3n en el Consejo Provincial de Teatro. Quienes deseen presentarse como candidatas\/os al cargo de representante regional, adem\u00e1s de estar empadronadas deber\u00e1n cumplir lo establecido en el art\u00edculo 15 de la Ley 10.931.<\/p>\n\n\n\n<p><strong>Sobre la Ley TIER<\/strong><\/p>\n\n\n\n<p>La Ley -sancionada en octubre de 2021- declara de inter\u00e9s p\u00fablico y esencial para el desarrollo de la cultura de la Provincia de Entre R\u00edos a la actividad teatral independiente en todo el territorio. El proyecto, impulsado por el Colectivo Teatristas Autoconvocades, fue presentado por la Diputada Stefan\u00eda Cora, en la Comisi\u00f3n de Cultura de Diputados. Es importante destacar que con la aprobaci\u00f3n se establece la creaci\u00f3n del Consejo Provincial del Teatro Independiente para el cual se destinar\u00e1n fondos con el objetivo de preservar y financiar la actividad teatral.<\/p>\n\n\n\n<p><strong>El Consejo Provincial de Teatro<\/strong>&nbsp;<\/p>\n\n\n\n<p>El mismo estar\u00e1 integrado por cinco representantes elegidos por el voto directo de los miembros de la comunidad regional que representan, y por un representante de la Secretar\u00eda de Cultura designado por decreto del Poder Ejecutivo Provincial quien ejercer\u00e1 la funci\u00f3n de Director Ejecutivo y ser\u00e1 el nexo entre el Consejo Provincial de Teatro Independiente y el Estado Provincial.&nbsp;<\/p>\n\n\n\n<p><strong>Para descargar las normas:&nbsp;<\/strong><\/p>\n\n\n\n<p>Ley n\u00b0 10.931, Ley Provincial de Teatro Independiente (TIER): <a href=\"https:\/\/bit.ly\/leytier10931\" target=\"_blank\" rel=\"noreferrer noopener\">https:\/\/bit.ly\/leytier10931<\/a><\/p>\n\n\n\n<p>Decreto n\u00b0 1741\/22: <a href=\"https:\/\/bit.ly\/reglamleytier\" target=\"_blank\" rel=\"noreferrer noopener\">https:\/\/bit.ly\/reglamleytier<\/a><\/p>\n","protected":false},"excerpt":{"rendered":"<p>La Secretar\u00eda de Cultura de Entre R\u00edos da a conocer el primer listado de las personas que se inscribieron en el Padr\u00f3n de Trabajadoras y Trabajadores del Teatro Entrerriano y cumplieron con los requisitos establecidos en la Ley Provincial de Teatro Independiente (TIER), Ley N\u00b0 10.931, y su decreto reglamentario (Decreto n\u00b0 1741\/22).&nbsp; 420 artistas [&hellip;]<\/p>\n","protected":false},"author":5,"featured_media":6996,"comment_status":"open","ping_status":"open","sticky":false,"template":"","format":"standard","meta":{"_et_pb_use_builder":"off","_et_pb_old_content":"","_et_gb_content_width":"","footnotes":""},"categories":[1,28,58,132],"tags":[],"class_list":["post-6995","post","type-post","status-publish","format-standard","has-post-thumbnail","hentry","category-destacado","category-noticias","category-concursos-cerrados","category-consejo-provincial-de-teatro"],"_links":{"self":[{"href":"https:\/\/www.entrerios.gov.ar\/cultura\/wp-json\/wp\/v2\/posts\/6995","targetHints":{"allow":["GET"]}}],"collection":[{"href":"https:\/\/www.entrerios.gov.ar\/cultura\/wp-json\/wp\/v2\/posts"}],"about":[{"href":"https:\/\/www.entrerios.gov.ar\/cultura\/wp-json\/wp\/v2\/types\/post"}],"author":[{"embeddable":true,"href":"https:\/\/www.entrerios.gov.ar\/cultura\/wp-json\/wp\/v2\/users\/5"}],"replies":[{"embeddable":true,"href":"https:\/\/www.entrerios.gov.ar\/cultura\/wp-json\/wp\/v2\/comments?post=6995"}],"version-history":[{"count":1,"href":"https:\/\/www.entrerios.gov.ar\/cultura\/wp-json\/wp\/v2\/posts\/6995\/revisions"}],"predecessor-version":[{"id":6997,"href":"https:\/\/www.entrerios.gov.ar\/cultura\/wp-json\/wp\/v2\/posts\/6995\/revisions\/6997"}],"wp:featuredmedia":[{"embeddable":true,"href":"https:\/\/www.entrerios.gov.ar\/cultura\/wp-json\/wp\/v2\/media\/6996"}],"wp:attachment":[{"href":"https:\/\/www.entrerios.gov.ar\/cultura\/wp-json\/wp\/v2\/media?parent=6995"}],"wp:term":[{"taxonomy":"category","embeddable":true,"href":"https:\/\/www.entrerios.gov.ar\/cultura\/wp-json\/wp\/v2\/categories?post=6995"},{"taxonomy":"post_tag","embeddable":true,"href":"https:\/\/www.entrerios.gov.ar\/cultura\/wp-json\/wp\/v2\/tags?post=6995"}],"curies":[{"name":"wp","href":"https:\/\/api.w.org\/{rel}","templated":true}]}}