{"id":7031,"date":"2022-10-19T06:55:00","date_gmt":"2022-10-19T06:55:00","guid":{"rendered":"https:\/\/www.entrerios.gov.ar\/cultura\/?p=7031"},"modified":"2022-10-17T13:58:00","modified_gmt":"2022-10-17T13:58:00","slug":"una-obra-para-reflexionar-sobre-el-cierre-del-ferrocarril-en-domingos-de-teatro","status":"publish","type":"post","link":"https:\/\/www.entrerios.gov.ar\/cultura\/una-obra-para-reflexionar-sobre-el-cierre-del-ferrocarril-en-domingos-de-teatro\/","title":{"rendered":"<strong>Una obra para reflexionar sobre el cierre del ferrocarril en Domingos de Teatro&nbsp;<\/strong><strong><br><\/strong>"},"content":{"rendered":"\n<p>El domingo 23 de octubre, a las 21 hs., se presentar\u00e1 la obra &#8220;Estaci\u00f3n Curup\u00ed&#8221; del Colectivo Teatral Saltimbanquis, en La Vieja Usina. La entrada es gratuita, con ingreso por orden de llegada. Se recuerda que las funciones empiezan puntualmente.<br><br>Una humilde radio vecinal conduce al espectador por viejos rieles: las costumbres y pr\u00e1cticas de aquellos tiempos en que el tren tronaba y daba vida a muchas comunidades. El cierre del ferrocarril deriva en ahogo econ\u00f3mico, el aislamiento y la angustia de muchas de estas sociedades.<\/p>\n\n\n\n<p>La obra es la historia de un lugar que se asemeja a la de muchos.<br>&#8220;Estaci\u00f3n Curup\u00ed&#8221; propone una creaci\u00f3n colectiva que a partir de un hecho particular, permite reflexionar y revalorizar los pesares y complicaciones que debieron afrontar numerosas localidades de Entre R\u00edos y el pa\u00eds ante los cambios dr\u00e1sticos que gener\u00f3 el cierre del ferrocarril.<\/p>\n\n\n\n<p>La ficci\u00f3n y la realidad se funden para rescatar vivencias, habilitar la memoria y movilizar preguntas al respecto. En este caso, un grupo de valientes mujeres deciden dar un cambio rotundo a la realidad agobiante en la cual est\u00e1 sumergido su pueblo y, por medio de este suceso, pintan la identidad de estas localidades entrerrianas reflejando sus costumbres tan arraigadas y la capacidad para una adaptaci\u00f3n forzada.<br>Estaci\u00f3n Curup\u00ed ofrece una serie de contrastes narrativos ante la mirada del espectador. Una historia fragmentada que entra y sale del relato, personajes en una encrucijada, una visi\u00f3n sobre el pasado y la identidad.<\/p>\n\n\n\n<p><br>&#8220;Estaci\u00f3n Curup\u00ed&#8221; cuenta con la actuaci\u00f3n de Anabel Hilgenberg, Clarisa Benetti, Gabriela Sosa, Ver\u00f3nica Spahn y Regina Cavenaghi. La asistencia t\u00e9cnica es de Gabriel Vieiro, y la direcci\u00f3n e iluminaci\u00f3n de Carlos Vicent\u00edn.<\/p>\n\n\n\n<p>El ciclo Domingos de Teatro es una iniciativa impulsada por la Secretar\u00eda de Cultura de Entre R\u00edos, a trav\u00e9s del centro cultural y de convenciones La Vieja Usina, ubicado en la capital entrerriana.&nbsp;<\/p>\n","protected":false},"excerpt":{"rendered":"<p>El domingo 23 de octubre, a las 21 hs., se presentar\u00e1 la obra &#8220;Estaci\u00f3n Curup\u00ed&#8221; del Colectivo Teatral Saltimbanquis, en La Vieja Usina. La entrada es gratuita, con ingreso por orden de llegada. Se recuerda que las funciones empiezan puntualmente. Una humilde radio vecinal conduce al espectador por viejos rieles: las costumbres y pr\u00e1cticas de [&hellip;]<\/p>\n","protected":false},"author":5,"featured_media":7032,"comment_status":"open","ping_status":"open","sticky":false,"template":"","format":"standard","meta":{"_et_pb_use_builder":"off","_et_pb_old_content":"","_et_gb_content_width":"","footnotes":""},"categories":[1,28,18],"tags":[],"class_list":["post-7031","post","type-post","status-publish","format-standard","has-post-thumbnail","hentry","category-destacado","category-noticias","category-centro-cultural-la-vieja-usina"],"_links":{"self":[{"href":"https:\/\/www.entrerios.gov.ar\/cultura\/wp-json\/wp\/v2\/posts\/7031","targetHints":{"allow":["GET"]}}],"collection":[{"href":"https:\/\/www.entrerios.gov.ar\/cultura\/wp-json\/wp\/v2\/posts"}],"about":[{"href":"https:\/\/www.entrerios.gov.ar\/cultura\/wp-json\/wp\/v2\/types\/post"}],"author":[{"embeddable":true,"href":"https:\/\/www.entrerios.gov.ar\/cultura\/wp-json\/wp\/v2\/users\/5"}],"replies":[{"embeddable":true,"href":"https:\/\/www.entrerios.gov.ar\/cultura\/wp-json\/wp\/v2\/comments?post=7031"}],"version-history":[{"count":1,"href":"https:\/\/www.entrerios.gov.ar\/cultura\/wp-json\/wp\/v2\/posts\/7031\/revisions"}],"predecessor-version":[{"id":7033,"href":"https:\/\/www.entrerios.gov.ar\/cultura\/wp-json\/wp\/v2\/posts\/7031\/revisions\/7033"}],"wp:featuredmedia":[{"embeddable":true,"href":"https:\/\/www.entrerios.gov.ar\/cultura\/wp-json\/wp\/v2\/media\/7032"}],"wp:attachment":[{"href":"https:\/\/www.entrerios.gov.ar\/cultura\/wp-json\/wp\/v2\/media?parent=7031"}],"wp:term":[{"taxonomy":"category","embeddable":true,"href":"https:\/\/www.entrerios.gov.ar\/cultura\/wp-json\/wp\/v2\/categories?post=7031"},{"taxonomy":"post_tag","embeddable":true,"href":"https:\/\/www.entrerios.gov.ar\/cultura\/wp-json\/wp\/v2\/tags?post=7031"}],"curies":[{"name":"wp","href":"https:\/\/api.w.org\/{rel}","templated":true}]}}