{"id":7034,"date":"2022-10-18T07:00:00","date_gmt":"2022-10-18T07:00:00","guid":{"rendered":"https:\/\/www.entrerios.gov.ar\/cultura\/?p=7034"},"modified":"2022-10-17T14:29:36","modified_gmt":"2022-10-17T14:29:36","slug":"el-ciclo-itinerante-territorio-de-bandas-llega-la-ciudad-de-concordia","status":"publish","type":"post","link":"https:\/\/www.entrerios.gov.ar\/cultura\/el-ciclo-itinerante-territorio-de-bandas-llega-la-ciudad-de-concordia\/","title":{"rendered":"<strong>El Ciclo itinerante \u201cTerritorio de Bandas\u201d llega la ciudad de Concordia<\/strong>"},"content":{"rendered":"\n<p>El ciclo \u201cTerritorio de Bandas, un ida y vuelta musical y federal\u201d tendr\u00e1 una nueva edici\u00f3n. La actividad es impulsada por la Casa de la Cultura de Entre R\u00edos a trav\u00e9s de la Secretar\u00eda de Cultura de Entre R\u00edos.<\/p>\n\n\n\n<p>En esta oportunidad, el s\u00e1bado 22 de octubre la actividad se traslada a la ciudad de Concordia para compartir una velada con las bandas \u201cRenzo Monta\u00f1a y Los P\u00e1jaros del Patio\u201d (Paran\u00e1) y \u201cAvisale a Coso\u201d (Concordia). La cita es en Pueblo Viejo (Alem 230), con entrada libre y gratuita.<\/p>\n\n\n\n<p>Esta presentaci\u00f3n cuenta con el apoyo de la Municipalidad de Concordia y el espacio cultural Pueblo Viejo para llevar adelante el espect\u00e1culo.&nbsp;<\/p>\n\n\n\n<p>El ciclo se enmarca dentro del programa \u201cLa Casa Viaja\u201d, iniciativa que se gest\u00f3 en 2020, y que promueve articulaciones entre la Casa de la Cultura y diversos agentes culturales en todo el territorio provincial.<\/p>\n\n\n\n<p>\u201cTerritorio de Bandas\u201d vincula a m\u00fasicas y m\u00fasicos de diversos puntos de la provincia, a partir de la realizaci\u00f3n de recitales gratuitos en Paran\u00e1 y en espacios culturales del territorio provincial.&nbsp;<\/p>\n\n\n\n<p><strong>Sobre las bandas<\/strong><\/p>\n\n\n\n<p>\u201cAvisale a Coso\u201d es una banda de Concordia con una extensa trayectoria caracterizada por las composiciones propias y la autogesti\u00f3n como bandera.<\/p>\n\n\n\n<p>Su m\u00fasica mixtura folklore, rock, milonga y diversas influencias musicales que redundan en un repertorio variad\u00edsimo, que recorre desde canciones ac\u00fasticas hasta el m\u00e1s crudo rock.<\/p>\n\n\n\n<p>La banda tiene dos \u00e1lbumes editados \u201cReflejando\u201d y \u201cPara armar y desarmar\u201d y ha atravesado por diversas formaciones que fueron nutriendo su b\u00fasqueda musical.<\/p>\n\n\n\n<p>Actualmente est\u00e1 integrada por Diego Perich\u00f3n (voz y bajo), C\u00e9sar L\u00f3pez (guitarra), Mario Spinelli (bater\u00eda), Silvio Angio (saxo), Marcos Gowda (percusi\u00f3n y accesorios) y Franco Asplanati (teclados).<\/p>\n\n\n\n<figure class=\"wp-block-image size-large\"><img loading=\"lazy\" decoding=\"async\" width=\"1024\" height=\"683\" src=\"https:\/\/www.entrerios.gov.ar\/cultura\/wp-content\/uploads\/2022\/10\/renzo-1024x683.jpg\" alt=\"\" class=\"wp-image-7035\" srcset=\"https:\/\/www.entrerios.gov.ar\/cultura\/wp-content\/uploads\/2022\/10\/renzo-980x653.jpg 980w, https:\/\/www.entrerios.gov.ar\/cultura\/wp-content\/uploads\/2022\/10\/renzo-480x320.jpg 480w\" sizes=\"auto, (min-width: 0px) and (max-width: 480px) 480px, (min-width: 481px) and (max-width: 980px) 980px, (min-width: 981px) 1024px, 100vw\" \/><\/figure>\n\n\n\n<p><strong>Renzo Monta\u00f1a y Los P\u00e1jaros del Patio<\/strong><\/p>\n\n\n\n<p>Agrupaci\u00f3n de la ciudad de Paran\u00e1 integrada por Francisco Sosa (guitarra), Nicol\u00e1s Abud (trompeta), Mart\u00edn Bustos (tromb\u00f3n), Jerem\u00edas Sosa (bajo), Daniel Vyetes (bater\u00eda) y el compositor y l\u00edder del grupo Renzo Monta\u00f1a.<\/p>\n\n\n\n<p>En su haber cuentan con dos discos de estudio: Lo que se abre camino y Los p\u00e1jaros del Patio.<\/p>\n","protected":false},"excerpt":{"rendered":"<p>El ciclo \u201cTerritorio de Bandas, un ida y vuelta musical y federal\u201d tendr\u00e1 una nueva edici\u00f3n. La actividad es impulsada por la Casa de la Cultura de Entre R\u00edos a trav\u00e9s de la Secretar\u00eda de Cultura de Entre R\u00edos. En esta oportunidad, el s\u00e1bado 22 de octubre la actividad se traslada a la ciudad de [&hellip;]<\/p>\n","protected":false},"author":5,"featured_media":7036,"comment_status":"open","ping_status":"open","sticky":false,"template":"","format":"standard","meta":{"_et_pb_use_builder":"off","_et_pb_old_content":"","_et_gb_content_width":"","footnotes":""},"categories":[1,28,19],"tags":[],"class_list":["post-7034","post","type-post","status-publish","format-standard","has-post-thumbnail","hentry","category-destacado","category-noticias","category-casa-de-la-cultura-de-er"],"_links":{"self":[{"href":"https:\/\/www.entrerios.gov.ar\/cultura\/wp-json\/wp\/v2\/posts\/7034","targetHints":{"allow":["GET"]}}],"collection":[{"href":"https:\/\/www.entrerios.gov.ar\/cultura\/wp-json\/wp\/v2\/posts"}],"about":[{"href":"https:\/\/www.entrerios.gov.ar\/cultura\/wp-json\/wp\/v2\/types\/post"}],"author":[{"embeddable":true,"href":"https:\/\/www.entrerios.gov.ar\/cultura\/wp-json\/wp\/v2\/users\/5"}],"replies":[{"embeddable":true,"href":"https:\/\/www.entrerios.gov.ar\/cultura\/wp-json\/wp\/v2\/comments?post=7034"}],"version-history":[{"count":1,"href":"https:\/\/www.entrerios.gov.ar\/cultura\/wp-json\/wp\/v2\/posts\/7034\/revisions"}],"predecessor-version":[{"id":7037,"href":"https:\/\/www.entrerios.gov.ar\/cultura\/wp-json\/wp\/v2\/posts\/7034\/revisions\/7037"}],"wp:featuredmedia":[{"embeddable":true,"href":"https:\/\/www.entrerios.gov.ar\/cultura\/wp-json\/wp\/v2\/media\/7036"}],"wp:attachment":[{"href":"https:\/\/www.entrerios.gov.ar\/cultura\/wp-json\/wp\/v2\/media?parent=7034"}],"wp:term":[{"taxonomy":"category","embeddable":true,"href":"https:\/\/www.entrerios.gov.ar\/cultura\/wp-json\/wp\/v2\/categories?post=7034"},{"taxonomy":"post_tag","embeddable":true,"href":"https:\/\/www.entrerios.gov.ar\/cultura\/wp-json\/wp\/v2\/tags?post=7034"}],"curies":[{"name":"wp","href":"https:\/\/api.w.org\/{rel}","templated":true}]}}