{"id":7058,"date":"2022-10-19T15:10:44","date_gmt":"2022-10-19T15:10:44","guid":{"rendered":"https:\/\/www.entrerios.gov.ar\/cultura\/?p=7058"},"modified":"2023-06-15T15:40:14","modified_gmt":"2023-06-15T15:40:14","slug":"la-comunidad-de-las-artes-escenicas-entrerrianas-conformara-el-consejo-provincial-de-teatro","status":"publish","type":"post","link":"https:\/\/www.entrerios.gov.ar\/cultura\/la-comunidad-de-las-artes-escenicas-entrerrianas-conformara-el-consejo-provincial-de-teatro\/","title":{"rendered":"<strong>La comunidad de las artes esc\u00e9nicas entrerrianas conformar\u00e1 el Consejo Provincial de Teatro<\/strong>"},"content":{"rendered":"\n<p>La Secretar\u00eda de Cultura de Entre R\u00edos da a conocer el Padr\u00f3n de Trabajadoras y Trabajadores del Teatro Entrerriano. De esta manera se cumplimenta un paso m\u00e1s en pos de la conformaci\u00f3n del Consejo, tal como lo establece la nueva ley provincial.<\/p>\n\n\n\n<p>El <a href=\"https:\/\/drive.google.com\/file\/d\/1V4UUpGCZR0pjYZCUjOKpyfwhiyPLBM6s\/view\" target=\"_blank\" rel=\"noreferrer noopener\"><strong>PADR\u00d3N DEFINITIVO<\/strong><\/a> est\u00e1 integrado por quienes se registraron a trav\u00e9s del formulario online que estuvo disponible desde julio hasta septiembre del corriente inclusive, y cumplieron con los requisitos establecidos en la Ley Provincial de Teatro Independiente (TIER) Ley N\u00b0 10.931, y su decreto reglamentario (Decreto n\u00b0 1741\/22). Las personas empadronadas podr\u00e1n votar para elegir la persona que represente a su regi\u00f3n en el Consejo Provincial de Teatro.<\/p>\n\n\n\n<p>A continuaci\u00f3n, se conformar\u00e1 la Junta Electoral, integrada en esta primera elecci\u00f3n por tres personas: una propuesta por la Secretar\u00eda de Cultura de Entre R\u00edos y dos propuestas por el Colectivo de Teatristas Autoconvocadxs, representando a las trabajadoras y trabajadores del teatro entrerriano. Luego se informar\u00e1 de la modalidad y plazos para la presentaci\u00f3n de candidaturas para los cinco cargos de Representantes Regionales.<\/p>\n\n\n\n<p>Podr\u00e1n ser candidatos y candidatas al cargo de Representante Regional quienes posean trayectoria teatral comprobable y en continuidad no menor a cinco a\u00f1os, tengan veinti\u00fan a\u00f1os de edad como m\u00ednimo, y se hallen debidamente empadronados. No podr\u00e1 ser elegido como Representante quien se encuentre incurso en las inhabilidades que prev\u00e9 la Constituci\u00f3n Provincial, y\/o posea antecedentes penales, y\/o los inhabilitados del art\u00edculo 48 del C\u00f3digo Civil y Comercial de la Rep\u00fablica Argentina; tampoco podr\u00e1n hacerlo las personas jur\u00eddicas.<\/p>\n\n\n\n<p>Ante cualquier duda, comunicarse al correo: <a href=\"mailto:consejoprovincialdeteatroer@gmail.com\" target=\"_blank\" rel=\"noreferrer noopener\">consejoprovincialdeteatroer@gmail.com<\/a><\/p>\n\n\n\n<p>Para descargar las normas:<\/p>\n\n\n\n<p>Ley n\u00b0 10.931, Ley Provincial de Teatro Independiente (TIER): <a href=\"https:\/\/bit.ly\/leytier10931\" target=\"_blank\" rel=\"noreferrer noopener\">https:\/\/bit.ly\/leytier10931<\/a><\/p>\n\n\n\n<p>Decreto n\u00b0 1741\/22: <a href=\"https:\/\/bit.ly\/reglamleytier\" target=\"_blank\" rel=\"noreferrer noopener\">https:\/\/bit.ly\/reglamleytier<\/a><\/p>\n","protected":false},"excerpt":{"rendered":"<p>La Secretar\u00eda de Cultura de Entre R\u00edos da a conocer el Padr\u00f3n de Trabajadoras y Trabajadores del Teatro Entrerriano. De esta manera se cumplimenta un paso m\u00e1s en pos de la conformaci\u00f3n del Consejo, tal como lo establece la nueva ley provincial. El PADR\u00d3N DEFINITIVO est\u00e1 integrado por quienes se registraron a trav\u00e9s del formulario [&hellip;]<\/p>\n","protected":false},"author":5,"featured_media":7060,"comment_status":"open","ping_status":"open","sticky":false,"template":"","format":"standard","meta":{"_et_pb_use_builder":"off","_et_pb_old_content":"","_et_gb_content_width":"","footnotes":""},"categories":[1,28,58,132],"tags":[115],"class_list":["post-7058","post","type-post","status-publish","format-standard","has-post-thumbnail","hentry","category-destacado","category-noticias","category-concursos-cerrados","category-consejo-provincial-de-teatro","tag-teatro"],"_links":{"self":[{"href":"https:\/\/www.entrerios.gov.ar\/cultura\/wp-json\/wp\/v2\/posts\/7058","targetHints":{"allow":["GET"]}}],"collection":[{"href":"https:\/\/www.entrerios.gov.ar\/cultura\/wp-json\/wp\/v2\/posts"}],"about":[{"href":"https:\/\/www.entrerios.gov.ar\/cultura\/wp-json\/wp\/v2\/types\/post"}],"author":[{"embeddable":true,"href":"https:\/\/www.entrerios.gov.ar\/cultura\/wp-json\/wp\/v2\/users\/5"}],"replies":[{"embeddable":true,"href":"https:\/\/www.entrerios.gov.ar\/cultura\/wp-json\/wp\/v2\/comments?post=7058"}],"version-history":[{"count":1,"href":"https:\/\/www.entrerios.gov.ar\/cultura\/wp-json\/wp\/v2\/posts\/7058\/revisions"}],"predecessor-version":[{"id":7061,"href":"https:\/\/www.entrerios.gov.ar\/cultura\/wp-json\/wp\/v2\/posts\/7058\/revisions\/7061"}],"wp:featuredmedia":[{"embeddable":true,"href":"https:\/\/www.entrerios.gov.ar\/cultura\/wp-json\/wp\/v2\/media\/7060"}],"wp:attachment":[{"href":"https:\/\/www.entrerios.gov.ar\/cultura\/wp-json\/wp\/v2\/media?parent=7058"}],"wp:term":[{"taxonomy":"category","embeddable":true,"href":"https:\/\/www.entrerios.gov.ar\/cultura\/wp-json\/wp\/v2\/categories?post=7058"},{"taxonomy":"post_tag","embeddable":true,"href":"https:\/\/www.entrerios.gov.ar\/cultura\/wp-json\/wp\/v2\/tags?post=7058"}],"curies":[{"name":"wp","href":"https:\/\/api.w.org\/{rel}","templated":true}]}}