{"id":7070,"date":"2022-10-25T08:00:00","date_gmt":"2022-10-25T08:00:00","guid":{"rendered":"https:\/\/www.entrerios.gov.ar\/cultura\/?p=7070"},"modified":"2022-10-21T11:30:01","modified_gmt":"2022-10-21T11:30:01","slug":"guridreads-y-fortaleza-llegan-a-territorio-de-bandas-en-casa-de-la-cultura","status":"publish","type":"post","link":"https:\/\/www.entrerios.gov.ar\/cultura\/guridreads-y-fortaleza-llegan-a-territorio-de-bandas-en-casa-de-la-cultura\/","title":{"rendered":"<strong>Guridreads y Fortaleza llegan a \u201cTerritorio de Bandas\u201d en Casa de la Cultura&nbsp;&nbsp;<\/strong>"},"content":{"rendered":"\n<p>El s\u00e1bado 29 de octubre a las 21hs y con entrada libre y gratuita, el ciclo \u201cTerritorio de Bandas, ida y vuelta musical y federal\u201d tendr\u00e1 una nueva edici\u00f3n en la Casa de la Cultura, organismo dependiente de la Secretar\u00eda de Cultura de Entre R\u00edos.<\/p>\n\n\n\n<p>En esta oportunidad compartir\u00e1n escenario \u201cGuridreads\u201d, de la ciudad de Gualeguay, junto a \u201cFortaleza\u201d de Paran\u00e1.<\/p>\n\n\n\n<p>\u201cTerritorio de Bandas\u201d vincula a m\u00fasicas y m\u00fasicos de diversos puntos de la provincia, a partir de la realizaci\u00f3n de recitales gratuitos en Paran\u00e1 y en espacios culturales del territorio provincial.&nbsp;<\/p>\n\n\n\n<p>El ciclo se lleva adelante con una frecuencia mensual, y tendr\u00e1 continuidad hasta el mes de diciembre del 2022, tomando como base el escenario de la Casa de la Cultura, para luego generar conciertos en espacios culturales de las diversas localidades, desde donde provienen las bandas.<\/p>\n\n\n\n<p>El ciclo presenta bandas entrerrianas independientes, para favorecer la construcci\u00f3n y el fortalecimiento del p\u00fablico. Se promueve adem\u00e1s el trabajo articulado con la comunidad art\u00edstica, a la vez que aporta al sostenimiento y fortalecimiento del sector cultural en general.<\/p>\n\n\n\n<p>La propuesta se enmarca dentro del proyecto \u201cLa Casa Viaja\u201d.<\/p>\n\n\n\n<p><strong>SOBRE LAS BANDAS<\/strong><\/p>\n\n\n\n<p><strong>Guridreads<\/strong><\/p>\n\n\n\n<p>Banda de reggae roots de la ciudad de Gualeguay, Entre R\u00edos, formada en 2016. Con composiciones propias y letras de conciencia social y tem\u00e1tica regional, emulando el sonido \u201cRoots\u201d de Jamaica.<\/p>\n\n\n\n<p>A lo largo de estos a\u00f1os la banda se ha presentado en distintos teatros, festivales y centros culturales de la ciudad y de la provincia.<\/p>\n\n\n\n<p>Actualmente est\u00e1 conformada por: Rodrigo \u201cLoli Drop\u201d Avalo en bater\u00eda; Diego Peccin en bajo; Virginia \u201cViky\u201d Sartori en teclados; Joaqu\u00edn Galligo en guitarra principal; Joaqu\u00edn Avalo en voz; Joaqu\u00edn Santo en guitarra r\u00edtmica ; Laura Balzer en coros; y Juan Gabriel \u201cBongoBerna Roots\u201d Bernardini en percusi\u00f3n. Juan Martin Caraballo en la asistencia y coproducci\u00f3n.<\/p>\n\n\n\n<p><strong>Fortaleza<\/strong><\/p>\n\n\n\n<p>Es una banda de reggae en formato cuarteto con m\u00fasica de autor\u00eda propia que ofrece sonidos para sentir, bailar, y cantar. Est\u00e1 integrada por\u00a0 Cesar Rodr\u00edguez, en composici\u00f3n, guitarra y voz; Mart\u00edn &#8220;Martan&#8221; Echeverr\u00eda en teclados y coros; Lisandro &#8220;Chino&#8221; Uriel S\u00e1nchez en bajo; y Daniel Gerardo Vieytes en bater\u00eda.\u00a0<\/p>\n\n\n\n<figure class=\"wp-block-image aligncenter size-large is-resized\"><img loading=\"lazy\" decoding=\"async\" src=\"https:\/\/www.entrerios.gov.ar\/cultura\/wp-content\/uploads\/2022\/10\/Fortaleza-1024x683.jpg\" alt=\"\" class=\"wp-image-7072\" width=\"512\" height=\"342\"\/><\/figure>\n","protected":false},"excerpt":{"rendered":"<p>El s\u00e1bado 29 de octubre a las 21hs y con entrada libre y gratuita, el ciclo \u201cTerritorio de Bandas, ida y vuelta musical y federal\u201d tendr\u00e1 una nueva edici\u00f3n en la Casa de la Cultura, organismo dependiente de la Secretar\u00eda de Cultura de Entre R\u00edos. En esta oportunidad compartir\u00e1n escenario \u201cGuridreads\u201d, de la ciudad de [&hellip;]<\/p>\n","protected":false},"author":5,"featured_media":7071,"comment_status":"open","ping_status":"open","sticky":false,"template":"","format":"standard","meta":{"_et_pb_use_builder":"off","_et_pb_old_content":"","_et_gb_content_width":"","footnotes":""},"categories":[1,28,19],"tags":[],"class_list":["post-7070","post","type-post","status-publish","format-standard","has-post-thumbnail","hentry","category-destacado","category-noticias","category-casa-de-la-cultura-de-er"],"_links":{"self":[{"href":"https:\/\/www.entrerios.gov.ar\/cultura\/wp-json\/wp\/v2\/posts\/7070","targetHints":{"allow":["GET"]}}],"collection":[{"href":"https:\/\/www.entrerios.gov.ar\/cultura\/wp-json\/wp\/v2\/posts"}],"about":[{"href":"https:\/\/www.entrerios.gov.ar\/cultura\/wp-json\/wp\/v2\/types\/post"}],"author":[{"embeddable":true,"href":"https:\/\/www.entrerios.gov.ar\/cultura\/wp-json\/wp\/v2\/users\/5"}],"replies":[{"embeddable":true,"href":"https:\/\/www.entrerios.gov.ar\/cultura\/wp-json\/wp\/v2\/comments?post=7070"}],"version-history":[{"count":1,"href":"https:\/\/www.entrerios.gov.ar\/cultura\/wp-json\/wp\/v2\/posts\/7070\/revisions"}],"predecessor-version":[{"id":7073,"href":"https:\/\/www.entrerios.gov.ar\/cultura\/wp-json\/wp\/v2\/posts\/7070\/revisions\/7073"}],"wp:featuredmedia":[{"embeddable":true,"href":"https:\/\/www.entrerios.gov.ar\/cultura\/wp-json\/wp\/v2\/media\/7071"}],"wp:attachment":[{"href":"https:\/\/www.entrerios.gov.ar\/cultura\/wp-json\/wp\/v2\/media?parent=7070"}],"wp:term":[{"taxonomy":"category","embeddable":true,"href":"https:\/\/www.entrerios.gov.ar\/cultura\/wp-json\/wp\/v2\/categories?post=7070"},{"taxonomy":"post_tag","embeddable":true,"href":"https:\/\/www.entrerios.gov.ar\/cultura\/wp-json\/wp\/v2\/tags?post=7070"}],"curies":[{"name":"wp","href":"https:\/\/api.w.org\/{rel}","templated":true}]}}