{"id":7095,"date":"2022-10-26T10:00:00","date_gmt":"2022-10-26T10:00:00","guid":{"rendered":"https:\/\/www.entrerios.gov.ar\/cultura\/?p=7095"},"modified":"2022-10-24T15:36:36","modified_gmt":"2022-10-24T15:36:36","slug":"como-los-tambores-inspirada-en-la-biografia-de-maria-remedios-del-valle-en-domingos-de-teatro","status":"publish","type":"post","link":"https:\/\/www.entrerios.gov.ar\/cultura\/como-los-tambores-inspirada-en-la-biografia-de-maria-remedios-del-valle-en-domingos-de-teatro\/","title":{"rendered":"<strong>\u201cComo los tambores\u2026\u201d, inspirada en la biograf\u00eda de Mar\u00eda Remedios Del Valle, en Domingos de Teatro<\/strong>"},"content":{"rendered":"\n<p>El domingo 30 de octubre, a las 21 hs., en el Ciclo Domingos de Teatro, se presentar\u00e1 &#8220;Como los tambores\u2026&#8221; del grupo Descarada. La funci\u00f3n, en La Vieja Usina, es con entrada gratuita (ingreso por orden de llegada).<\/p>\n\n\n\n<p>Como los tambores&#8230; es una amalgama dos realidades en pasado y presente que, distantes en el tiempo, se interpelan y potencian una a otra. La obra recorre, desde el presente, una historia del pasado: la vida de Mar\u00eda Remedios del Valle, la &#8220;Madre de la Patria&#8221;. El espect\u00e1culo propone una conexi\u00f3n que fluye constantemente entre el siglo XIX y la actualidad, entre la historia oficial y la oculta, entre la danza y la palabra. Alumbrando la identidad de una mujer silenciada durante siglos.<\/p>\n\n\n\n<p>En el presente, una cartonera que cuenta una historia; en el pasado, una pr\u00f3cer oculta de la historia oficial de una naci\u00f3n. Dos mujeres en la piel de una misma actriz que comparten la invisibilizaci\u00f3n de una sociedad patriarcal y eurocentrista.<\/p>\n\n\n\n<p>Con inspiraci\u00f3n en la biograf\u00eda de Mar\u00eda Remedios Del Valle, poco conocida Madre de la patria, \u201cComo los tambores\u2026\u201d hace dialogar aspectos t\u00e9cnicos propios de la escena, con pasajes hist\u00f3ricos de la vida de Del Valle.<\/p>\n\n\n\n<p>Mar\u00eda Remedios del Valle nace en Buenos Aires alrededor del a\u00f1o 1766. Participa en diversas batallas por la liberaci\u00f3n del Virreinato del R\u00edo de la Plata. Obtiene el rango de Capitana por su valor en batalla. Al finalizar la guerra contra el ej\u00e9rcito realista se encuentra en la indigencia. Muere el 8 de noviembre de 1847, en la m\u00e1s absoluta pobreza.<\/p>\n\n\n\n<p><strong>Sobre la int\u00e9rprete<\/strong><\/p>\n\n\n\n<p>La formaci\u00f3n de Melina Forte -creadora e int\u00e9rprete\u2013 se caracteriza por la variedad de fuentes y tradiciones esc\u00e9nicas, esto ha permitido indagar dentro de la escena con el Mimo Corporal, las danzas afrobrasile\u00f1as, cantos africanos tradicionales y narraci\u00f3n oral, por nombrar algunas herramientas que constituyen la escena.<\/p>\n\n\n\n<p>Cada cuadro se construye entonces desde las diversas corporalidades que compone la actriz y desde el montaje de la escenograf\u00eda que se va desarrollando en la propia escena a medida que avanza el relato.<\/p>\n\n\n\n<p>La creaci\u00f3n y la interpretaci\u00f3n corresponden a Melina Forte. La producci\u00f3n y puesta en escena son de Adriana Di Tillio, Mariela R\u00edgano, M\u00f3nica Garc\u00eda; la asistencia t\u00e9cnica, de Gustavo Bendersky, y el vestuario, de M. Eva De Bartolo.<\/p>\n","protected":false},"excerpt":{"rendered":"<p>El domingo 30 de octubre, a las 21 hs., en el Ciclo Domingos de Teatro, se presentar\u00e1 &#8220;Como los tambores\u2026&#8221; del grupo Descarada. La funci\u00f3n, en La Vieja Usina, es con entrada gratuita (ingreso por orden de llegada). Como los tambores&#8230; es una amalgama dos realidades en pasado y presente que, distantes en el tiempo, [&hellip;]<\/p>\n","protected":false},"author":51,"featured_media":7096,"comment_status":"open","ping_status":"open","sticky":false,"template":"","format":"standard","meta":{"_et_pb_use_builder":"off","_et_pb_old_content":"","_et_gb_content_width":"","footnotes":""},"categories":[1,28,18],"tags":[],"class_list":["post-7095","post","type-post","status-publish","format-standard","has-post-thumbnail","hentry","category-destacado","category-noticias","category-centro-cultural-la-vieja-usina"],"_links":{"self":[{"href":"https:\/\/www.entrerios.gov.ar\/cultura\/wp-json\/wp\/v2\/posts\/7095","targetHints":{"allow":["GET"]}}],"collection":[{"href":"https:\/\/www.entrerios.gov.ar\/cultura\/wp-json\/wp\/v2\/posts"}],"about":[{"href":"https:\/\/www.entrerios.gov.ar\/cultura\/wp-json\/wp\/v2\/types\/post"}],"author":[{"embeddable":true,"href":"https:\/\/www.entrerios.gov.ar\/cultura\/wp-json\/wp\/v2\/users\/51"}],"replies":[{"embeddable":true,"href":"https:\/\/www.entrerios.gov.ar\/cultura\/wp-json\/wp\/v2\/comments?post=7095"}],"version-history":[{"count":1,"href":"https:\/\/www.entrerios.gov.ar\/cultura\/wp-json\/wp\/v2\/posts\/7095\/revisions"}],"predecessor-version":[{"id":7097,"href":"https:\/\/www.entrerios.gov.ar\/cultura\/wp-json\/wp\/v2\/posts\/7095\/revisions\/7097"}],"wp:featuredmedia":[{"embeddable":true,"href":"https:\/\/www.entrerios.gov.ar\/cultura\/wp-json\/wp\/v2\/media\/7096"}],"wp:attachment":[{"href":"https:\/\/www.entrerios.gov.ar\/cultura\/wp-json\/wp\/v2\/media?parent=7095"}],"wp:term":[{"taxonomy":"category","embeddable":true,"href":"https:\/\/www.entrerios.gov.ar\/cultura\/wp-json\/wp\/v2\/categories?post=7095"},{"taxonomy":"post_tag","embeddable":true,"href":"https:\/\/www.entrerios.gov.ar\/cultura\/wp-json\/wp\/v2\/tags?post=7095"}],"curies":[{"name":"wp","href":"https:\/\/api.w.org\/{rel}","templated":true}]}}