{"id":7131,"date":"2022-10-28T12:09:33","date_gmt":"2022-10-28T12:09:33","guid":{"rendered":"https:\/\/www.entrerios.gov.ar\/cultura\/?p=7131"},"modified":"2022-10-28T12:09:38","modified_gmt":"2022-10-28T12:09:38","slug":"se-realizara-una-nueva-edicion-del-encuentro-de-teatro-de-movimiento","status":"publish","type":"post","link":"https:\/\/www.entrerios.gov.ar\/cultura\/se-realizara-una-nueva-edicion-del-encuentro-de-teatro-de-movimiento\/","title":{"rendered":"Se realizar\u00e1 una nueva edici\u00f3n del Encuentro de Teatro de Movimiento"},"content":{"rendered":"\n<p>El 28 y el 29 de octubre se realizar\u00e1 la d\u00e9cimosexta edici\u00f3n del Encuentro de Teatro de Movimiento, en La Vieja Usina, un proyecto de confluencia de las artes esc\u00e9nicas vinculadas a la danza teatro, la danza y la expresi\u00f3n corporal. Todas las actividades son con entrada gratuita.<\/p>\n\n\n\n<p>Ambos d\u00edas a partir de las 20:30 hs se llevar\u00e1 adelante Combodanza, espacio emblem\u00e1tico de este encuentro que pone en escena las producciones locales relacionadas a la danza y al movimiento expresivo.&nbsp;<\/p>\n\n\n\n<p>El <strong>28 de octubre <\/strong>participar\u00e1n en Combodanza grupalidades de: Escuela de M\u00fasica, Danza y Teatro \u201cC. Carminio\u201d junto al Taller de Mec\u00e1nica Nafta y Diesel del Centro Comunitario N\u00b0 15, Ballet Infantojuvenil de la Escuela de M\u00fasica, Danza y Teatro \u201cC. Carminio\u201d, \u201cMuMaLa\u201d Mujeres de la Matria Latinoamericana, Espacio Danza, Mimi Zapata, Divisi\u00f3n X. A las 21:30 hs., se presentar\u00e1 \u201cNeNa\u201d (Concordia), creada e interpretada por Soledad Chertin, con la asistencia de direcci\u00f3n de Andrea Vargas.<\/p>\n\n\n\n<p>El <strong>29 de octubre<\/strong>, de 17 a 19 hs., se llevar\u00e1 adelante el Seminario de Danza \u201cEscuchar las fuerzas, explorar con formas, contagiar danzas\u201d, a cargo de Consuelo Badaracco. A partir de las 20:30 hs. participar\u00e1n en Combodanza grupalidades de: Bailar las Fuerzas del Centro Cultural y Experimental \u201cGloria Montoya\u201d y m\u00fasicxs invitadxs \u201cLa Lengua\u201d, Juan Capurro y Lucas Coqui en m\u00fasica, Divisi\u00f3n X, Escuela Municipal de Danza, Tupana, Conti y Alfonso en m\u00fasica y danza. Finalmente a las 21:30 hs. se presentar\u00e1 \u201cHist\u00f3ricas\u201d, con y de Gonzalo Siandra y Silvina Ruiz (Chajar\u00ed)<\/p>\n\n\n\n<p>Esta actividad es organizada por El Laboratorio y La Vieja Usina, agradeciendo a la Fundaci\u00f3n Ver\u00f3nica Kuttel.<\/p>\n\n\n\n<p>El equipo de gesti\u00f3n del encuentro est\u00e1 conformado por Mar\u00eda Elena V\u00e1squez, Andrea Fontelles, Malena Salzman y Yanina Porchetto.<\/p>\n\n\n\n<p><strong>Sobre \u201cNeNa\u201d. 28\/10. 21:30 hs.<\/strong><\/p>\n\n\n\n<p>Esta obra perform\u00e1tica comenz\u00f3 hace tres a\u00f1os, en el marco del ciclo Territorio Violeta. \u201cNeNa\u201d es una c\u00e9lula perform\u00e1tica que comienza a partir de hacerse preguntas sobre qu\u00e9 hay detr\u00e1s de un cuerpo que se autopercibe como mujer. La investigaci\u00f3n fue abordada desde el lenguaje contempor\u00e1neo y la multiplicidad de los cuerpos desde su origen.<\/p>\n\n\n\n<p>En varias oportunidades se present\u00f3 la c\u00e9lula en proceso en el espacio cultural Utaki de la ciudad de Buenos Aires. En estas instancias la int\u00e9rprete sigui\u00f3 explorando y abordando la investigaci\u00f3n hasta proyectar a \u201cNeNa\u201d como una obra perform\u00e1tica. En este nuevo formato se incluye a la artista Andrea Vargas como asistente de direcci\u00f3n, para que, junto a Soledad<\/p>\n\n\n\n<p>Chertin, lograran generar un despliegue art\u00edstico, est\u00e9tico y esc\u00e9nico, que unifica las c\u00e9lulas<\/p>\n\n\n\n<p>iniciales del proyecto<\/p>\n\n\n\n<p>Esta obra fue presentada y estrenada en el Ciclo Diversidad en escena en la ciudad de Concordia desarrollado en el espacio cultural &#8220;Pueblo Viejo&#8221;. El registro fotogr\u00e1fico corresponde a Norma Ber\u00f3n.<\/p>\n\n\n\n<p>\u201cNeNa\u201d contin\u00faa en movimiento y profundizando el trabajo conseguido hasta ahora, con el<\/p>\n\n\n\n<p>fin de llevar la composici\u00f3n a distintos lugares para diversificar la escena.<\/p>\n\n\n\n<p><strong>Sobre \u201cHist\u00f3ricas\u201d. 29\/10. 21:30 hs.<\/strong><\/p>\n\n\n\n<p>Una obra de danza contempor\u00e1nea y acrobacia, en d\u00f3nde los int\u00e9rpretes se aventuran entre torbellinos y la brisa del litoral, transitando sus pesares bajo el halo de la mujer rural.<\/p>\n\n\n\n<p>Desde una mirada y puesta en escena contempor\u00e1nea atravesamos los pesares de una inmigraci\u00f3n, del comienzo en nuestras tierras, la carga de lo que arrastramos y del nuevo comienzo.<\/p>\n\n\n\n<p>Cuenta con creaci\u00f3n e interpretaci\u00f3n de Silvina Ruiz y Gonzalo Siandra<\/p>\n\n\n\n<p><strong>Sobre el Seminario de Danza: \u201cEscuchar las fuerzas, explorar con formas, contagiar danzas\u201d<\/strong><\/p>\n\n\n\n<p><strong>Docente: <\/strong>Consuelo Badaraco&nbsp;<\/p>\n\n\n\n<p>En este seminario se prueba ingresar a la danza partiendo de la escucha del viaje de las fuerzas por dentro, del viaje del movimiento, de la comunicaci\u00f3n entre las fibras.<\/p>\n\n\n\n<p>Practicando la atenci\u00f3n, practicando mover la atenci\u00f3n. El encuentro propone acceder a un modo de mover investigativo donde aparece el valor de tomar la danza, su lenguaje.<\/p>\n\n\n\n<p>Se combinar\u00e1n algunas formas codificadas de mover con desv\u00edos y contagios.<\/p>\n\n\n\n<p>Con el cuerpo bailado y danzante ir hacia las pautas colectivas, transitar el espacio y danzar.<\/p>\n\n\n\n<figure class=\"wp-block-image aligncenter size-large is-resized\"><img loading=\"lazy\" decoding=\"async\" src=\"https:\/\/www.entrerios.gov.ar\/cultura\/wp-content\/uploads\/2022\/10\/tdm-2021-9-683x1024.jpg\" alt=\"\" class=\"wp-image-7132\" width=\"342\" height=\"512\"\/><\/figure>\n\n\n\n<p><strong>Sobre el Encuentro de Teatro de Movimiento<\/strong><\/p>\n\n\n\n<p>El encuentro se presenta como trama de entrecruzamiento de formatos y lenguajes esc\u00e9nicos, generando de este modo un espacio para dialogar, compartir e intercambiar experiencias entre los elencos, maestros y maestras, organizadores y p\u00fablico en general.<\/p>\n\n\n\n<p>Desde esta premisa el Encuentro ha conseguido dar lugar al cruce de creaciones esc\u00e9nicas contempor\u00e1neas que desarrollan los distintos colectivos art\u00edsticos de nuestro pa\u00eds desde la Danza Contempor\u00e1nea, la Danza Teatro, el Teatro F\u00edsico, Teatro de Movimiento, Performance, Intervenciones Urbanas y todo aquel lenguaje que, desde su lugar, mueve un caudal de informaci\u00f3n que enriquece la escena y a la comunidad art\u00edstica.&nbsp;<\/p>\n\n\n\n<p>La gesti\u00f3n de este reconocido Encuentro se lleva adelante por medio de una comunidad que fomenta su trabajo en el apoyo colectivo y la solidaridad en las tareas de proyecci\u00f3n en pos del bien de la comunidad que danza.&nbsp;<\/p>\n\n\n\n<p><em>Registro fotogr\u00e1fico TDM 2021: Quique Gaspar\u00edn<\/em><\/p>\n","protected":false},"excerpt":{"rendered":"<p>El 28 y el 29 de octubre se realizar\u00e1 la d\u00e9cimosexta edici\u00f3n del Encuentro de Teatro de Movimiento, en La Vieja Usina, un proyecto de confluencia de las artes esc\u00e9nicas vinculadas a la danza teatro, la danza y la expresi\u00f3n corporal. Todas las actividades son con entrada gratuita. Ambos d\u00edas a partir de las 20:30 [&hellip;]<\/p>\n","protected":false},"author":5,"featured_media":7133,"comment_status":"open","ping_status":"open","sticky":false,"template":"","format":"standard","meta":{"_et_pb_use_builder":"off","_et_pb_old_content":"","_et_gb_content_width":"","footnotes":""},"categories":[1,28,18],"tags":[],"class_list":["post-7131","post","type-post","status-publish","format-standard","has-post-thumbnail","hentry","category-destacado","category-noticias","category-centro-cultural-la-vieja-usina"],"_links":{"self":[{"href":"https:\/\/www.entrerios.gov.ar\/cultura\/wp-json\/wp\/v2\/posts\/7131","targetHints":{"allow":["GET"]}}],"collection":[{"href":"https:\/\/www.entrerios.gov.ar\/cultura\/wp-json\/wp\/v2\/posts"}],"about":[{"href":"https:\/\/www.entrerios.gov.ar\/cultura\/wp-json\/wp\/v2\/types\/post"}],"author":[{"embeddable":true,"href":"https:\/\/www.entrerios.gov.ar\/cultura\/wp-json\/wp\/v2\/users\/5"}],"replies":[{"embeddable":true,"href":"https:\/\/www.entrerios.gov.ar\/cultura\/wp-json\/wp\/v2\/comments?post=7131"}],"version-history":[{"count":1,"href":"https:\/\/www.entrerios.gov.ar\/cultura\/wp-json\/wp\/v2\/posts\/7131\/revisions"}],"predecessor-version":[{"id":7134,"href":"https:\/\/www.entrerios.gov.ar\/cultura\/wp-json\/wp\/v2\/posts\/7131\/revisions\/7134"}],"wp:featuredmedia":[{"embeddable":true,"href":"https:\/\/www.entrerios.gov.ar\/cultura\/wp-json\/wp\/v2\/media\/7133"}],"wp:attachment":[{"href":"https:\/\/www.entrerios.gov.ar\/cultura\/wp-json\/wp\/v2\/media?parent=7131"}],"wp:term":[{"taxonomy":"category","embeddable":true,"href":"https:\/\/www.entrerios.gov.ar\/cultura\/wp-json\/wp\/v2\/categories?post=7131"},{"taxonomy":"post_tag","embeddable":true,"href":"https:\/\/www.entrerios.gov.ar\/cultura\/wp-json\/wp\/v2\/tags?post=7131"}],"curies":[{"name":"wp","href":"https:\/\/api.w.org\/{rel}","templated":true}]}}