{"id":7151,"date":"2022-10-31T12:36:20","date_gmt":"2022-10-31T12:36:20","guid":{"rendered":"https:\/\/www.entrerios.gov.ar\/cultura\/?p=7151"},"modified":"2022-10-31T12:50:00","modified_gmt":"2022-10-31T12:50:00","slug":"el-ciclo-territorio-bandas-llega-este-viernes-a-gualeguay","status":"publish","type":"post","link":"https:\/\/www.entrerios.gov.ar\/cultura\/el-ciclo-territorio-bandas-llega-este-viernes-a-gualeguay\/","title":{"rendered":"<strong>El ciclo \u201cTerritorio de Bandas\u201d llega este viernes a Gualeguay&nbsp;<\/strong>"},"content":{"rendered":"\n<p>El 4 de noviembre el ciclo \u201cTerritorio de Bandas\u201d har\u00e1 escala en la ciudad de Gualeguay. La cita ser\u00e1 en el espacio cultural Liebre de Marzo, donde compartir\u00e1n escenario \u201cGuridreads\u201d, de Gualeguay, junto a \u201cFortaleza\u201d de Paran\u00e1.<\/p>\n\n\n\n<p>\u201cTerritorio de Bandas\u201d vincula a m\u00fasicas y m\u00fasicos de diversos puntos de la provincia, a partir de la realizaci\u00f3n de recitales gratuitos en Paran\u00e1 y en espacios culturales del territorio provincial. La iniciativa es organizada por el centro cultural provincial Casa de la Cultura, dependiente de la Secretar\u00eda de Cultura de la Provincia.<\/p>\n\n\n\n<p>El ciclo se lleva adelante con una frecuencia mensual, y tendr\u00e1 continuidad hasta el mes de diciembre del 2022, en la Casa de la Cultura de Entre R\u00edos, para luego generar conciertos en espacios culturales de las diversas localidades, desde donde provienen las bandas.<\/p>\n\n\n\n<p>La propuesta se enmarca dentro del proyecto \u201cLa Casa Viaja\u201d, de Casa de la Cultura de Entre R\u00edos, organismo dependiente de la Secretar\u00eda de Cultura de Entre R\u00edos.<\/p>\n\n\n\n<p>La cita ser\u00e1 en Liebre de Marzo (25 de Mayo 1465); a las 21hs, con entrada libre y gratuita.<\/p>\n\n\n\n<p><strong>SOBRE LAS BANDAS<\/strong><\/p>\n\n\n\n<p>Guridreads, es una banda de reggae roots de la ciudad de Gualeguay, Entre R\u00edos, formada en 2016. Con composiciones propias y letras de conciencia social y tem\u00e1tica regional, emulando el sonido \u201cRoots\u201d de Jamaica.<\/p>\n\n\n\n<p>A lo largo de estos a\u00f1os la banda se ha presentado en distintos teatros, festivales y centros culturales de la ciudad y de la provincia.<\/p>\n\n\n\n<p>Actualmente est\u00e1 conformada por: Rodrigo \u201cLoli Drop\u201d Avalo en bater\u00eda; Diego Peccin en bajo; Virginia \u201cViky\u201d Sartori en teclados; Joaqu\u00edn Galligo en guitarra principal; Joaqu\u00edn Avalo en voz; Joaqu\u00edn Santo en guitarra r\u00edtmica ; Laura Balzer en coros; y Juan Gabriel \u201cBongoBerna Roots\u201d Bernardini en percusi\u00f3n. Juan Martin Caraballo en la asistencia y coproducci\u00f3n.<\/p>\n\n\n\n<p>Fortaleza es una banda de reggae en formato cuarteto con m\u00fasica de autor\u00eda propia que ofrece sonidos para sentir, bailar, y cantar. Est\u00e1 integrada por&nbsp; Cesar Rodr\u00edguez, en composici\u00f3n, guitarra y voz; Mart\u00edn \u201cMartan\u201d Echeverr\u00eda en teclados y coros; Lisandro \u201cChino\u201d Uriel S\u00e1nchez en bajo; y Daniel Gerardo Vieytes en bater\u00eda.<\/p>\n","protected":false},"excerpt":{"rendered":"<p>El 4 de noviembre el ciclo \u201cTerritorio de Bandas\u201d har\u00e1 escala en la ciudad de Gualeguay. La cita ser\u00e1 en el espacio cultural Liebre de Marzo, donde compartir\u00e1n escenario \u201cGuridreads\u201d, de Gualeguay, junto a \u201cFortaleza\u201d de Paran\u00e1. \u201cTerritorio de Bandas\u201d vincula a m\u00fasicas y m\u00fasicos de diversos puntos de la provincia, a partir de la [&hellip;]<\/p>\n","protected":false},"author":5,"featured_media":7152,"comment_status":"open","ping_status":"open","sticky":false,"template":"","format":"standard","meta":{"_et_pb_use_builder":"off","_et_pb_old_content":"","_et_gb_content_width":"","footnotes":""},"categories":[1,28,19],"tags":[],"class_list":["post-7151","post","type-post","status-publish","format-standard","has-post-thumbnail","hentry","category-destacado","category-noticias","category-casa-de-la-cultura-de-er"],"_links":{"self":[{"href":"https:\/\/www.entrerios.gov.ar\/cultura\/wp-json\/wp\/v2\/posts\/7151","targetHints":{"allow":["GET"]}}],"collection":[{"href":"https:\/\/www.entrerios.gov.ar\/cultura\/wp-json\/wp\/v2\/posts"}],"about":[{"href":"https:\/\/www.entrerios.gov.ar\/cultura\/wp-json\/wp\/v2\/types\/post"}],"author":[{"embeddable":true,"href":"https:\/\/www.entrerios.gov.ar\/cultura\/wp-json\/wp\/v2\/users\/5"}],"replies":[{"embeddable":true,"href":"https:\/\/www.entrerios.gov.ar\/cultura\/wp-json\/wp\/v2\/comments?post=7151"}],"version-history":[{"count":2,"href":"https:\/\/www.entrerios.gov.ar\/cultura\/wp-json\/wp\/v2\/posts\/7151\/revisions"}],"predecessor-version":[{"id":7154,"href":"https:\/\/www.entrerios.gov.ar\/cultura\/wp-json\/wp\/v2\/posts\/7151\/revisions\/7154"}],"wp:featuredmedia":[{"embeddable":true,"href":"https:\/\/www.entrerios.gov.ar\/cultura\/wp-json\/wp\/v2\/media\/7152"}],"wp:attachment":[{"href":"https:\/\/www.entrerios.gov.ar\/cultura\/wp-json\/wp\/v2\/media?parent=7151"}],"wp:term":[{"taxonomy":"category","embeddable":true,"href":"https:\/\/www.entrerios.gov.ar\/cultura\/wp-json\/wp\/v2\/categories?post=7151"},{"taxonomy":"post_tag","embeddable":true,"href":"https:\/\/www.entrerios.gov.ar\/cultura\/wp-json\/wp\/v2\/tags?post=7151"}],"curies":[{"name":"wp","href":"https:\/\/api.w.org\/{rel}","templated":true}]}}