{"id":7201,"date":"2022-11-04T07:00:00","date_gmt":"2022-11-04T07:00:00","guid":{"rendered":"https:\/\/www.entrerios.gov.ar\/cultura\/?p=7201"},"modified":"2022-11-03T14:30:29","modified_gmt":"2022-11-03T14:30:29","slug":"el-centro-experimental-de-fotografia-de-entre-rios-impulsa-talleres-por-la-provincia","status":"publish","type":"post","link":"https:\/\/www.entrerios.gov.ar\/cultura\/el-centro-experimental-de-fotografia-de-entre-rios-impulsa-talleres-por-la-provincia\/","title":{"rendered":"<strong>El Centro Experimental de Fotograf\u00eda de Entre R\u00edos impulsa talleres por la provincia&nbsp;<\/strong>"},"content":{"rendered":"\n<p>El Centro Experimental de Fotograf\u00eda de Entre R\u00edos (CEFER), dependiente de la Secretar\u00eda de Cultura Provincial, invita a participar de los talleres Taller &#8220;Mi Barrio en Fotos&#8221; y &#8220;Estampas de mi barrio&#8221;, que se llevar\u00e1n adelante en las ciudades de Paran\u00e1, Concordia y San Jos\u00e9. Las propuestas son de car\u00e1cter libre y gratuito, y con cupos limitados.<\/p>\n\n\n\n<p>Los talleres Taller &#8220;Mi Barrio en Fotos&#8221; y &#8220;Estampas de mi barrio&#8221;, est\u00e1n destinados a la construcci\u00f3n y divulgaci\u00f3n de historias fotogr\u00e1ficas de las comunidades entrerrianas.<\/p>\n\n\n\n<p><strong>Sobre las propuestas \u201cMi barrio en fotos\u201d y &#8220;Estampas de mi barrio&#8221;<\/strong><\/p>\n\n\n\n<p>Estos talleres, abordan la narrativa fotogr\u00e1fica a partir de&nbsp; una serie de encuentros&nbsp; pr\u00e1cticos y acompa\u00f1ados,&nbsp; orientados a la construcci\u00f3n colectiva de relatos escritos, mediante fotograf\u00edas impresas o digitales. A su vez, propone conjugar la b\u00fasqueda creativa en la narrativa de una historia que cuente las&nbsp;particularidades de cada barrio o comunidad. Siempre considerando aquellas herramientas exploratorias que nos proporciona el medio<\/p>\n\n\n\n<p><strong>Fechas y lugares para agendar:&nbsp;<\/strong><\/p>\n\n\n\n<p><strong>Paran\u00e1:<\/strong> la actividad se llevar\u00e1 adelante los d\u00edas 18, 25 y 2 de diciembre en el espacio cultural independiente \u201cLa Taller\u201d (Garrig\u00f3 747), y estar\u00e1 coordinada por Paula Kindsvater.<\/p>\n\n\n\n<p><strong>Concordia:<\/strong> la actividad se llevar\u00e1 adelante los d\u00edas 10, 18 y 23 de noviembre en el Museo de la Imagen (Buenos Aires 179), dependiente de la Sec. De Cultura de Entre R\u00edos, y estar\u00e1 coordinada por Sebasti\u00e1n Pittavino.<\/p>\n\n\n\n<p><strong>San Jos\u00e9:<\/strong> la actividad se llevar\u00e1 adelante los d\u00edas 10, 17 y 24 de noviembre en el Centro Cultural La Botica (Sarmiento 1788)&nbsp; y ser\u00e1 coordinada por \u201cArriba Cooperativa Cultural\u201d&nbsp;Formulario de Inscripci\u00f3n <a href=\"https:\/\/docs.google.com\/forms\/d\/e\/1FAIpQLSej-pGHDwualyEnjf9AJK7vcm58VTxP_fXnasnC5DyktoFXDQ\/viewform?pli=1\" target=\"_blank\" rel=\"noreferrer noopener\">Aqu\u00ed<\/a><\/p>\n","protected":false},"excerpt":{"rendered":"<p>El Centro Experimental de Fotograf\u00eda de Entre R\u00edos (CEFER), dependiente de la Secretar\u00eda de Cultura Provincial, invita a participar de los talleres Taller &#8220;Mi Barrio en Fotos&#8221; y &#8220;Estampas de mi barrio&#8221;, que se llevar\u00e1n adelante en las ciudades de Paran\u00e1, Concordia y San Jos\u00e9. Las propuestas son de car\u00e1cter libre y gratuito, y con [&hellip;]<\/p>\n","protected":false},"author":5,"featured_media":7202,"comment_status":"open","ping_status":"open","sticky":false,"template":"","format":"standard","meta":{"_et_pb_use_builder":"off","_et_pb_old_content":"","_et_gb_content_width":"","footnotes":""},"categories":[1,28,19],"tags":[],"class_list":["post-7201","post","type-post","status-publish","format-standard","has-post-thumbnail","hentry","category-destacado","category-noticias","category-casa-de-la-cultura-de-er"],"_links":{"self":[{"href":"https:\/\/www.entrerios.gov.ar\/cultura\/wp-json\/wp\/v2\/posts\/7201","targetHints":{"allow":["GET"]}}],"collection":[{"href":"https:\/\/www.entrerios.gov.ar\/cultura\/wp-json\/wp\/v2\/posts"}],"about":[{"href":"https:\/\/www.entrerios.gov.ar\/cultura\/wp-json\/wp\/v2\/types\/post"}],"author":[{"embeddable":true,"href":"https:\/\/www.entrerios.gov.ar\/cultura\/wp-json\/wp\/v2\/users\/5"}],"replies":[{"embeddable":true,"href":"https:\/\/www.entrerios.gov.ar\/cultura\/wp-json\/wp\/v2\/comments?post=7201"}],"version-history":[{"count":1,"href":"https:\/\/www.entrerios.gov.ar\/cultura\/wp-json\/wp\/v2\/posts\/7201\/revisions"}],"predecessor-version":[{"id":7203,"href":"https:\/\/www.entrerios.gov.ar\/cultura\/wp-json\/wp\/v2\/posts\/7201\/revisions\/7203"}],"wp:featuredmedia":[{"embeddable":true,"href":"https:\/\/www.entrerios.gov.ar\/cultura\/wp-json\/wp\/v2\/media\/7202"}],"wp:attachment":[{"href":"https:\/\/www.entrerios.gov.ar\/cultura\/wp-json\/wp\/v2\/media?parent=7201"}],"wp:term":[{"taxonomy":"category","embeddable":true,"href":"https:\/\/www.entrerios.gov.ar\/cultura\/wp-json\/wp\/v2\/categories?post=7201"},{"taxonomy":"post_tag","embeddable":true,"href":"https:\/\/www.entrerios.gov.ar\/cultura\/wp-json\/wp\/v2\/tags?post=7201"}],"curies":[{"name":"wp","href":"https:\/\/api.w.org\/{rel}","templated":true}]}}