{"id":7204,"date":"2022-11-05T13:00:00","date_gmt":"2022-11-05T13:00:00","guid":{"rendered":"https:\/\/www.entrerios.gov.ar\/cultura\/?p=7204"},"modified":"2022-11-03T23:52:51","modified_gmt":"2022-11-03T23:52:51","slug":"una-nueva-edicion-de-la-noche-de-los-museos-entrerrianos","status":"publish","type":"post","link":"https:\/\/www.entrerios.gov.ar\/cultura\/una-nueva-edicion-de-la-noche-de-los-museos-entrerrianos\/","title":{"rendered":"<strong>Una nueva edici\u00f3n de la Noche de los Museos Entrerrianos<\/strong>"},"content":{"rendered":"\n<p>Organizada por el Gobierno de Entre R\u00edos a trav\u00e9s de la Secretar\u00eda de Cultura, se realizar\u00e1 el 11 de noviembre. Habr\u00e1 actividades gratuitas desde las 18 hasta las 00hs. Ser\u00e1n cuatro los puntos de encuentro en la capital entrerriana. Se prepara gran cierre con el espect\u00e1culo musical del Combo Mutante en Plaza Carb\u00f3.&nbsp;&nbsp;<\/p>\n\n\n\n<p>En la edici\u00f3n n\u00famero 11 de la Noche de los Museos Entrerrianos estar\u00e1n involucrados 10 organismos que se encuentran bajo la \u00f3rbita de Cultura de la Provincia, que los visitantes podr\u00e1n recorrer en Paran\u00e1: Museo Provincial Hogar Escuela Eva Per\u00f3n; Museo Provincial de Bellas Artes; Museo Hist\u00f3rico Provincial; Museo Provincial de Ciencias Naturales y Antropol\u00f3gicas; Museo Provincial Casa de Gobierno; Museo y Mercado Provincial de Artesan\u00edas; Archivo Provincial; y la Biblioteca Provincial.<\/p>\n\n\n\n<p>Se sumar\u00e1n en la costa del Uruguay el Museo Provincial Molino Forclaz (Col\u00f3n) y el Museo Provincial de Dibujo y Grabado (Concepci\u00f3n del Uruguay).&nbsp;<\/p>\n\n\n\n<p>En el marco de la Noche de los Museos Entrerrianos tambi\u00e9n estar\u00e1 a disposici\u00f3n del p\u00fablico la muestra de la primera residencia art\u00edstica entrerriana de artes visuales \u201cLa Tribu y el Territorio\u201d en la La Vieja Usina. La iniciativa fue organizada por el Colectivo La Tribu y el Territorio y la Secretar\u00eda de Cultura de Entre R\u00edos.&nbsp;<\/p>\n\n\n\n<p>Durante la jornada del viernes se desarrollar\u00e1n propuestas espec\u00edficas y especiales en cada organismo involucrado, las actividades estar\u00e1n concentradas en cuatro puntos estrat\u00e9gicos de la ciudad de Paran\u00e1: el Museo Provincial Hogar Escuela Eva Per\u00f3n (Av. Don Bosco 749); el Museo y Mercado Provincial de Artesan\u00edas (Urquiza 1239); la Plaza Carb\u00f3 y la Plaza Alvear. Para concluir la jornada -a las 23 hs- actuar\u00e1 el Combo Mutante en la Plaza Carb\u00f3 con un espect\u00e1culo musical para toda la familia.&nbsp;<\/p>\n\n\n\n<p>Tambi\u00e9n estar\u00e1n incluidos en el circuito propuesto el Museo de la Ciudad de Paran\u00e1 \u201cC\u00e9sar Blas P\u00e9rez Colman\u201d; la C\u00e1mara de Diputados de Entre R\u00edos; la Capilla Norte de San Miguel; la Radio LT14 Radio Nacional Gral. Justo Jos\u00e9 de Urquiza; la Escuela de Artes Visuales \u201cProf. Roberto L\u00f3pez Carnelli\u201d, que depende de la Facultad de Humanidades Artes y Ciencias Sociales (FHAyCS) de la UADER; y la actividad Noche de las Galer\u00edas (donde siete galer\u00edas de artes visuales de Paran\u00e1 abrir\u00e1n sus puertas a visitantes).<\/p>\n\n\n\n<p>Fruto de la articulaci\u00f3n interinstitucional forjada con el trabajo del Consejo Provincial de Cultura, los museos de distintas ciudades de Entre R\u00edos acompa\u00f1ar\u00e1n la iniciativa; transformando a la actividad en una propuesta federal cargada de diversidad e identidad. Al momento se encuentra confirmada la participaci\u00f3n de los siguientes organismos: Museo El Porvenir de Villa Elisa; el Museo Hist\u00f3rico Municipal y la Casa Museo Martiniano Leguizam\u00f3n de Rosario del Tala; el Sal\u00f3n Azul (Club Atl\u00e9tico Rosario Tala) y la Biblioteca Popular &#8220;Juli\u00e1n Monz\u00f3n&#8221; de la misma ciudad. Se une a la propuesta el evento &#8220;La galer\u00eda habla&#8221; de Pueblo Liebig que consistir\u00e1 en una reuni\u00f3n donde todas las instituciones contar\u00e1n la historia de Liebig a trav\u00e9s de stands; actuar\u00e1 el Taller de Orquesta de guitarras, de percusi\u00f3n y ensamble afrolatina. Participar\u00e1 tambi\u00e9n el el Coro Candilejas, de la Ciudad de San Jos\u00e9, y finalizar\u00e1 con una caminata de antorchas.<\/p>\n\n\n\n<figure class=\"wp-block-image size-large\"><img loading=\"lazy\" decoding=\"async\" width=\"1024\" height=\"683\" src=\"https:\/\/www.entrerios.gov.ar\/cultura\/wp-content\/uploads\/2022\/11\/NDM1-1024x683.jpg\" alt=\"\" class=\"wp-image-7206\" srcset=\"https:\/\/www.entrerios.gov.ar\/cultura\/wp-content\/uploads\/2022\/11\/NDM1-980x653.jpg 980w, https:\/\/www.entrerios.gov.ar\/cultura\/wp-content\/uploads\/2022\/11\/NDM1-480x320.jpg 480w\" sizes=\"auto, (min-width: 0px) and (max-width: 480px) 480px, (min-width: 481px) and (max-width: 980px) 980px, (min-width: 981px) 1024px, 100vw\" \/><figcaption class=\"wp-element-caption\"><em>Museo Hist\u00f3rico Provincial Martiniano Leguizam\u00f3n<\/em><\/figcaption><\/figure>\n\n\n\n<p><strong>Para disfrutar del patrimonio cultural entrerriano<\/strong><\/p>\n\n\n\n<p>Entre las novedades de la edici\u00f3n 2022 se destacan diversos recorridos guiados, teatro y juegos para las infancias, actividades l\u00fadicas para diversos p\u00fablicos, espect\u00e1culos, muestras e instalaciones, ritos y ceremonias ancestrales, propuestas gastron\u00f3micas y ferias, exposici\u00f3n de documentos hist\u00f3ricos sobre los Mundiales, talleres graficos para ni\u00f1os y ni\u00f1as, proyecciones audiovisuales y mucho m\u00e1s.&nbsp;<\/p>\n\n\n\n<p>Toda la programaci\u00f3n detallada podr\u00e1 consultarse en las redes sociales de la Secretar\u00eda de Cultura de Entre R\u00edos, o ingresando <a href=\"https:\/\/drive.google.com\/file\/d\/1uetLUrVi-3GE54FVVqw6DeArkCVaKLtj\/view\">Aqu\u00ed<\/a><\/p>\n","protected":false},"excerpt":{"rendered":"<p>Organizada por el Gobierno de Entre R\u00edos a trav\u00e9s de la Secretar\u00eda de Cultura, se realizar\u00e1 el 11 de noviembre. Habr\u00e1 actividades gratuitas desde las 18 hasta las 00hs. Ser\u00e1n cuatro los puntos de encuentro en la capital entrerriana. Se prepara gran cierre con el espect\u00e1culo musical del Combo Mutante en Plaza Carb\u00f3.&nbsp;&nbsp; En la [&hellip;]<\/p>\n","protected":false},"author":5,"featured_media":7205,"comment_status":"open","ping_status":"open","sticky":false,"template":"","format":"standard","meta":{"_et_pb_use_builder":"off","_et_pb_old_content":"","_et_gb_content_width":"","footnotes":""},"categories":[1,28,20,5,18,23,9,11,8,15,12,10,14,13,16],"tags":[],"class_list":["post-7204","post","type-post","status-publish","format-standard","has-post-thumbnail","hentry","category-destacado","category-noticias","category-area-patrimonio","category-biblioteca-provincial","category-centro-cultural-la-vieja-usina","category-consejo-provincial-de-cultura","category-museo-bellas-artes","category-museo-casa-de-gobierno","category-museo-ciencias-naturales","category-museo-de-dibujo-y-grabado","category-museo-de-la-imagen","category-museo-historico","category-museo-hogar-escuela-eva-peron","category-museo-molino-forclaz","category-museo-y-mercado-de-artesanias"],"_links":{"self":[{"href":"https:\/\/www.entrerios.gov.ar\/cultura\/wp-json\/wp\/v2\/posts\/7204","targetHints":{"allow":["GET"]}}],"collection":[{"href":"https:\/\/www.entrerios.gov.ar\/cultura\/wp-json\/wp\/v2\/posts"}],"about":[{"href":"https:\/\/www.entrerios.gov.ar\/cultura\/wp-json\/wp\/v2\/types\/post"}],"author":[{"embeddable":true,"href":"https:\/\/www.entrerios.gov.ar\/cultura\/wp-json\/wp\/v2\/users\/5"}],"replies":[{"embeddable":true,"href":"https:\/\/www.entrerios.gov.ar\/cultura\/wp-json\/wp\/v2\/comments?post=7204"}],"version-history":[{"count":2,"href":"https:\/\/www.entrerios.gov.ar\/cultura\/wp-json\/wp\/v2\/posts\/7204\/revisions"}],"predecessor-version":[{"id":7208,"href":"https:\/\/www.entrerios.gov.ar\/cultura\/wp-json\/wp\/v2\/posts\/7204\/revisions\/7208"}],"wp:featuredmedia":[{"embeddable":true,"href":"https:\/\/www.entrerios.gov.ar\/cultura\/wp-json\/wp\/v2\/media\/7205"}],"wp:attachment":[{"href":"https:\/\/www.entrerios.gov.ar\/cultura\/wp-json\/wp\/v2\/media?parent=7204"}],"wp:term":[{"taxonomy":"category","embeddable":true,"href":"https:\/\/www.entrerios.gov.ar\/cultura\/wp-json\/wp\/v2\/categories?post=7204"},{"taxonomy":"post_tag","embeddable":true,"href":"https:\/\/www.entrerios.gov.ar\/cultura\/wp-json\/wp\/v2\/tags?post=7204"}],"curies":[{"name":"wp","href":"https:\/\/api.w.org\/{rel}","templated":true}]}}