{"id":7222,"date":"2022-11-08T10:08:16","date_gmt":"2022-11-08T10:08:16","guid":{"rendered":"https:\/\/www.entrerios.gov.ar\/cultura\/?p=7222"},"modified":"2022-11-08T10:08:23","modified_gmt":"2022-11-08T10:08:23","slug":"usina-en-gira-llega-a-gualeguay","status":"publish","type":"post","link":"https:\/\/www.entrerios.gov.ar\/cultura\/usina-en-gira-llega-a-gualeguay\/","title":{"rendered":"<br><strong>Usina en gira llega a Gualeguay<\/strong>"},"content":{"rendered":"\n<p>El ciclo de circulaci\u00f3n Usina en gira, impulsado desde el C.C. y C. La Vieja Usina, dependiente de la Secretar\u00eda de Cultura de Entre R\u00edos, llega a Gualeguay con el apoyo de la Secretar\u00eda de Turismo, Cultura y Deportes de la Municipalidad de Gualeguay.&nbsp;<\/p>\n\n\n\n<p>La sala Liebre de Marzo y el grupo Agua Viva recibir\u00e1n al Colectivo Las Cuencas (Concordia) y al grupo Teatro del Bardo (Paran\u00e1), que llevar\u00e1n adelante funciones los d\u00edas 11, 12 y 13 de noviembre. Se presentar\u00e1n con entrada libre y gratuita las obras \u201cEl rastro. Tras las huellas de Isidro Vel\u00e1zquez\u201d, \u201cCuenca. Todo debajo\u201d, y \u201cExtra\u00f1o tu perfume\u201d. La intenci\u00f3n es aportar a la formaci\u00f3n de p\u00fablicos teatrales en distintas localidades del territorio provincial, favoreciendo adem\u00e1s el intercambio entre hacedores teatrales de distintas regiones de la provincia.&nbsp;<\/p>\n\n\n\n<p>Este ciclo ya se llev\u00f3 a cabo en Concordia y en Paran\u00e1, donde adem\u00e1s de las obras mencionadas, particip\u00f3 la obra \u201cEfectos de la falta de ficci\u00f3n\u201d de Agua Viva (Gualeguay).<\/p>\n\n\n\n<p>El viernes 11 de noviembre, a las 21 hs., se presentar\u00e1 &#8220;El rastro. Tras las huellas de Isidro Vel\u00e1zquez&#8221;, una historia de rebeld\u00eda ante la injusticia, la pobreza y la opresi\u00f3n. El s\u00e1bado 12 de noviembre, a las 21 hs., ser\u00e1 el turno de \u201cCuenca. Todo debajo\u201d, inspirada en Melchora Cuenca, lancera de la Liga de los Pueblo Libres, maestra y esposa del General Jos\u00e9 Gervasio Artigas. El domingo 13 de noviembre, a las 20 hs., cerrar\u00e1 el ciclo la obra &#8220;Extra\u00f1o tu perfume&#8221;, un espect\u00e1culo unipersonal inspirado en textos no dram\u00e1ticos de la literatura queer &#8211; trans contempor\u00e1nea y en la biograf\u00eda del actor.&nbsp;<\/p>\n\n\n\n<p>Dado que la sala tiene capacidad limitada, se sugiere reservar comunic\u00e1ndose via instagram (@liebre_de_marzo_teatro) o telef\u00f3nicamente (1139344022).<\/p>\n\n\n\n<p><strong>Sobre las obras<\/strong><\/p>\n\n\n\n<p><strong>\u201cEl rastro. Tras las huellas de Isidro Vel\u00e1zquez\u201d. Grupo Teatro del Bardo (Paran\u00e1)<\/strong><\/p>\n\n\n\n<p>Isidro es un padre de familia, un trabajador que se convierte en el hombre m\u00e1s buscado de la Argentina. La polic\u00eda lo caza sin descanso, pero en el monte es inalcanzable. Camina hacia atr\u00e1s, borra sus huellas y deja rastros falsos. Conoce como nadie esos parajes y sus animales, algunos afirman que se transforma en ellos o que se desmaterializa. Desde ni\u00f1o habita y come del monte y mata con la seguridad del hambre. Una historia de rebeld\u00eda ante la injusticia, la pobreza y la opresi\u00f3n.<\/p>\n\n\n\n<p>La actuaci\u00f3n es de To\u00f1o L\u00f3pez, con la direcci\u00f3n y dise\u00f1o de luces de Gabriela Trevisani, dramaturgia de Belisario Ruiz, y operaci\u00f3n t\u00e9cnica de Alejandra Florenza. Los objetos corresponden a Edgardo Lara y Laura Sosa, el vestuario a Dani Rudel, y el dise\u00f1o gr\u00e1fico a, Nati Hallam. La producci\u00f3n general es de Teatro del Bardo.<\/p>\n\n\n\n<p><strong>\u201cCuenca. Todo debajo\u201d. Colectivo Las Cuencas (Concordia)&nbsp;<\/strong><\/p>\n\n\n\n<p>Esta obra teatral est\u00e1 inspirada en Melchora Cuenca (1790-1870), lancera de la Liga de los Pueblo Libres, maestra y esposa del General Jos\u00e9 Gervasio Artigas. Melchora luch\u00f3 por la independencia de Am\u00e9rica, sin embargo, es una de las tantas mujeres, de las cuales hay escasas referencias en la historia oficial.<\/p>\n\n\n\n<p>En la obra se vincula la historia de mujeres y hombres que habitaron a ambos m\u00e1rgenes del R\u00edo Uruguay, en la zona de las actuales ciudades de Concordia, Salto y Paysand\u00fa, con las vivencias de una mujer contempor\u00e1nea. Motivadas por la b\u00fasqueda de la identidad, las hacedoras de este espect\u00e1culo se proponen poner en valor el rol de las mujeres y de los pueblos originarios en las luchas por la independencia de Am\u00e9rica.<\/p>\n\n\n\n<p>Esta obra ha sido seleccionada para representar a Entre R\u00edos en la 36\u00b0 Fiesta Nacional de Teatro.<\/p>\n\n\n\n<p>Act\u00faan Marta Cot y Olga Luc\u00eda Salamanca, con la operaci\u00f3n t\u00e9cnica de Joaqu\u00edn Romero, y la direcci\u00f3n de Paula Tabachnik.<\/p>\n\n\n\n<p><strong>\u201cExtra\u00f1o tu perfume\u201d. Grupo Teatro del Bardo (Paran\u00e1)<\/strong><\/p>\n\n\n\n<p>Es un espect\u00e1culo unipersonal inspirado en textos no dram\u00e1ticos de la literatura queer y trans contempor\u00e1nea, (Camila Sosa Villada, Pedro Lemebel, Paul Preciado, Batato Barea) y en la biograf\u00eda del actor, ficcionalizando ambas fuentes de textualidad, a trav\u00e9s de la hibridaci\u00f3n de los lenguajes verbales, (literarios, documentales) y no verbales (pl\u00e1sticos, sonoros, teatrales), en una fragmentaci\u00f3n, montaje y desmontaje, que emula el transcurrir de la vida de una persona, intentando desandar en escena, un concepto socialmente habilitado: la identidad de g\u00e9nero.<\/p>\n\n\n\n<p>Esta obra cuenta con la actuaci\u00f3n de Sebasti\u00e1n Boscarol, la direcci\u00f3n de Valeria Folini, y la dramaturgia de Folini y Boscarol. El dise\u00f1o y puesta de luces corresponden a Tovio Velozo, el dise\u00f1o de vestuario y objetos esc\u00e9nicos a Reina Heels, y los objetos escenogr\u00e1ficos Edgardo Lara. Andr\u00e9s Main estuvo a cargo del asesoramiento musical. Los audiovisuales son de Walter Arosteguy, las fotos de Juan Mart\u00edn Casalla, y el dise\u00f1o Gr\u00e1fico de Natalia Hallam. La producci\u00f3n es realizada por Teatro del Bardo.<\/p>\n\n\n\n<p><em><strong>Prensa y difusi\u00f3n\u00a0<\/strong><\/em><br><strong>Centro Cultural y de Convenciones La Vieja Usina<\/strong>. Gregoria Matorras 861- Paran\u00e1 &#8211; Entre R\u00edos.<br>Tel\u00e9fonos: 0343 4211074\u00a0<a rel=\"noreferrer noopener\" href=\"https:\/\/www.facebook.com\/CentroCulturalLaViejaUsina\/inbox\/\" target=\"_blank\">Facebook La Vieja Usina<\/a><br><a rel=\"noreferrer noopener\" href=\"https:\/\/www.instagram.com\/la_vieja_usina_parana\/\" target=\"_blank\">Instagram @la_vieja_usina_parana<\/a><\/p>\n","protected":false},"excerpt":{"rendered":"<p>El ciclo de circulaci\u00f3n Usina en gira, impulsado desde el C.C. y C. La Vieja Usina, dependiente de la Secretar\u00eda de Cultura de Entre R\u00edos, llega a Gualeguay con el apoyo de la Secretar\u00eda de Turismo, Cultura y Deportes de la Municipalidad de Gualeguay.&nbsp; La sala Liebre de Marzo y el grupo Agua Viva recibir\u00e1n [&hellip;]<\/p>\n","protected":false},"author":5,"featured_media":7223,"comment_status":"open","ping_status":"open","sticky":false,"template":"","format":"standard","meta":{"_et_pb_use_builder":"off","_et_pb_old_content":"","_et_gb_content_width":"","footnotes":""},"categories":[1,28,18],"tags":[],"class_list":["post-7222","post","type-post","status-publish","format-standard","has-post-thumbnail","hentry","category-destacado","category-noticias","category-centro-cultural-la-vieja-usina"],"_links":{"self":[{"href":"https:\/\/www.entrerios.gov.ar\/cultura\/wp-json\/wp\/v2\/posts\/7222","targetHints":{"allow":["GET"]}}],"collection":[{"href":"https:\/\/www.entrerios.gov.ar\/cultura\/wp-json\/wp\/v2\/posts"}],"about":[{"href":"https:\/\/www.entrerios.gov.ar\/cultura\/wp-json\/wp\/v2\/types\/post"}],"author":[{"embeddable":true,"href":"https:\/\/www.entrerios.gov.ar\/cultura\/wp-json\/wp\/v2\/users\/5"}],"replies":[{"embeddable":true,"href":"https:\/\/www.entrerios.gov.ar\/cultura\/wp-json\/wp\/v2\/comments?post=7222"}],"version-history":[{"count":1,"href":"https:\/\/www.entrerios.gov.ar\/cultura\/wp-json\/wp\/v2\/posts\/7222\/revisions"}],"predecessor-version":[{"id":7224,"href":"https:\/\/www.entrerios.gov.ar\/cultura\/wp-json\/wp\/v2\/posts\/7222\/revisions\/7224"}],"wp:featuredmedia":[{"embeddable":true,"href":"https:\/\/www.entrerios.gov.ar\/cultura\/wp-json\/wp\/v2\/media\/7223"}],"wp:attachment":[{"href":"https:\/\/www.entrerios.gov.ar\/cultura\/wp-json\/wp\/v2\/media?parent=7222"}],"wp:term":[{"taxonomy":"category","embeddable":true,"href":"https:\/\/www.entrerios.gov.ar\/cultura\/wp-json\/wp\/v2\/categories?post=7222"},{"taxonomy":"post_tag","embeddable":true,"href":"https:\/\/www.entrerios.gov.ar\/cultura\/wp-json\/wp\/v2\/tags?post=7222"}],"curies":[{"name":"wp","href":"https:\/\/api.w.org\/{rel}","templated":true}]}}