{"id":7225,"date":"2022-11-09T07:00:00","date_gmt":"2022-11-09T07:00:00","guid":{"rendered":"https:\/\/www.entrerios.gov.ar\/cultura\/?p=7225"},"modified":"2022-11-08T10:20:46","modified_gmt":"2022-11-08T10:20:46","slug":"una-conferencia-muy-animada-acerca-de-la-vida-y-obra-de-toulouse-lautrec-cierra-el-ciclo-domingos-de-teatro-2022","status":"publish","type":"post","link":"https:\/\/www.entrerios.gov.ar\/cultura\/una-conferencia-muy-animada-acerca-de-la-vida-y-obra-de-toulouse-lautrec-cierra-el-ciclo-domingos-de-teatro-2022\/","title":{"rendered":"<strong>\u201cUna Conferencia muy animada acerca de la vida y obra de Toulouse Lautrec\u201d cierra el Ciclo Domingos de Teatro 2022<\/strong>"},"content":{"rendered":"\n<p>Este domingo 13 de noviembre se llevar\u00e1 adelante la \u00faltima noche del Ciclo Domingos de Teatro 2022. El p\u00fablico local pudo disfrutar con entrada gratuita de m\u00e1s de 30 propuestas teatrales en su mayor\u00eda producidas en nuestra provincia, con diversidad de g\u00e9neros, po\u00e9ticas y modalidades de producci\u00f3n.&nbsp;<\/p>\n\n\n\n<p>Este domingo, a las 21 hs., la obra \u201cUna Conferencia muy animada acerca de la vida y obra de Toulouse Lautrec\u201d del grupo Los Macanos Borondongos, cerrar\u00e1 el cl\u00e1sico ciclo de La Vieja Usina. La entrada es gratuita, con ingreso por orden de llegada. Este espect\u00e1culo es recomendado para personas mayores de 12 a\u00f1os.<\/p>\n\n\n\n<p><strong>Sobre la obra:<\/strong><\/p>\n\n\n\n<p>A un auditorio repleto de pedagogos, hipercr\u00edticos y chinches, llega Mariano Albornoz. De profesi\u00f3n conferencista.&nbsp;<\/p>\n\n\n\n<p>Mariano dar\u00e1 una clase ejemplar acerca de la vida y obra de un gran pintor y cartelista:&nbsp; \u201cToulouse Lautrec\u201d. Su torpeza y dispersi\u00f3n lo llevan a una serie de enredos que ponen en duda de que realmente pueda dar la conferencia\u2026 Denodadamente tratar\u00e1 de convencer a su auditorio, que en la vida uno es bueno solo si elige lo que le gusta. Pero\u2026&nbsp; un hecho inusitado sobre el final de la Conferencia en clave de revelaci\u00f3n dejar\u00e1 a la audiencia boquiabierta!!!<\/p>\n\n\n\n<p>Pero, \u00bfQui\u00e9n es en realidad este conferencista que tiene una noble fijaci\u00f3n en Toulouse?<\/p>\n\n\n\n<p>Un \u201cToulouse\u201d que se autopercibe como un l\u00e1piz.<\/p>\n\n\n\n<p>Y un conferencista que se autopercibe como un mensajero de vuelo propio para acercar a su auditorio a la procaz idea de que \u2026&nbsp;<\/p>\n\n\n\n<p><strong>Ficha T\u00e9cnica:&nbsp;<\/strong><\/p>\n\n\n\n<p>Personajes:&nbsp;<\/p>\n\n\n\n<p>Izaguirre, Juan Carlos como: Mariano Albornoz.&nbsp;<\/p>\n\n\n\n<p>Alexis Chausovsky como Saimon.&nbsp;<\/p>\n\n\n\n<p>Fernando Anibal Rabellino como Pro Cafrune.<\/p>\n\n\n\n<p>Texto dram\u00e1tico: Izaguirre Juan Carlos<\/p>\n\n\n\n<p>Direcci\u00f3n y puesta en escena: Pablo Vallejo (Director Invitado)&nbsp; y Grupo \u201cLos Macanos\u201d.<\/p>\n\n\n\n<p>Fotos: \u201cLos Macanos\u201d<\/p>\n\n\n\n<p>Ejecuci\u00f3n musical en escena: Rabellino Fernando An\u00edbal y Alexis Chausovski<\/p>\n\n\n\n<p>Elementos escenogr\u00e1ficos y Vestuarios &#8211; dise\u00f1o y realizaci\u00f3n: Andrea Fontelles&nbsp;<\/p>\n\n\n\n<p>Dise\u00f1o lum\u00ednico y Operaci\u00f3n: Pablo Vallejo<\/p>\n\n\n\n<p><strong>Sobre Los Macanos Borondongos:&nbsp;<\/strong><\/p>\n\n\n\n<p>El grupo se conforma a fines del 2003 desarrollando animaciones de fiestas, cumplea\u00f1os, performances, eventos culturales, deportivos, teatro para ni\u00f1os y espect\u00e1culos callejeros para toda la familia. Desde entonces el grupo se ha dedicado al p\u00fablico infantil primordialmente y a los espect\u00e1culos para toda la familia en espacios no convencionales (plazas, patios y salones). Ha puesto en escena las siguientes obras: \u201cEl neocirco m\u00e1gico de los hermanos Macanos\u201d, Los Macanos presentan: \u201cAventuras en papel\u201d,&nbsp; \u201cVariete de Personajes para la hora de la siesta\u201d,&nbsp; \u201cEn el Barrio de todo es posible\u201d (narraciones de cuentos sonorizados en vivo), \u201cUn homenaje a Castroviejo\u201d (Espect\u00e1culo circense), \u201cEl diminuto circo de ba\u00fal de Seraf\u00edn\u201d,&nbsp; \u201cCriaturas\u201d, seleccionada para el Nacional de Teatro&nbsp; 2014, \u201cLas aventuras del Gaucho Calandria\u201d (seleccionada para participar del regional de Teatro 2017, y seleccionada para Catalogo 2018 y 2019.)<\/p>\n\n\n\n<p>Otra de las caracter\u00edsticas del grupo son los talleres y seminarios que dicta y desarrolla durante el a\u00f1o, para ni\u00f1os y adolescentes, en las tem\u00e1ticas teatro, circo y promoci\u00f3n de la lectura.&nbsp;<\/p>\n\n\n\n<p>A lo largo de todos estos a\u00f1os&nbsp; \u201cLos Macanos\u201d se han presentado en diferentes festivales, departamentales, provinciales, regionales e Internacionales, adem\u00e1s de la realizaci\u00f3n de giras.<\/p>\n\n\n\n<p><em><strong>Prensa y difusi\u00f3n&nbsp;<\/strong><\/em><\/p>\n\n\n\n<p><strong>Centro Cultural y de Convenciones La Vieja Usina<\/strong><\/p>\n\n\n\n<p>Gregoria Matorras 861- Paran\u00e1 &#8211; Entre R\u00edos.<br>Tel\u00e9fonos: 0343 4211074&nbsp;<\/p>\n\n\n\n<p><a href=\"https:\/\/www.facebook.com\/CentroCulturalLaViejaUsina\/inbox\/\" target=\"_blank\" rel=\"noreferrer noopener\">Facebook La Vieja Usina<\/a><br><a href=\"https:\/\/www.instagram.com\/la_vieja_usina_parana\/\" target=\"_blank\" rel=\"noreferrer noopener\">Instagram @la_vieja_usina_parana<\/a><\/p>\n","protected":false},"excerpt":{"rendered":"<p>Este domingo 13 de noviembre se llevar\u00e1 adelante la \u00faltima noche del Ciclo Domingos de Teatro 2022. El p\u00fablico local pudo disfrutar con entrada gratuita de m\u00e1s de 30 propuestas teatrales en su mayor\u00eda producidas en nuestra provincia, con diversidad de g\u00e9neros, po\u00e9ticas y modalidades de producci\u00f3n.&nbsp; Este domingo, a las 21 hs., la obra [&hellip;]<\/p>\n","protected":false},"author":5,"featured_media":7226,"comment_status":"open","ping_status":"open","sticky":false,"template":"","format":"standard","meta":{"_et_pb_use_builder":"off","_et_pb_old_content":"","_et_gb_content_width":"","footnotes":""},"categories":[1,28,18],"tags":[],"class_list":["post-7225","post","type-post","status-publish","format-standard","has-post-thumbnail","hentry","category-destacado","category-noticias","category-centro-cultural-la-vieja-usina"],"_links":{"self":[{"href":"https:\/\/www.entrerios.gov.ar\/cultura\/wp-json\/wp\/v2\/posts\/7225","targetHints":{"allow":["GET"]}}],"collection":[{"href":"https:\/\/www.entrerios.gov.ar\/cultura\/wp-json\/wp\/v2\/posts"}],"about":[{"href":"https:\/\/www.entrerios.gov.ar\/cultura\/wp-json\/wp\/v2\/types\/post"}],"author":[{"embeddable":true,"href":"https:\/\/www.entrerios.gov.ar\/cultura\/wp-json\/wp\/v2\/users\/5"}],"replies":[{"embeddable":true,"href":"https:\/\/www.entrerios.gov.ar\/cultura\/wp-json\/wp\/v2\/comments?post=7225"}],"version-history":[{"count":1,"href":"https:\/\/www.entrerios.gov.ar\/cultura\/wp-json\/wp\/v2\/posts\/7225\/revisions"}],"predecessor-version":[{"id":7227,"href":"https:\/\/www.entrerios.gov.ar\/cultura\/wp-json\/wp\/v2\/posts\/7225\/revisions\/7227"}],"wp:featuredmedia":[{"embeddable":true,"href":"https:\/\/www.entrerios.gov.ar\/cultura\/wp-json\/wp\/v2\/media\/7226"}],"wp:attachment":[{"href":"https:\/\/www.entrerios.gov.ar\/cultura\/wp-json\/wp\/v2\/media?parent=7225"}],"wp:term":[{"taxonomy":"category","embeddable":true,"href":"https:\/\/www.entrerios.gov.ar\/cultura\/wp-json\/wp\/v2\/categories?post=7225"},{"taxonomy":"post_tag","embeddable":true,"href":"https:\/\/www.entrerios.gov.ar\/cultura\/wp-json\/wp\/v2\/tags?post=7225"}],"curies":[{"name":"wp","href":"https:\/\/api.w.org\/{rel}","templated":true}]}}