{"id":7239,"date":"2022-11-09T10:11:00","date_gmt":"2022-11-09T10:11:00","guid":{"rendered":"https:\/\/www.entrerios.gov.ar\/cultura\/?p=7239"},"modified":"2022-11-09T10:41:28","modified_gmt":"2022-11-09T10:41:28","slug":"este-viernes-sera-la-noche-de-los-museos-entrerrianos","status":"publish","type":"post","link":"https:\/\/www.entrerios.gov.ar\/cultura\/este-viernes-sera-la-noche-de-los-museos-entrerrianos\/","title":{"rendered":"<strong>Este viernes ser\u00e1 la Noche de los Museos Entrerrianos<\/strong>"},"content":{"rendered":"\n<p>A partir de las 18 se podr\u00e1 disfrutar de las actividades organizadas por el Gobierno de Entre R\u00edos a trav\u00e9s de la Secretar\u00eda de Cultura. Se sumar\u00e1n organismos municipales, galer\u00edas de arte e instituciones dedicadas al patrimonio cultural. Con entrada libre y gratuita.&nbsp;<\/p>\n\n\n\n<p>Toda la programaci\u00f3n detallada podr\u00e1 consultarse ingresando<a href=\"https:\/\/drive.google.com\/file\/d\/1uetLUrVi-3GE54FVVqw6DeArkCVaKLtj\/view\"> Aqu\u00ed<\/a><\/p>\n\n\n\n<p>Entre las novedades de la edici\u00f3n 2022 se destacan diversos recorridos guiados, teatro y juegos para las infancias, actividades l\u00fadicas para diversos p\u00fablicos, espect\u00e1culos, muestras e instalaciones, ritos y ceremonias ancestrales, propuestas gastron\u00f3micas y ferias, exposici\u00f3n de documentos hist\u00f3ricos sobre los Mundiales, talleres gr\u00e1ficos para ni\u00f1os y ni\u00f1as, proyecciones audiovisuales y mucho m\u00e1s.&nbsp;<\/p>\n\n\n\n<p>Ser\u00e1n cuatro los puntos de encuentro en la capital entrerriana. Se prepara gran cierre con el espect\u00e1culo musical del Combo Mutante en Plaza Carb\u00f3 a partir de las 23hs.<\/p>\n\n\n\n<p>En la edici\u00f3n n\u00famero 11 de la Noche de los Museos Entrerrianos est\u00e1n involucrados 10 organismos que se encuentran bajo la \u00f3rbita de Cultura de la Provincia, que los visitantes podr\u00e1n recorrer en Paran\u00e1: Museo Provincial Hogar Escuela Eva Per\u00f3n; Museo Provincial de Bellas Artes; Museo Hist\u00f3rico Provincial; Museo Provincial de Ciencias Naturales y Antropol\u00f3gicas; Museo Provincial Casa de Gobierno; Museo y Mercado Provincial de Artesan\u00edas; Archivo Provincial; y la Biblioteca Provincial.<\/p>\n\n\n\n<p>Se sumar\u00e1n en la costa del Uruguay el Museo Provincial Molino Forclaz (Col\u00f3n) y el Museo Provincial de Dibujo y Grabado (Concepci\u00f3n del Uruguay).&nbsp;<\/p>\n\n\n\n<p>En el marco de la Noche de los Museos Entrerrianos tambi\u00e9n estar\u00e1 a disposici\u00f3n del p\u00fablico la muestra de la primera residencia art\u00edstica entrerriana de artes visuales \u201cLa Tribu y el Territorio\u201d en la La Vieja Usina.&nbsp;<\/p>\n\n\n\n<p>Las actividades en Paran\u00e1 estar\u00e1n concentradas en cuatro puntos estrat\u00e9gicos: el Museo Provincial Hogar Escuela Eva Per\u00f3n (Av. Don Bosco 749); el Museo y Mercado Provincial de Artesan\u00edas (Urquiza 1239); la Plaza Carb\u00f3 y la Plaza Alvear.&nbsp;<\/p>\n\n\n\n<p>Tambi\u00e9n estar\u00e1n incluidos en el circuito propuesto el Museo de la Ciudad de Paran\u00e1 \u201cC\u00e9sar Blas P\u00e9rez Colman\u201d; la C\u00e1mara de Diputados de Entre R\u00edos; la Capilla Norte de San Miguel; la Radio LT14 Radio Nacional Gral. Justo Jos\u00e9 de Urquiza; la Escuela de Artes Visuales \u201cProf. Roberto L\u00f3pez Carnelli\u201d(FHAyCS- UADER); y la actividad Noche de las Galer\u00edas (donde siete galer\u00edas de artes visuales de Paran\u00e1 abrir\u00e1n sus puertas a visitantes).<\/p>\n\n\n\n<p>Fruto de la articulaci\u00f3n interinstitucional forjada con el trabajo del Consejo Provincial de Cultura, los museos de distintas ciudades de Entre R\u00edos acompa\u00f1ar\u00e1n la iniciativa; transformando a la actividad en una propuesta federal cargada de diversidad e identidad. Al momento se encuentra confirmada la participaci\u00f3n de los siguientes organismos: Museo El Porvenir de Villa Elisa; el Museo Hist\u00f3rico Municipal y la Casa Museo Martiniano Leguizam\u00f3n de Rosario del Tala; el Sal\u00f3n Azul (Club Atl\u00e9tico Rosario Tala) y la Biblioteca Popular \u201cJuli\u00e1n Monz\u00f3n\u201d, el museo GAB2 Caledonio Samam\u00e9 de la misma ciudad. Se une a la propuesta el evento \u201cLa galer\u00eda habla\u201d de Pueblo Liebig. En Villaguay participan el Museo Hist\u00f3rico y el Museo Tierra de Minuanes. En Diamante se suma el Museo Municipal Regional, el Museo de Strobel, el Museo Domingo Liotta, La Paleta del Pintor, la Escuela Carlos Vergara, y la Biblioteca Popular de Diamante. Adem\u00e1s, la Casa de la Cultura de la ciudad de Segu\u00ed ofrecer\u00e1 distintas actividades durante la jornada. En la localidad de San Jos\u00e9 participar\u00e1 el Museo del Vino (Establecimiento Los Franco Suizos), el Tiro Federal Argentino, el Cementerio Municipal, el Museo de Cs. Naturales, el Museo Hist\u00f3rico Regional, la Licorer\u00eda Bard y el Museo de la Horticultura. Se sumar\u00e1 a las actividades el Museo Molino Forclaz (dependiente de la Secretar\u00eda de Cultura de la Provincia). En dicha ciudad las actividades se extender\u00e1n durante todo el fin de semana.<\/p>\n","protected":false},"excerpt":{"rendered":"<p>A partir de las 18 se podr\u00e1 disfrutar de las actividades organizadas por el Gobierno de Entre R\u00edos a trav\u00e9s de la Secretar\u00eda de Cultura. Se sumar\u00e1n organismos municipales, galer\u00edas de arte e instituciones dedicadas al patrimonio cultural. Con entrada libre y gratuita.&nbsp; Toda la programaci\u00f3n detallada podr\u00e1 consultarse ingresando Aqu\u00ed Entre las novedades de [&hellip;]<\/p>\n","protected":false},"author":5,"featured_media":7240,"comment_status":"open","ping_status":"open","sticky":false,"template":"","format":"standard","meta":{"_et_pb_use_builder":"off","_et_pb_old_content":"","_et_gb_content_width":"","footnotes":""},"categories":[1,28,7,5,18,9,11,8,15,12,10,14,13,16],"tags":[],"class_list":["post-7239","post","type-post","status-publish","format-standard","has-post-thumbnail","hentry","category-destacado","category-noticias","category-archivo-general","category-biblioteca-provincial","category-centro-cultural-la-vieja-usina","category-museo-bellas-artes","category-museo-casa-de-gobierno","category-museo-ciencias-naturales","category-museo-de-dibujo-y-grabado","category-museo-de-la-imagen","category-museo-historico","category-museo-hogar-escuela-eva-peron","category-museo-molino-forclaz","category-museo-y-mercado-de-artesanias"],"_links":{"self":[{"href":"https:\/\/www.entrerios.gov.ar\/cultura\/wp-json\/wp\/v2\/posts\/7239","targetHints":{"allow":["GET"]}}],"collection":[{"href":"https:\/\/www.entrerios.gov.ar\/cultura\/wp-json\/wp\/v2\/posts"}],"about":[{"href":"https:\/\/www.entrerios.gov.ar\/cultura\/wp-json\/wp\/v2\/types\/post"}],"author":[{"embeddable":true,"href":"https:\/\/www.entrerios.gov.ar\/cultura\/wp-json\/wp\/v2\/users\/5"}],"replies":[{"embeddable":true,"href":"https:\/\/www.entrerios.gov.ar\/cultura\/wp-json\/wp\/v2\/comments?post=7239"}],"version-history":[{"count":4,"href":"https:\/\/www.entrerios.gov.ar\/cultura\/wp-json\/wp\/v2\/posts\/7239\/revisions"}],"predecessor-version":[{"id":7249,"href":"https:\/\/www.entrerios.gov.ar\/cultura\/wp-json\/wp\/v2\/posts\/7239\/revisions\/7249"}],"wp:featuredmedia":[{"embeddable":true,"href":"https:\/\/www.entrerios.gov.ar\/cultura\/wp-json\/wp\/v2\/media\/7240"}],"wp:attachment":[{"href":"https:\/\/www.entrerios.gov.ar\/cultura\/wp-json\/wp\/v2\/media?parent=7239"}],"wp:term":[{"taxonomy":"category","embeddable":true,"href":"https:\/\/www.entrerios.gov.ar\/cultura\/wp-json\/wp\/v2\/categories?post=7239"},{"taxonomy":"post_tag","embeddable":true,"href":"https:\/\/www.entrerios.gov.ar\/cultura\/wp-json\/wp\/v2\/tags?post=7239"}],"curies":[{"name":"wp","href":"https:\/\/api.w.org\/{rel}","templated":true}]}}