{"id":7251,"date":"2022-11-09T14:21:36","date_gmt":"2022-11-09T14:21:36","guid":{"rendered":"https:\/\/www.entrerios.gov.ar\/cultura\/?p=7251"},"modified":"2023-06-15T15:39:48","modified_gmt":"2023-06-15T15:39:48","slug":"se-eligen-representantes-regionales-para-el-consejo-provincial-de-teatro-de-entre-rios","status":"publish","type":"post","link":"https:\/\/www.entrerios.gov.ar\/cultura\/se-eligen-representantes-regionales-para-el-consejo-provincial-de-teatro-de-entre-rios\/","title":{"rendered":"<strong>Se eligen representantes regionales para el Consejo Provincial de Teatro de Entre R\u00edos<\/strong>"},"content":{"rendered":"\n<p>La Junta Electoral designada para la primera elecci\u00f3n de Representantes Regionales del Consejo Provincial de Teatro de Entre R\u00edos informa que son v\u00e1lidas las siguientes candidaturas y participar\u00e1n en la primer elecci\u00f3n de Representantes Regionales del Consejo Provincial de Teatro de Entre R\u00edos:<\/p>\n\n\n\n<p>REGI\u00d3N I: Binomio Franco-Eyeralde<\/p>\n\n\n\n<p>Titular: Mar\u00eda Fernanda Franco. \/ Suplente: Nicol\u00e1s Mart\u00edn Eyeralde.&nbsp;<\/p>\n\n\n\n<p>REGI\u00d3N I: Binomio Resnisky-Sartori<\/p>\n\n\n\n<p>Titular: Carina Resnisky. \/ Suplente: N\u00e9stor Alfredo Sartori.&nbsp;<\/p>\n\n\n\n<p>REGI\u00d3N II: Binomio Gibert-Gonzalez<\/p>\n\n\n\n<p>Titular: Juan Francisco Gibert. \/ Suplente: Sol Andre\u00edna Gonzalez.&nbsp;<\/p>\n\n\n\n<p>REGI\u00d3N III: Binomio Grand\u00f3n-Re\u00f1\u00e9<\/p>\n\n\n\n<p>Titular: Nadia Larisa Grand\u00f3n. \/ Suplente: Mar\u00eda de los Milagros Re\u00f1\u00e9.&nbsp;<\/p>\n\n\n\n<p>REGI\u00d3N IV: Binomio Retamozo-Palacio<\/p>\n\n\n\n<p>Titular: Marcos Retamozo. \/ Suplente: Natalia del Rosario Palacio.&nbsp;<\/p>\n\n\n\n<p>REGI\u00d3N V: Binomio Bassini-D\u00edaz<\/p>\n\n\n\n<p>Titular: Mar\u00eda Valeria Bassini. \/ Suplente: Gast\u00f3n Edgardo D\u00edaz.&nbsp;<\/p>\n\n\n\n<p>REGI\u00d3N V: Binomio Castel-Viviani<\/p>\n\n\n\n<p>Titular: Mar\u00eda Irene Castel. \/ Suplente: Mauricio Viviani&nbsp;<\/p>\n\n\n\n<p>La Junta Electoral <strong>establece que el proceso eleccionario se llevar\u00e1 adelante desde el mi\u00e9rcoles 9 de noviembre a las 00 hs. al mi\u00e9rcoles 23 de noviembre a las 23:59 hs. <\/strong>De acuerdo a lo establecido en la Ley N\u00b0 10.931 y el decreto 1741\/22, se elegir\u00e1 un Representante Regional y un Suplente por cada una de las cinco regiones regiones teatrales: Regi\u00f3n I (Departamentos Uruguay, Tala, Victoria, Nogoy\u00e1), Regi\u00f3n II (Departamentos Villaguay, San Salvador, Col\u00f3n), Regi\u00f3n III (Departamentos Paran\u00e1, Diamante, La Paz), Regi\u00f3n IV (Departamentos Feliciano, Federaci\u00f3n, Federal, Concordia), y Regi\u00f3n V (Departamentos Gualeguaych\u00fa, Gualeguay, Islas del Ibicuy).&nbsp;<\/p>\n\n\n\n<p>De acuerdo a lo establecido en el Decreto n\u00b0 1741\/22, la votaci\u00f3n se har\u00e1 mediante correo electr\u00f3nico. Las personas que forman parte del Padr\u00f3n de Trabajadoras y Trabajadores del Teatro Entrerriano <strong>votar\u00e1n desde la direcci\u00f3n de correo con la que se empadronaron enviando un correo a la direcci\u00f3n: <\/strong><strong><a href=\"mailto:eleccionleytier@gmail.com\" target=\"_blank\" rel=\"noreferrer noopener\">eleccionleytier@gmail.com<\/a><\/strong><strong> <\/strong>En dicho correo deber\u00e1n indicar al binomio que votan para representar a la regi\u00f3n en la que est\u00e1n empadronadas, e indicar su nombre completo y DNI. En caso de recibirse dos o m\u00e1s correos electr\u00f3nicos de la misma persona, el voto se considerar\u00e1 v\u00e1lido de ser coincidentes en cuanto al candidato o la candidata.<\/p>\n\n\n\n<p>Ante cualquier duda, puede comunicarse al correo <a href=\"mailto:consejoprovincialdeteatroer@gmail.com\" target=\"_blank\" rel=\"noreferrer noopener\">consejoprovincialdeteatroer@gmail.com<\/a> . Para consultar el padr\u00f3n:<a href=\"https:\/\/drive.google.com\/file\/d\/1V4UUpGCZR0pjYZCUjOKpyfwhiyPLBM6s\/view\" target=\"_blank\" rel=\"noreferrer noopener\"> Padr\u00f3n de trabajadoras y trabajadores del Teatro Independiente de Entre R\u00edos.pdf<\/a>&nbsp;<\/p>\n\n\n\n<p>Se resalta la importancia de participar en el proceso eleccionario para la conformaci\u00f3n del primer Consejo Provincial de Teatro.<\/p>\n\n\n\n<p><strong>Sobre esta Junta Electoral<\/strong><\/p>\n\n\n\n<p>La Junta Electoral para esta primer elecci\u00f3n est\u00e1 conformada por Paula Nicole Cristado, DNI 38.150.880, y Oscar Alberto Lescano, DNI 21.839.224, propuestos por los trabajadores y trabajadoras de teatro (de acuerdo al acta N\u00b0 1 de Asamblea de Teatristas Autoconvocados, del 18 de octubre de 2022), y Yanina Lorena Porchetto, DNI 25.288.091, propuesta por la Secretar\u00eda de Cultura de Entre R\u00edos.<\/p>\n","protected":false},"excerpt":{"rendered":"<p>La Junta Electoral designada para la primera elecci\u00f3n de Representantes Regionales del Consejo Provincial de Teatro de Entre R\u00edos informa que son v\u00e1lidas las siguientes candidaturas y participar\u00e1n en la primer elecci\u00f3n de Representantes Regionales del Consejo Provincial de Teatro de Entre R\u00edos: REGI\u00d3N I: Binomio Franco-Eyeralde Titular: Mar\u00eda Fernanda Franco. \/ Suplente: Nicol\u00e1s Mart\u00edn [&hellip;]<\/p>\n","protected":false},"author":5,"featured_media":7252,"comment_status":"open","ping_status":"open","sticky":false,"template":"","format":"standard","meta":{"_et_pb_use_builder":"off","_et_pb_old_content":"","_et_gb_content_width":"","footnotes":""},"categories":[1,28,132],"tags":[],"class_list":["post-7251","post","type-post","status-publish","format-standard","has-post-thumbnail","hentry","category-destacado","category-noticias","category-consejo-provincial-de-teatro"],"_links":{"self":[{"href":"https:\/\/www.entrerios.gov.ar\/cultura\/wp-json\/wp\/v2\/posts\/7251","targetHints":{"allow":["GET"]}}],"collection":[{"href":"https:\/\/www.entrerios.gov.ar\/cultura\/wp-json\/wp\/v2\/posts"}],"about":[{"href":"https:\/\/www.entrerios.gov.ar\/cultura\/wp-json\/wp\/v2\/types\/post"}],"author":[{"embeddable":true,"href":"https:\/\/www.entrerios.gov.ar\/cultura\/wp-json\/wp\/v2\/users\/5"}],"replies":[{"embeddable":true,"href":"https:\/\/www.entrerios.gov.ar\/cultura\/wp-json\/wp\/v2\/comments?post=7251"}],"version-history":[{"count":1,"href":"https:\/\/www.entrerios.gov.ar\/cultura\/wp-json\/wp\/v2\/posts\/7251\/revisions"}],"predecessor-version":[{"id":7253,"href":"https:\/\/www.entrerios.gov.ar\/cultura\/wp-json\/wp\/v2\/posts\/7251\/revisions\/7253"}],"wp:featuredmedia":[{"embeddable":true,"href":"https:\/\/www.entrerios.gov.ar\/cultura\/wp-json\/wp\/v2\/media\/7252"}],"wp:attachment":[{"href":"https:\/\/www.entrerios.gov.ar\/cultura\/wp-json\/wp\/v2\/media?parent=7251"}],"wp:term":[{"taxonomy":"category","embeddable":true,"href":"https:\/\/www.entrerios.gov.ar\/cultura\/wp-json\/wp\/v2\/categories?post=7251"},{"taxonomy":"post_tag","embeddable":true,"href":"https:\/\/www.entrerios.gov.ar\/cultura\/wp-json\/wp\/v2\/tags?post=7251"}],"curies":[{"name":"wp","href":"https:\/\/api.w.org\/{rel}","templated":true}]}}