{"id":7258,"date":"2022-11-10T15:12:39","date_gmt":"2022-11-10T15:12:39","guid":{"rendered":"https:\/\/www.entrerios.gov.ar\/cultura\/?p=7258"},"modified":"2022-11-10T15:12:47","modified_gmt":"2022-11-10T15:12:47","slug":"este-domingo-territorio-de-bandas-llega-a-la-ciudad-de-villaguay","status":"publish","type":"post","link":"https:\/\/www.entrerios.gov.ar\/cultura\/este-domingo-territorio-de-bandas-llega-a-la-ciudad-de-villaguay\/","title":{"rendered":"<strong>Este domingo \u201cTerritorio de Bandas\u201d llega a la ciudad de Villaguay<\/strong>"},"content":{"rendered":"\n<p>Este domingo a las 19.30hs y con entrada libre y gratuita, el ciclo \u201cTerritorio de Bandas\u201d llega a la ciudad de Villaguay.&nbsp; Compartir\u00e1n escenario en la Plaza Ram\u00edrez las bandas \u201cUDIMAR\u201d, de la ciudad de Villaguay, junto a \u201cSoul and MATE\u201d de Paran\u00e1.<\/p>\n\n\n\n<p>El Ciclo \u201cTerritorio de Bandas\u201d vincula a m\u00fasicas y m\u00fasicos de diversos puntos de la provincia, a partir de la realizaci\u00f3n de recitales gratuitos en Paran\u00e1, y en espacios culturales del territorio provincial. La iniciativa es organizada por el centro cultural provincial dependiente de la Secretar\u00eda de Cultura de la Provincia.<\/p>\n\n\n\n<p>En este sentido, se presentan bandas entrerrianas independientes, para favorecer la construcci\u00f3n y el fortalecimiento de p\u00fablico en los lugares donde se realicen las actuaciones. El ciclo promueve el trabajo articulado con la comunidad art\u00edstica, a la vez que aporta al sostenimiento y fortalecimiento del sector cultural en general.<\/p>\n\n\n\n<p>La propuesta se enmarca dentro del proyecto \u201cLa Casa Viaja\u201d. La iniciativa cuenta con el apoyo de la Municipalidad de Villaguay.<\/p>\n\n\n\n<p><strong>Sobre las bandas:<\/strong><\/p>\n\n\n\n<p><strong>UDIMAR&nbsp;<\/strong>nace a principios de 2010, en la Comunidad\/Escuela Popular Charr\u00faa Etriek (Villaguay, Entre R\u00edos), comunidad originaria de la que sus primeros integrantes son parte; cuya identidad expresan en sus canciones, tanto en su contenido como en el uso de la lengua nativa (describen su m\u00fasica como \u201creggae charr\u00faa\u201d y su nombre significa \u2018liberaci\u00f3n\u2019 o \u2018libertad\u2019 en la lengua originaria).<\/p>\n\n\n\n<p>Habi\u00e9ndose concebido como un grupo comunitario, han pasado por sus filas innumerables integrantes; quedando finalmente conformada hace un tiempo por: Gast\u00f3n \u00c1lvarez, en guitarra y voz; Francisco Santomil, voz; Diego \u00c1lvarez, teclado, Francisco Oviedo, teclado, Omar Jacobo, bater\u00eda,&nbsp; Pablo Pereyra en bajo y Laura D\u00edaz, como representante art\u00edstica.<\/p>\n\n\n\n<p><strong>Soul and MATE&nbsp;<\/strong>banda oriunda de la ciudad de Paran\u00e1, explora lo musical dentro de la diversidad de g\u00e9nero y estilos. Tienen como punto de partida la ambig\u00fcedad de sonidos musicales en la que los m\u00fasicos que la integran se desenvuelven, desde bossa nova, boleros o canciones pop, hasta standars de jazz, neo soul y r&amp;b.Integran la banda: Juana Mascardi (Voz), Wanda Gaioli (Voz), Tom\u00e1s Gonz\u00e1les (Bajo), Lucas L\u00f3pez (Guitarra), Bater\u00eda\/percusi\u00f3n: variable basado en el formato del show.<\/p>\n","protected":false},"excerpt":{"rendered":"<p>Este domingo a las 19.30hs y con entrada libre y gratuita, el ciclo \u201cTerritorio de Bandas\u201d llega a la ciudad de Villaguay.&nbsp; Compartir\u00e1n escenario en la Plaza Ram\u00edrez las bandas \u201cUDIMAR\u201d, de la ciudad de Villaguay, junto a \u201cSoul and MATE\u201d de Paran\u00e1. El Ciclo \u201cTerritorio de Bandas\u201d vincula a m\u00fasicas y m\u00fasicos de diversos [&hellip;]<\/p>\n","protected":false},"author":5,"featured_media":7259,"comment_status":"open","ping_status":"open","sticky":false,"template":"","format":"standard","meta":{"_et_pb_use_builder":"off","_et_pb_old_content":"","_et_gb_content_width":"","footnotes":""},"categories":[1,28,19],"tags":[],"class_list":["post-7258","post","type-post","status-publish","format-standard","has-post-thumbnail","hentry","category-destacado","category-noticias","category-casa-de-la-cultura-de-er"],"_links":{"self":[{"href":"https:\/\/www.entrerios.gov.ar\/cultura\/wp-json\/wp\/v2\/posts\/7258","targetHints":{"allow":["GET"]}}],"collection":[{"href":"https:\/\/www.entrerios.gov.ar\/cultura\/wp-json\/wp\/v2\/posts"}],"about":[{"href":"https:\/\/www.entrerios.gov.ar\/cultura\/wp-json\/wp\/v2\/types\/post"}],"author":[{"embeddable":true,"href":"https:\/\/www.entrerios.gov.ar\/cultura\/wp-json\/wp\/v2\/users\/5"}],"replies":[{"embeddable":true,"href":"https:\/\/www.entrerios.gov.ar\/cultura\/wp-json\/wp\/v2\/comments?post=7258"}],"version-history":[{"count":1,"href":"https:\/\/www.entrerios.gov.ar\/cultura\/wp-json\/wp\/v2\/posts\/7258\/revisions"}],"predecessor-version":[{"id":7260,"href":"https:\/\/www.entrerios.gov.ar\/cultura\/wp-json\/wp\/v2\/posts\/7258\/revisions\/7260"}],"wp:featuredmedia":[{"embeddable":true,"href":"https:\/\/www.entrerios.gov.ar\/cultura\/wp-json\/wp\/v2\/media\/7259"}],"wp:attachment":[{"href":"https:\/\/www.entrerios.gov.ar\/cultura\/wp-json\/wp\/v2\/media?parent=7258"}],"wp:term":[{"taxonomy":"category","embeddable":true,"href":"https:\/\/www.entrerios.gov.ar\/cultura\/wp-json\/wp\/v2\/categories?post=7258"},{"taxonomy":"post_tag","embeddable":true,"href":"https:\/\/www.entrerios.gov.ar\/cultura\/wp-json\/wp\/v2\/tags?post=7258"}],"curies":[{"name":"wp","href":"https:\/\/api.w.org\/{rel}","templated":true}]}}