{"id":7269,"date":"2022-11-12T04:55:50","date_gmt":"2022-11-12T04:55:50","guid":{"rendered":"https:\/\/www.entrerios.gov.ar\/cultura\/?p=7269"},"modified":"2022-11-12T04:55:58","modified_gmt":"2022-11-12T04:55:58","slug":"mas-de-cincuenta-instituciones-dedicadas-al-patrimonio-cultural-celebraron-la-noche-de-los-museos-entrerrianos","status":"publish","type":"post","link":"https:\/\/www.entrerios.gov.ar\/cultura\/mas-de-cincuenta-instituciones-dedicadas-al-patrimonio-cultural-celebraron-la-noche-de-los-museos-entrerrianos\/","title":{"rendered":"<strong>M\u00e1s de cincuenta&nbsp; instituciones dedicadas al patrimonio cultural celebraron La Noche de los Museos Entrerrianos<\/strong>"},"content":{"rendered":"\n<p>Este viernes se vivi\u00f3 una nueva edici\u00f3n de La Noche de los Museos Entrerrianos con un notable acompa\u00f1amiento de p\u00fablico. Participaron 10 instituciones dependientes de la Secretar\u00eda de Cultura de la Provincia, 13 entidades invitadas en la capital entrerriana; y m\u00e1s de 30 organismos municipales dedicados al patrimonio cultural.<\/p>\n\n\n\n<p>Desde las 18, en la ciudad de Paran\u00e1, la comunidad tuvo la oportunidad de visitar los museos y sitios patrimoniales. Las y los asistentes pudieron recorrer y disfrutar del patio gastron\u00f3mico ubicado en la Plaza Alvear y en la Plaza Carb\u00f3. Para el cierre se present\u00f3 el espect\u00e1culo musical del Combo Mutante en Plaza Carb\u00f3.<\/p>\n\n\n\n<p>Las actividades en Paran\u00e1 estuvieron concentradas en cuatro puntos estrat\u00e9gicos: el Museo Provincial Hogar Escuela Eva Per\u00f3n (Av. Don Bosco 749); el Museo y Mercado Provincial de Artesan\u00edas (Urquiza 1239); la Plaza Carb\u00f3 y la Plaza Alvear. De esta manera se di\u00f3 posibilidad a m\u00e1s personas de acceder a las propuestas culturales de la jornada, apostando a la accesibilidad e intereses de los distintos p\u00fablicos.&nbsp;<\/p>\n\n\n\n<p>Acompa\u00f1ada por la vicegobernadora Laura Stratta, la secretaria de Cultura de la Provincia, Francisca D\u00b4Agostino recorri\u00f3 las instituciones de su cartera conversando con las y los asistentes y artistas invitados. &#8220;Nos llena de orgullo concretar una edici\u00f3n m\u00e1s de esta actividad. Sabemos que es un d\u00eda importante para la Secretar\u00eda de Cultura pero tambi\u00e9n para todos los entrerrianos y entrerrianas que cada a\u00f1o esperan esta jornada para conocer un museo o acceder a un espect\u00e1culo con su familia, y de manera completamente gratuita. Estamos agradecidos a cada una de las instituciones que se sumaron a la invitaci\u00f3n. Me pone muy fel\u00edz adem\u00e1s que en much\u00edsimas ciudades entrerrianas se est\u00e1 replicando esta iniciativa que no para de crecer y consolidarse\u201d.&nbsp;<\/p>\n\n\n\n<p>Y agreg\u00f3: \u201capostamos a esta iniciativa porque creemos en los museos de puertas abiertas a toda la comunidad. Entendemos que para cuidar el patrimonio cultural y poder valorarlo tenemos que conocerlo y apropiarnos de \u00e9l\u201d.<\/p>\n\n\n\n<p>Durante la tarde, la directora del Museo Hogar Escuela Eva Per\u00f3n, Dra. Sara Liponezky tambi\u00e9n di\u00f3 su impresi\u00f3n sobre la jornada&nbsp; \u201ceste museo tan joven est\u00e1 viviendo su cuarta edici\u00f3n de La Noche de los Museos Entrerrianos, y es muy emotivo en esta jornada una gran cantidad de p\u00fablico, conformado principalmente de familias, que trajeron sus reposeras. Hay para destacar la apertura de nuestro Archivo Hist\u00f3rico en las visitas guiadas, es un importante paso de extensi\u00f3n a la comunidad. Y estamos gratamente sorprendidos por la cantidad de ni\u00f1as y ni\u00f1os que interact\u00faan en el recorrido de nuestras salas&#8221;.<\/p>\n\n\n\n<figure class=\"wp-block-image size-large\"><img loading=\"lazy\" decoding=\"async\" width=\"1024\" height=\"683\" src=\"https:\/\/www.entrerios.gov.ar\/cultura\/wp-content\/uploads\/2022\/11\/NDM22-3-1-1024x683.jpeg\" alt=\"\" class=\"wp-image-7272\" srcset=\"https:\/\/www.entrerios.gov.ar\/cultura\/wp-content\/uploads\/2022\/11\/NDM22-3-1-980x653.jpeg 980w, https:\/\/www.entrerios.gov.ar\/cultura\/wp-content\/uploads\/2022\/11\/NDM22-3-1-480x320.jpeg 480w\" sizes=\"auto, (min-width: 0px) and (max-width: 480px) 480px, (min-width: 481px) and (max-width: 980px) 980px, (min-width: 981px) 1024px, 100vw\" \/><\/figure>\n\n\n\n<p><strong>Organismos de la Secretar\u00eda de Cultura de Entre R\u00edos<\/strong><\/p>\n\n\n\n<p>En la Noche de los Museos Entrerrianos, la Secretar\u00eda de Cultura abri\u00f3 las puertas de las instituciones de su cartera en Paran\u00e1 y en la Costa del Uruguay.<\/p>\n\n\n\n<p>En el Museo Provincial Hogar Escuela Eva Per\u00f3n todas las actividades estuvieron relacionadas con Los derechos pol\u00edticos de la mujer: Voto femenino en las elecciones del 11 de noviembre de 1951. Se desarrollaron feria de emprendedores, juegos ambientales para las infancias, visitas guiadas por las salas y el Archivo Hist\u00f3rico. Los payasos Montoto y Magoya tambi\u00e9n realizaron intervenciones.&nbsp;<\/p>\n\n\n\n<p>El Museo Provincial de Bellas Artes present\u00f3 \u201cArte textil en el Bellas\u201d como atractivo central. Se presentaron dos actividades: Muestra \/ instalaci\u00f3n &#8220;Impermanencia&#8221; de Pamela Villarraza, y un Marat\u00f3n de bordado colectivo y participativo.<\/p>\n\n\n\n<p>En el Museo Hist\u00f3rico se realizaron distintas actividades. En el hall central se ubicaron dos propuestas: el laboratorio l\u00fadico creativo \u201cLa Ciudad Revelada\u201d (conjuntamente con U.N.E.R), y la actividad de \u201cCincelado en vivo\u201d con la participaci\u00f3n del Taller L\u00e1grima de Luna de la localidad de Oro Verde. Tambi\u00e9n estuvo presente la m\u00fasica en vivo y otros atractivos.&nbsp;<\/p>\n\n\n\n<p>\u201cNo estaba muerto, estaba de parranda\u201d fue la iniciativa del Museo Provincial de Ciencias Naturales y Antropol\u00f3gicas. La actividad se centr\u00f3 en la celebraci\u00f3n de la festividad precolombina del D\u00eda de Muertos, con ritos y ceremonias de la cultura andina&nbsp; y mexicana. Durante la tarde hubo desfile de calaveras, instalaci\u00f3n art\u00edstica y de altares, taller de pintura de calaveritas y catrinas, y tambi\u00e9n se habilit\u00f3 un sector de selfies y maquillajes para las infancias.<\/p>\n\n\n\n<p>Diversi\u00f3n y conciencia ambiental fue el lema del Museo Casa de Gobierno, quien present\u00f3 al grupo La Cacerola para realizar juegos tradicionales para compartir en familia Participaron tambi\u00e9n los Ecoclubes con una concientizaci\u00f3n sobre el cuidado del medio ambiente.<\/p>\n\n\n\n<p>El Museo y Mercado Provincial de Artesan\u00edas fue uno de los cuatro puntos estrat\u00e9gicos de la jornada. Durante la tarde actu\u00f3 la Orquesta Infanto-Juvenil Cunum\u00ed. En las salas interiores se exhibi\u00f3 el sal\u00f3n del Concurso Premio Provincial. Hubo talleres interactivos de oficios artesanales, propuesta gastron\u00f3mica y la participaci\u00f3n de invitados. La gran jornada cerr\u00f3 con el d\u00fao \u201cCumpa M\u00fasica\u201d..<\/p>\n\n\n\n<p>El Archivo Provincial se concentr\u00f3 en documentos hist\u00f3ricos sobre la historia de los mundiales de f\u00fatbol (1930-2022). Hubo exposici\u00f3n de diarios, revistas de la colecci\u00f3n,&nbsp; \u00e1lbumes de figuritas, camisetas y objetos en general. Tambi\u00e9n se realizaron picados, penales y jugaditas en el patio del Archivo y en la plaza Carb\u00f3.<\/p>\n\n\n\n<p>Por su parte, la Biblioteca Provincial de Entre R\u00edos propuso invitar a los gurises a pintar con acuarelas y t\u00e9mperas, a partir de la experiencia de conocer la biblioteca y estar en contacto con los libros. Hubo susurradores de autores entrerrianos. Pasadas las 20hs se present\u00f3 la obra \u201cEl Caballo y la Paz\u201d. \u201cNoches buenas\u201d, fue el espect\u00e1culo que cerr\u00f3 la jornada con serenatas del Tr\u00edo Boler\u00edstico Genial, a pura m\u00fasica y humor.<\/p>\n\n\n\n<p>En la costa del Uruguay el Museo Provincial Molino Forclaz (Col\u00f3n) ofreci\u00f3 visitas guiadas y n\u00fameros art\u00edsticos de m\u00fasicos locales en una articulaci\u00f3n con el Municipio de San Jos\u00e9.<\/p>\n\n\n\n<p>Por su parte el Museo Provincial de Dibujo y Grabado (Concepci\u00f3n del Uruguay) propuso a los visitantes la Muestra de Sergio Langer \u201cHumor y Pensamiento Cr\u00edtico&#8221; y una charla sobre Humor gr\u00e1fico. M\u00e1s tarde se present\u00f3 la obra de teatro \u201cBorges y Per\u00f3n&#8221;, de Enrique Estr\u00e1zulas dirigida por N\u00e9stor Amarilla.<\/p>\n\n\n\n<p>El rasgo distintivo de todas las propuestas fue la masiva presencia de familias con gurises y gurisas, grupos de j\u00f3venes y adultos motivados por distintos intereses, e incluso nuevos p\u00fablicos que se acercaban por primera vez.&nbsp;<\/p>\n\n\n\n<p><strong>Muestra de artistas en residencia<\/strong><\/p>\n\n\n\n<p>En el marco de la Noche de los Museos Entrerrianos tambi\u00e9n se abri\u00f3 al p\u00fablico la muestra de la primera residencia art\u00edstica entrerriana de artes visuales \u201cLa Tribu y el Territorio\u201d en la La Vieja Usina. Se exhibieron obras que se produjeron a partir de la experiencia de Residencias organizadas en San Jos\u00e9, Paran\u00e1 y Victoria, organizadas por la Secretar\u00eda de Cultura de Entre R\u00edos y La tribu y el territorio. Los protagonistas fueron 22 artistas de diferentes ciudades de Entre R\u00edos.<\/p>\n\n\n\n<figure class=\"wp-block-image size-large\"><img loading=\"lazy\" decoding=\"async\" width=\"1024\" height=\"683\" src=\"https:\/\/www.entrerios.gov.ar\/cultura\/wp-content\/uploads\/2022\/11\/IMG_0576-1024x683.jpg\" alt=\"\" class=\"wp-image-7273\" srcset=\"https:\/\/www.entrerios.gov.ar\/cultura\/wp-content\/uploads\/2022\/11\/IMG_0576-980x653.jpg 980w, https:\/\/www.entrerios.gov.ar\/cultura\/wp-content\/uploads\/2022\/11\/IMG_0576-480x320.jpg 480w\" sizes=\"auto, (min-width: 0px) and (max-width: 480px) 480px, (min-width: 481px) and (max-width: 980px) 980px, (min-width: 981px) 1024px, 100vw\" \/><\/figure>\n\n\n\n<p><strong>Organismos invitados<\/strong>&nbsp;<\/p>\n\n\n\n<p>Tambi\u00e9n estuvieron incluidos en el circuito propuesto el Museo de la Ciudad de Paran\u00e1 \u201cC\u00e9sar Blas P\u00e9rez Colman\u201d que ofreci\u00f3 recorridos en el Cementerio Museo de la Sant\u00edsima Trinidad, en el Palacio Municipal, y diversas actividades en la sede del Museo.<\/p>\n\n\n\n<p>La C\u00e1mara de Diputados de Entre R\u00edos llev\u00f3 adelante dos funciones de \u201cCasi\u2026 un Sue\u00f1o de una Noche de Verano&#8221;, fragmento de una obra de William Shakespeare, con el grupo de teatro de las y los trabajadores de la C\u00e1mara. La direcci\u00f3n de la obra estuvo a cargo de Claudia Zaragoza.<\/p>\n\n\n\n<p>La Capilla Norte de San Miguel ofreci\u00f3 a los p\u00fablicos talleres gr\u00e1ficos para las infancias a cargo del artista Jaimo, una representaci\u00f3n teatral de sombras y visitas guiadas.&nbsp;<\/p>\n\n\n\n<p>\u201cLa historia en vivo en LT 14\u201d fue la propuesta de la Radio Nacional con una transmisi\u00f3n en vivo desde la Plaza Alvear. Por all\u00ed pasaron artistas, funcionarios y visitantes. Tambi\u00e9n hubo mon\u00f3logos de personajes hist\u00f3ricos en articulaci\u00f3n con el Museo Hist\u00f3rico Provincial: Gral Belgrano, Tadea Jord\u00e1n, Gral Francisco Ram\u00edrez, La Delfina, Gral Urquiza, Gral L\u00f3pez Jord\u00e1n y Gregoria P\u00e9rez, entre otros.<\/p>\n\n\n\n<p>La Escuela de Artes Visuales \u201cProf. Roberto L\u00f3pez Carnelli\u201d(FHAyCS- UADER) realiz\u00f3 dos muestras&nbsp; Muestra Flexible: videoarte, video performance, video poes\u00eda y animaci\u00f3n; y la Muestra de la estudiante Nancy Waingad.<\/p>\n\n\n\n<p>Adhiri\u00f3 tambi\u00e9n la propuesta Noche de las Galer\u00edas. En esta actividad siete galer\u00edas de artes visuales de Paran\u00e1 abrieron sus puertas a visitantes. Fueron parte: Casa Boulevard; GAP 18; Galer\u00eda ERarte; Archicofrad\u00eda Galer\u00eda de Arte; Casa Banano; galer\u00eda A la vuelta de la esquina donde; y el Centro Cultural Almac\u00e9n de los 33.<\/p>\n\n\n\n<p><strong>Municipios en red<\/strong><\/p>\n\n\n\n<p>Fruto de la articulaci\u00f3n interinstitucional forjada con el trabajo del Consejo Provincial de Cultura, los museos de distintas ciudades de Entre R\u00edos acompa\u00f1aron la iniciativa; transformando a la actividad en una propuesta federal cargada de diversidad e identidad. Fueron parte: Museo El Porvenir (Villa Elisa); Museo Hist\u00f3rico Municipal (R.del Tala); la Casa Museo Martiniano Leguizam\u00f3n (R.del Tala); el Sal\u00f3n Azul (Club Atl\u00e9tico R.del Tala); la Biblioteca Popular \u201cJuli\u00e1n Monz\u00f3n\u201d (R.del Tala); el Museo GAB2 Caledonio Samam\u00e9 (R.del Tala); \u201cLa galer\u00eda habla\u201d (Pueblo Liebig); el Museo Hist\u00f3rico (Villaguay); el Museo Tierra de Minuanes (Villaguay); el Museo Municipal Regional (Diamante); el Museo de Strobel; el Museo Domingo Liotta (Diamante); La Paleta del Pintor (Diamante); la Escuela Carlos Vergara (Diamante); Biblioteca Popular de Diamante; la Casa de la Cultura (Segu\u00ed); Museo del Vino (Establecimiento Los Franco Suizos, San Jos\u00e9); Tiro Federal Argentino (San Jos\u00e9); el Cementerio Municipal (San Jos\u00e9); el Museo de Cs. Naturales (San Jos\u00e9); el Museo Hist\u00f3rico Regional (San Jos\u00e9); la Licorer\u00eda Bard (San Jos\u00e9); el Museo de la Horticultura (San Jos\u00e9); el Museo Hist\u00f3rico Regional (Villa Clara); Museo Hist\u00f3rico \u201cAlcides Coulleri\u201d (Ubajay); Museo de la Colonia y la Avicultura (San Justo); Museo Hist\u00f3rico Evocativo del Colegio del Uruguay \u201cJusto Jos\u00e9 de Urquiza\u201d(Concepci\u00f3n del Uruguay); Museo de Historia Natural \u201cPablo. G. Lorentz\u201d (Concepci\u00f3n del Uruguay); \u201cCasa de Delio Panizza\u201d (Concepci\u00f3n del Uruguay); Museo Municipal \u201cAndr\u00e9s Garc\u00eda\u201d (Concepci\u00f3n del Uruguay); Museo de Bellas Artes de la Biblioteca Popular \u201cEl Porvenir\u201d (Concepci\u00f3n del Uruguay); Museo de Ciencias Naturales de la Facultad de Ciencia y Tecnolog\u00eda (UADER -Concepci\u00f3n del Uruguay); Museo Ferroviario (Concepci\u00f3n del Uruguay); y Sala Evocativa de Malvinas \u201cDaniel Sirtori\u201d (Concepci\u00f3n del Uruguay).&nbsp;&nbsp;<\/p>\n","protected":false},"excerpt":{"rendered":"<p>Este viernes se vivi\u00f3 una nueva edici\u00f3n de La Noche de los Museos Entrerrianos con un notable acompa\u00f1amiento de p\u00fablico. Participaron 10 instituciones dependientes de la Secretar\u00eda de Cultura de la Provincia, 13 entidades invitadas en la capital entrerriana; y m\u00e1s de 30 organismos municipales dedicados al patrimonio cultural. Desde las 18, en la ciudad [&hellip;]<\/p>\n","protected":false},"author":5,"featured_media":7270,"comment_status":"open","ping_status":"open","sticky":false,"template":"","format":"standard","meta":{"_et_pb_use_builder":"off","_et_pb_old_content":"","_et_gb_content_width":"","footnotes":""},"categories":[1,28],"tags":[],"class_list":["post-7269","post","type-post","status-publish","format-standard","has-post-thumbnail","hentry","category-destacado","category-noticias"],"_links":{"self":[{"href":"https:\/\/www.entrerios.gov.ar\/cultura\/wp-json\/wp\/v2\/posts\/7269","targetHints":{"allow":["GET"]}}],"collection":[{"href":"https:\/\/www.entrerios.gov.ar\/cultura\/wp-json\/wp\/v2\/posts"}],"about":[{"href":"https:\/\/www.entrerios.gov.ar\/cultura\/wp-json\/wp\/v2\/types\/post"}],"author":[{"embeddable":true,"href":"https:\/\/www.entrerios.gov.ar\/cultura\/wp-json\/wp\/v2\/users\/5"}],"replies":[{"embeddable":true,"href":"https:\/\/www.entrerios.gov.ar\/cultura\/wp-json\/wp\/v2\/comments?post=7269"}],"version-history":[{"count":2,"href":"https:\/\/www.entrerios.gov.ar\/cultura\/wp-json\/wp\/v2\/posts\/7269\/revisions"}],"predecessor-version":[{"id":7276,"href":"https:\/\/www.entrerios.gov.ar\/cultura\/wp-json\/wp\/v2\/posts\/7269\/revisions\/7276"}],"wp:featuredmedia":[{"embeddable":true,"href":"https:\/\/www.entrerios.gov.ar\/cultura\/wp-json\/wp\/v2\/media\/7270"}],"wp:attachment":[{"href":"https:\/\/www.entrerios.gov.ar\/cultura\/wp-json\/wp\/v2\/media?parent=7269"}],"wp:term":[{"taxonomy":"category","embeddable":true,"href":"https:\/\/www.entrerios.gov.ar\/cultura\/wp-json\/wp\/v2\/categories?post=7269"},{"taxonomy":"post_tag","embeddable":true,"href":"https:\/\/www.entrerios.gov.ar\/cultura\/wp-json\/wp\/v2\/tags?post=7269"}],"curies":[{"name":"wp","href":"https:\/\/api.w.org\/{rel}","templated":true}]}}