{"id":7277,"date":"2022-11-15T11:43:17","date_gmt":"2022-11-15T11:43:17","guid":{"rendered":"https:\/\/www.entrerios.gov.ar\/cultura\/?p=7277"},"modified":"2022-11-15T11:43:22","modified_gmt":"2022-11-15T11:43:22","slug":"se-dan-a-conocer-los-ganadores-del-segundo-concurso-premio-provincial-a-la-pieza-unica-artesanal-2022","status":"publish","type":"post","link":"https:\/\/www.entrerios.gov.ar\/cultura\/se-dan-a-conocer-los-ganadores-del-segundo-concurso-premio-provincial-a-la-pieza-unica-artesanal-2022\/","title":{"rendered":"Se dan a conocer los ganadores del segundo Concurso \u201cPremio Provincial a la Pieza \u00danica Artesanal \u2013 2022\u201d"},"content":{"rendered":"\n<p>El prestigioso Jurado integrado por la maestra artesana textil de la ciudad de Villaguay, Maria Magdalena Trejo; la maestra artesana ceramista de la ciudad de Col\u00f3n,&nbsp; Anal\u00eda Calder\u00f3n, y la Licenciada Paola Palleiro, del \u00c1rea de Patrimonio Cultural y Ambiental de la Secretar\u00eda de Cultura de Entre R\u00edos, reunidas de manera presencial&nbsp; el s\u00e1bado 12 en la sede del Museo y Mercado Provincial de Artesan\u00edas \u201cCarlos Asia\u00edn\u201d, tuvieron la responsabilidad de determinar los ganadores de esta nueva edici\u00f3n del Premio Provincial, que el Gobierno de Entre R\u00edos implement\u00f3 en el 2021, y que cont\u00f3 en esta oportunidad con la participaci\u00f3n de 37 artesanos y artesanas de diferentes localidades de la provincia.<\/p>\n\n\n\n<p>Sobre un total de 48 piezas seleccionadas el Jurado determin\u00f3 por unanimidad, luego de un minucioso y profundo debate, \u201c..tomando en cuenta las condiciones de funcionalidad de la piezas, el oficio evidenciado en el cuidadoso acabado y terminaci\u00f3n, la solvencia t\u00e9cnica y la creatividad identitaria de los autores\u201d.., otorgar el:<\/p>\n\n\n\n<p>Primer Premio Adquisici\u00f3n del Gobierno de Entre R\u00edos a la Pieza \u201cSill\u00f3n Cl\u00e1sico\u201d del Maestro Artesano H\u00e9ctor Godoy,&nbsp; de la Ciudad de Nogoy\u00e1, obra realizada en mimbre donde se destaca la fortaleza de la pieza en sus calados y cordones que conforman su estructura, su funcionalidad, calidad y dise\u00f1o.<\/p>\n\n\n\n<p>El Segundo Premio Adquisici\u00f3n del Gobierno de Entre R\u00edos fue para la pieza denominada \u201cCuchillo Artesanal\u201d, realizada en metal y cuero crudo del artesano de Gualeguay, Gustavo Mu\u00f1oz, por su calidad t\u00e9cnica, prolijidad y terminaci\u00f3n.<\/p>\n\n\n\n<figure class=\"wp-block-image aligncenter size-full is-resized\"><img loading=\"lazy\" decoding=\"async\" src=\"https:\/\/www.entrerios.gov.ar\/cultura\/wp-content\/uploads\/2022\/11\/2do.-Premio.jpeg\" alt=\"\" class=\"wp-image-7279\" width=\"343\" height=\"414\"\/><\/figure>\n\n\n\n<p>Mientras que el Tercer Premio fue para la pieza \u201cManta en Telar\u201d de la artesana de Col\u00f3n, Sonia Lacoste, por su conocimiento en t\u00e9cnica del oficio, la calidad de la materia prima, la funcionalidad e identidad entrerriana de la pieza presentada.<\/p>\n\n\n\n<figure class=\"wp-block-image aligncenter size-large is-resized\"><img loading=\"lazy\" decoding=\"async\" src=\"https:\/\/www.entrerios.gov.ar\/cultura\/wp-content\/uploads\/2022\/11\/3er.-premio-576x1024.jpeg\" alt=\"\" class=\"wp-image-7280\" width=\"288\" height=\"512\"\/><\/figure>\n\n\n\n<p>Vale recordar que estas tres obras pasar\u00e1n a integrar el patrimonio artesanal del Museo y Mercado Provincial de Artesan\u00edas de la provincia.<\/p>\n\n\n\n<p>Asimismo,&nbsp; el Jurado determin\u00f3 reconocer con la&nbsp; \u201cMenci\u00f3n Especial del Jurado\u201d al artesano Francisco S\u00e1nchez de Urdinarra\u00edn, por sus piezas \u201cJuego de Trenzas Patrias\u201d y \u201cRebenque\u201d; a la artesana Adriana Lara Beltzer de Paran\u00e1 por su obra \u201cTapari ug but\u00fa terr\u00fa\u201d, a la artesana Olga Wilvers de Villaguay por su pieza \u201cA\u00f1oranzas de la abuela\u201d, al artesano Valent\u00edn Colazo de C. del Uruguay por su pieza \u201cHebilla\u201d, al artesano Arnoldo Blanche de Santa Elena por su pieza \u201cCinto Ancho\u201d y a la artesana Mar\u00eda Rosa Gauna de Chajar\u00ed por su pieza \u201cRa\u00edces\u201d.<\/p>\n\n\n\n<p>Adem\u00e1s, la Asociaci\u00f3n de Amigos del Museo y Mercado Provincial de Artesan\u00edas \u201cCarlos Asia\u00edn\u201d determin\u00f3 otorgar el \u201cPremio Incentivo al Artesano Joven\u201d (no adquisici\u00f3n), al joven artesano de Concordia, Uriel Franco, por el conjunto de piezas realizadas en cer\u00e1mica, titulada \u201cTatuza\u201d, por su valor material e inmaterial, la sustentabilidad y la revalorizaci\u00f3n de la fauna de nuestro territorio.<\/p>\n\n\n\n<p>La Pieza artesanal m\u00e1s votada por el p\u00fablico en el marco de la presente edici\u00f3n de la Noche de los Museos Entrerrianos fue \u201cGuitarra Sound Heavy\u201d del artesano de Oro Verde Andres Gregorutti&nbsp; haci\u00e9ndose acreedor de la \u201cMenci\u00f3n Especial Voto del P\u00fablico\u201d .<\/p>\n\n\n\n<p>Cabe destacar que este a\u00f1o,&nbsp; a los Premios Adquisici\u00f3n fijados por la Secretar\u00eda de Cultura de $58.000, $43.000 y $29.000 para el 1er,&nbsp; 2do. y 3er Premio respectivamente, la C\u00e1mara de Diputados de Entre R\u00edos, la que&nbsp; declarando de \u201cInter\u00e9s Legislativo\u201d la presente edici\u00f3n del \u201cPremio Provincial a la Pieza \u00danica Artesanal \u2013 2022\u201d, suma un aporte de $62.000 para el 1er. Premio, de $47.000 para el 2do. y de $41.000 para el 3ero. como \u201cIncentivo a la producci\u00f3n y a la calidad artesanal entrerriana\u201d.<\/p>\n\n\n\n<p>La muestra de las Piezas participantes ya se puede visitar en la sede del&nbsp; Museo y Mercado Prov. de Artesan\u00edas \u201cCarlos Asia\u00edn\u201d , Urquiza 1239, en los horarios habituales de atenci\u00f3n, y la Ceremonia de Premiaci\u00f3n se realizar\u00e1 el pr\u00f3ximo d\u00eda martes 22 de Noviembre, en el mismo lugar, con acceso libre y gratuita.<\/p>\n","protected":false},"excerpt":{"rendered":"<p>El prestigioso Jurado integrado por la maestra artesana textil de la ciudad de Villaguay, Maria Magdalena Trejo; la maestra artesana ceramista de la ciudad de Col\u00f3n,&nbsp; Anal\u00eda Calder\u00f3n, y la Licenciada Paola Palleiro, del \u00c1rea de Patrimonio Cultural y Ambiental de la Secretar\u00eda de Cultura de Entre R\u00edos, reunidas de manera presencial&nbsp; el s\u00e1bado 12 [&hellip;]<\/p>\n","protected":false},"author":5,"featured_media":7278,"comment_status":"open","ping_status":"open","sticky":false,"template":"","format":"standard","meta":{"_et_pb_use_builder":"off","_et_pb_old_content":"","_et_gb_content_width":"","footnotes":""},"categories":[1,28,58,16],"tags":[],"class_list":["post-7277","post","type-post","status-publish","format-standard","has-post-thumbnail","hentry","category-destacado","category-noticias","category-concursos-cerrados","category-museo-y-mercado-de-artesanias"],"_links":{"self":[{"href":"https:\/\/www.entrerios.gov.ar\/cultura\/wp-json\/wp\/v2\/posts\/7277","targetHints":{"allow":["GET"]}}],"collection":[{"href":"https:\/\/www.entrerios.gov.ar\/cultura\/wp-json\/wp\/v2\/posts"}],"about":[{"href":"https:\/\/www.entrerios.gov.ar\/cultura\/wp-json\/wp\/v2\/types\/post"}],"author":[{"embeddable":true,"href":"https:\/\/www.entrerios.gov.ar\/cultura\/wp-json\/wp\/v2\/users\/5"}],"replies":[{"embeddable":true,"href":"https:\/\/www.entrerios.gov.ar\/cultura\/wp-json\/wp\/v2\/comments?post=7277"}],"version-history":[{"count":1,"href":"https:\/\/www.entrerios.gov.ar\/cultura\/wp-json\/wp\/v2\/posts\/7277\/revisions"}],"predecessor-version":[{"id":7281,"href":"https:\/\/www.entrerios.gov.ar\/cultura\/wp-json\/wp\/v2\/posts\/7277\/revisions\/7281"}],"wp:featuredmedia":[{"embeddable":true,"href":"https:\/\/www.entrerios.gov.ar\/cultura\/wp-json\/wp\/v2\/media\/7278"}],"wp:attachment":[{"href":"https:\/\/www.entrerios.gov.ar\/cultura\/wp-json\/wp\/v2\/media?parent=7277"}],"wp:term":[{"taxonomy":"category","embeddable":true,"href":"https:\/\/www.entrerios.gov.ar\/cultura\/wp-json\/wp\/v2\/categories?post=7277"},{"taxonomy":"post_tag","embeddable":true,"href":"https:\/\/www.entrerios.gov.ar\/cultura\/wp-json\/wp\/v2\/tags?post=7277"}],"curies":[{"name":"wp","href":"https:\/\/api.w.org\/{rel}","templated":true}]}}