{"id":7305,"date":"2022-11-20T11:00:00","date_gmt":"2022-11-20T11:00:00","guid":{"rendered":"https:\/\/www.entrerios.gov.ar\/cultura\/?p=7305"},"modified":"2022-11-17T14:58:42","modified_gmt":"2022-11-17T14:58:42","slug":"el-ciclo-territorio-de-bandas-en-concordia-y-san-jose","status":"publish","type":"post","link":"https:\/\/www.entrerios.gov.ar\/cultura\/el-ciclo-territorio-de-bandas-en-concordia-y-san-jose\/","title":{"rendered":"<strong>El ciclo \u201cTerritorio de Bandas\u201d en Concordia y San Jos\u00e9<\/strong>"},"content":{"rendered":"\n<p>\u201cTerritorio de Bandas\u201d vincula a m\u00fasicas y m\u00fasicos de diversos puntos de la provincia, a partir de la realizaci\u00f3n de recitales gratuitos en Paran\u00e1 y en espacios culturales del territorio provincial. La iniciativa es organizada por el centro cultural provincial Casa de la Cultura de Entre R\u00edos, dependiente de la Secretar\u00eda de Cultura de la Provincia.&nbsp;<\/p>\n\n\n\n<p>El ciclo \u201cTerritorio de Bandas, un ida y vuelta musical y federal\u201d llega a Concordia el viernes 25 de noviembre. Se presentar\u00e1n las bandas \u201cFantasy\u201d (Paran\u00e1) y \u201cLa Yan\u201d (Concordia). La cita es a las 22hs en Pueblo Viejo (Alem 230), con entrada libre y gratuita.<\/p>\n\n\n\n<p>El mismo d\u00eda tambi\u00e9n har\u00e1 escala en la ciudad de San Jos\u00e9. En esta oportunidad se presentar\u00e1n las bandas \u201cLa Centella\u201d (Paran\u00e1) y \u201cTMK\u201d (San Jos\u00e9). La cita est\u00e1 programada para las 20hs en El Recreo Municipal, con entrada libre y gratuita.<\/p>\n\n\n\n<p>La actividad es impulsada por la Casa de la Cultura de Entre R\u00edos a trav\u00e9s de la Secretar\u00eda de Cultura provincial. Asimismo, cuenta con el apoyo de la Municipalidad de San Jos\u00e9 para llevar adelante el espect\u00e1culo.<\/p>\n\n\n\n<figure class=\"wp-block-image size-large\"><img loading=\"lazy\" decoding=\"async\" width=\"1024\" height=\"683\" src=\"https:\/\/www.entrerios.gov.ar\/cultura\/wp-content\/uploads\/2022\/11\/La-Yan-TDB-Concordia-1024x683.jpeg\" alt=\"\" class=\"wp-image-7307\" srcset=\"https:\/\/www.entrerios.gov.ar\/cultura\/wp-content\/uploads\/2022\/11\/La-Yan-TDB-Concordia-980x653.jpeg 980w, https:\/\/www.entrerios.gov.ar\/cultura\/wp-content\/uploads\/2022\/11\/La-Yan-TDB-Concordia-480x320.jpeg 480w\" sizes=\"auto, (min-width: 0px) and (max-width: 480px) 480px, (min-width: 481px) and (max-width: 980px) 980px, (min-width: 981px) 1024px, 100vw\" \/><\/figure>\n","protected":false},"excerpt":{"rendered":"<p>\u201cTerritorio de Bandas\u201d vincula a m\u00fasicas y m\u00fasicos de diversos puntos de la provincia, a partir de la realizaci\u00f3n de recitales gratuitos en Paran\u00e1 y en espacios culturales del territorio provincial. La iniciativa es organizada por el centro cultural provincial Casa de la Cultura de Entre R\u00edos, dependiente de la Secretar\u00eda de Cultura de la [&hellip;]<\/p>\n","protected":false},"author":5,"featured_media":7306,"comment_status":"open","ping_status":"open","sticky":false,"template":"","format":"standard","meta":{"_et_pb_use_builder":"off","_et_pb_old_content":"","_et_gb_content_width":"","footnotes":""},"categories":[28,19],"tags":[],"class_list":["post-7305","post","type-post","status-publish","format-standard","has-post-thumbnail","hentry","category-noticias","category-casa-de-la-cultura-de-er"],"_links":{"self":[{"href":"https:\/\/www.entrerios.gov.ar\/cultura\/wp-json\/wp\/v2\/posts\/7305","targetHints":{"allow":["GET"]}}],"collection":[{"href":"https:\/\/www.entrerios.gov.ar\/cultura\/wp-json\/wp\/v2\/posts"}],"about":[{"href":"https:\/\/www.entrerios.gov.ar\/cultura\/wp-json\/wp\/v2\/types\/post"}],"author":[{"embeddable":true,"href":"https:\/\/www.entrerios.gov.ar\/cultura\/wp-json\/wp\/v2\/users\/5"}],"replies":[{"embeddable":true,"href":"https:\/\/www.entrerios.gov.ar\/cultura\/wp-json\/wp\/v2\/comments?post=7305"}],"version-history":[{"count":1,"href":"https:\/\/www.entrerios.gov.ar\/cultura\/wp-json\/wp\/v2\/posts\/7305\/revisions"}],"predecessor-version":[{"id":7308,"href":"https:\/\/www.entrerios.gov.ar\/cultura\/wp-json\/wp\/v2\/posts\/7305\/revisions\/7308"}],"wp:featuredmedia":[{"embeddable":true,"href":"https:\/\/www.entrerios.gov.ar\/cultura\/wp-json\/wp\/v2\/media\/7306"}],"wp:attachment":[{"href":"https:\/\/www.entrerios.gov.ar\/cultura\/wp-json\/wp\/v2\/media?parent=7305"}],"wp:term":[{"taxonomy":"category","embeddable":true,"href":"https:\/\/www.entrerios.gov.ar\/cultura\/wp-json\/wp\/v2\/categories?post=7305"},{"taxonomy":"post_tag","embeddable":true,"href":"https:\/\/www.entrerios.gov.ar\/cultura\/wp-json\/wp\/v2\/tags?post=7305"}],"curies":[{"name":"wp","href":"https:\/\/api.w.org\/{rel}","templated":true}]}}