{"id":7432,"date":"2022-11-28T15:31:39","date_gmt":"2022-11-28T15:31:39","guid":{"rendered":"https:\/\/www.entrerios.gov.ar\/cultura\/?p=7432"},"modified":"2023-06-15T15:39:37","modified_gmt":"2023-06-15T15:39:37","slug":"fueron-elegidos-los-representantes-regionales-del-consejo-provincial-de-teatro-de-entre-rios","status":"publish","type":"post","link":"https:\/\/www.entrerios.gov.ar\/cultura\/fueron-elegidos-los-representantes-regionales-del-consejo-provincial-de-teatro-de-entre-rios\/","title":{"rendered":"Fueron elegidos los Representantes Regionales del Consejo Provincial de Teatro de Entre R\u00edos"},"content":{"rendered":"\n<p>La Junta Electoral designada para la primera elecci\u00f3n de Representantes Regionales del Consejo Provincial de Teatro de Entre R\u00edos informa, de acuerdo al recuento de votos, los binomios elegidos para representar a cada Regi\u00f3n en dicho consejo.<\/p>\n\n\n\n<p>En la Regi\u00f3n I (Departamentos Uruguay, Tala, Victoria, Nogoy\u00e1), se emitieron 40 votos, sobre un total de 64 personas empadronadas, lo cual implica un 62,5% de votantes sobre el padr\u00f3n de dicha regi\u00f3n. Se presentaron dos binomios: el integrado por Mar\u00eda Fernanda Franco (titular) y Nicol\u00e1s Mart\u00edn Eyeralde (suplente), que obtuvo 17 votos (42,5%); y el integrado por Carina Resnisky (titular) y N\u00e9stor Alfredo Sartori (suplente), que obtuvo 23 votos (57,5%). De acuerdo a estos resultados, es elegido el binomio Resnisky-Sartori para representar a la Regi\u00f3n I.<\/p>\n\n\n\n<p>En las Regiones II, III y IV, se present\u00f3 un solo binomio en cada una. En la Regi\u00f3n II (Departamentos Villaguay, San Salvador, Col\u00f3n), sobre un total de 54 personas empadronadas, se emitieron 38 votos (70,37% del padr\u00f3n de la regi\u00f3n), eligiendo al binomio integrado por Juan Francisco Gibert (titular) y Sol Andre\u00edna Gonzalez (suplente). En la Regi\u00f3n III (Departamentos Paran\u00e1, Diamante, La Paz), sobre un total de 159 personas empadronadas, se emitieron 73 votos (45,91% del padr\u00f3n de la regi\u00f3n), eligiendo al binomio integrado por Nadia Larisa Grand\u00f3n (titular) y Mar\u00eda de los Milagros Re\u00f1\u00e9. En la regi\u00f3n IV (Departamentos Feliciano, Federaci\u00f3n, Federal, Concordia), sobre un total de 60 personas empadronadas, se emitieron 29 votos (48,33% del padr\u00f3n de la regi\u00f3n), eligiendo al binomio integrado por Marcos Retamozo (titular) y Natalia del Rosario Palacio (suplente).<\/p>\n\n\n\n<p>Finalmente en la Regi\u00f3n V (Departamentos Gualeguaych\u00fa, Gualeguay, Islas del Ibicuy), se emitieron 64 votos, sobre un total de 93 personas empadronadas, lo cual implica un 68,82% de votantes sobre el padr\u00f3n de dicha regi\u00f3n. Se presentaron dos binomios: el integrado por Mar\u00eda Valeria Bassini y Gast\u00f3n Edgardo D\u00edaz, que obtuvo 53 votos (82,81%), y el integrado por Mar\u00eda Irene Castel y Mauricio Viviani, que obtuvo 11 votos (17,19%). De acuerdo a estos resultados es elegido el binomio Bassini-D\u00edaz para representar a la Regi\u00f3n V.<\/p>\n\n\n\n<p><strong>Sobre estas primeras elecciones<\/strong><\/p>\n\n\n\n<p>Las mismas se llevaron adelante desde el mi\u00e9rcoles 9 de noviembre a las 00 hs. hasta el mi\u00e9rcoles 23 de noviembre a las 23:59 hs. Pudieron votar las personas que forman parte del Padr\u00f3n de Trabajadoras y Trabajadores del Teatro Entrerriano, eligiendo un Representante Regional y un Suplente por cada una de las cinco regiones regiones teatrales: Regi\u00f3n I (Departamentos Uruguay, Tala, Victoria, Nogoy\u00e1), Regi\u00f3n II (Departamentos Villaguay, San Salvador, Col\u00f3n), Regi\u00f3n III (Departamentos Paran\u00e1, Diamante, La Paz), Regi\u00f3n IV (Departamentos Feliciano, Federaci\u00f3n, Federal, Concordia), y Regi\u00f3n V (Departamentos Gualeguaych\u00fa, Gualeguay, Islas del Ibicuy).<\/p>\n\n\n\n<p>La votaci\u00f3n se realiz\u00f3 desde la direcci\u00f3n de correo con la que cada persona se empadron\u00f3, enviando un correo indicando el binomio que vota para representar a su regi\u00f3n, a la direcci\u00f3n <a href=\"mailto:eleccionleytier@gmail.com\" target=\"_blank\" rel=\"noreferrer noopener\">eleccionleytier@gmail.com<\/a><\/p>\n\n\n\n<p>De un padr\u00f3n con un total de 430 empadronados, emitieron su voto 244 trabajadores y trabajadoras del teatro entrerriano, es decir un 56,74%, un porcentaje importante teniendo en cuenta la media para elecciones no obligatorias en otros \u00e1mbitos.<\/p>\n\n\n\n<p><strong>Sobre esta Junta Electoral<\/strong><\/p>\n\n\n\n<p>La Junta Electoral para esta primera elecci\u00f3n ha sido conformada por Paula Nicole Cristado, y Oscar Alberto Lescano, propuestos por los trabajadores y trabajadoras de teatro, y Yanina Lorena Porchetto, propuesta por la Secretar\u00eda de Cultura de Entre R\u00edos.<\/p>\n\n\n\n<p><strong>Ley n\u00b0 10.931 Teatro Independiente de Entre R\u00edos (TIER)<\/strong><\/p>\n\n\n\n<p><strong>Secretar\u00eda de Cultura<\/strong><\/p>\n","protected":false},"excerpt":{"rendered":"<p>La Junta Electoral designada para la primera elecci\u00f3n de Representantes Regionales del Consejo Provincial de Teatro de Entre R\u00edos informa, de acuerdo al recuento de votos, los binomios elegidos para representar a cada Regi\u00f3n en dicho consejo. En la Regi\u00f3n I (Departamentos Uruguay, Tala, Victoria, Nogoy\u00e1), se emitieron 40 votos, sobre un total de 64 [&hellip;]<\/p>\n","protected":false},"author":5,"featured_media":7433,"comment_status":"open","ping_status":"open","sticky":false,"template":"","format":"standard","meta":{"_et_pb_use_builder":"off","_et_pb_old_content":"","_et_gb_content_width":"","footnotes":""},"categories":[1,28,132],"tags":[],"class_list":["post-7432","post","type-post","status-publish","format-standard","has-post-thumbnail","hentry","category-destacado","category-noticias","category-consejo-provincial-de-teatro"],"_links":{"self":[{"href":"https:\/\/www.entrerios.gov.ar\/cultura\/wp-json\/wp\/v2\/posts\/7432","targetHints":{"allow":["GET"]}}],"collection":[{"href":"https:\/\/www.entrerios.gov.ar\/cultura\/wp-json\/wp\/v2\/posts"}],"about":[{"href":"https:\/\/www.entrerios.gov.ar\/cultura\/wp-json\/wp\/v2\/types\/post"}],"author":[{"embeddable":true,"href":"https:\/\/www.entrerios.gov.ar\/cultura\/wp-json\/wp\/v2\/users\/5"}],"replies":[{"embeddable":true,"href":"https:\/\/www.entrerios.gov.ar\/cultura\/wp-json\/wp\/v2\/comments?post=7432"}],"version-history":[{"count":2,"href":"https:\/\/www.entrerios.gov.ar\/cultura\/wp-json\/wp\/v2\/posts\/7432\/revisions"}],"predecessor-version":[{"id":7441,"href":"https:\/\/www.entrerios.gov.ar\/cultura\/wp-json\/wp\/v2\/posts\/7432\/revisions\/7441"}],"wp:featuredmedia":[{"embeddable":true,"href":"https:\/\/www.entrerios.gov.ar\/cultura\/wp-json\/wp\/v2\/media\/7433"}],"wp:attachment":[{"href":"https:\/\/www.entrerios.gov.ar\/cultura\/wp-json\/wp\/v2\/media?parent=7432"}],"wp:term":[{"taxonomy":"category","embeddable":true,"href":"https:\/\/www.entrerios.gov.ar\/cultura\/wp-json\/wp\/v2\/categories?post=7432"},{"taxonomy":"post_tag","embeddable":true,"href":"https:\/\/www.entrerios.gov.ar\/cultura\/wp-json\/wp\/v2\/tags?post=7432"}],"curies":[{"name":"wp","href":"https:\/\/api.w.org\/{rel}","templated":true}]}}