{"id":7499,"date":"2022-12-14T12:00:00","date_gmt":"2022-12-14T12:00:00","guid":{"rendered":"https:\/\/www.entrerios.gov.ar\/cultura\/?p=7499"},"modified":"2022-12-13T13:48:31","modified_gmt":"2022-12-13T13:48:31","slug":"museo-serrano-se-presentara-el-libro-entre-aves-del-autor-mauro-german-peltzer","status":"publish","type":"post","link":"https:\/\/www.entrerios.gov.ar\/cultura\/museo-serrano-se-presentara-el-libro-entre-aves-del-autor-mauro-german-peltzer\/","title":{"rendered":"Museo Serrano: Se presentar\u00e1 el libro Entre Aves del autor Mauro Germ\u00e1n Peltzer"},"content":{"rendered":"\n<p>La publicaci\u00f3n, declarada de Inter\u00e9s Provincial&nbsp; por la Honorable C\u00e1mara de Diputados de Entre R\u00edos, re\u00fane&nbsp; informaci\u00f3n e im\u00e1genes in\u00e9ditas de 224 especies de aves registradas en distintos ambientes de la provincia. La cita es este viernes 16 de diciembre a las 19:30, en la sede del Museo, en calle Carlos Gardel 62 de Paran\u00e1.<\/p>\n\n\n\n<p>Mauro Germ\u00e1n Peltzer, es aficionado a la observaci\u00f3n, fotograf\u00eda y estudio de las aves de la provincia de Entre R\u00edos. Durante m\u00e1s de 20 a\u00f1os, ha realizado un intenso trabajo de campo, recorriendo los distintos ambientes de la provincia, principalmente sobre la costa del Paran\u00e1, observando y fotografiando las distintas especies de aves que habitan en la regi\u00f3n.&nbsp; Su libro \u201cEntre Aves\u201d, recientemente publicado, presenta una compilaci\u00f3n de informaci\u00f3n acerca de las aves que habitan en nuestra provincia, sus caracter\u00edsticas y costumbres m\u00e1s importantes.Comportamiento, h\u00e1bitat, alimentaci\u00f3n, nidificaci\u00f3n, distribuci\u00f3n geogr\u00e1fica, se describen rigurosamente, a la vez que cuenta con m\u00e1s de 400 fotos in\u00e9ditas realizadas por el mismo autor.<\/p>\n\n\n\n<p>Para la presentaci\u00f3n que se realizar\u00e1 este viernes, tambi\u00e9n estar\u00e1 presente el divulgador y poeta Ramiro Churruar\u00edn, quien acompa\u00f1ar\u00e1 con la lectura de poemas.&nbsp;<\/p>\n\n\n\n<p><br>Es de destacar que la obra se ha declarado de Inter\u00e9s Provincial (RES No 382\/22) a partir de un proyecto presentado por la diputada provincial Paola Rubattino, quien ha reconocido a la obra de fundamental importancia para los ciudadanos entrerrianos, ya que fomenta&nbsp; la educaci\u00f3n ambiental y es un particular recurso para estudiantes de las ciencias ambientales, adem\u00e1s de contribuir a la conservaci\u00f3n de las diferentes especies que mantienen la biodiversidad de nuestro ecosistema.&#8211;<\/p>\n","protected":false},"excerpt":{"rendered":"<p>La publicaci\u00f3n, declarada de Inter\u00e9s Provincial&nbsp; por la Honorable C\u00e1mara de Diputados de Entre R\u00edos, re\u00fane&nbsp; informaci\u00f3n e im\u00e1genes in\u00e9ditas de 224 especies de aves registradas en distintos ambientes de la provincia. La cita es este viernes 16 de diciembre a las 19:30, en la sede del Museo, en calle Carlos Gardel 62 de Paran\u00e1. [&hellip;]<\/p>\n","protected":false},"author":5,"featured_media":7500,"comment_status":"open","ping_status":"open","sticky":false,"template":"","format":"standard","meta":{"_et_pb_use_builder":"off","_et_pb_old_content":"","_et_gb_content_width":"","footnotes":""},"categories":[1,28,8],"tags":[],"class_list":["post-7499","post","type-post","status-publish","format-standard","has-post-thumbnail","hentry","category-destacado","category-noticias","category-museo-ciencias-naturales"],"_links":{"self":[{"href":"https:\/\/www.entrerios.gov.ar\/cultura\/wp-json\/wp\/v2\/posts\/7499","targetHints":{"allow":["GET"]}}],"collection":[{"href":"https:\/\/www.entrerios.gov.ar\/cultura\/wp-json\/wp\/v2\/posts"}],"about":[{"href":"https:\/\/www.entrerios.gov.ar\/cultura\/wp-json\/wp\/v2\/types\/post"}],"author":[{"embeddable":true,"href":"https:\/\/www.entrerios.gov.ar\/cultura\/wp-json\/wp\/v2\/users\/5"}],"replies":[{"embeddable":true,"href":"https:\/\/www.entrerios.gov.ar\/cultura\/wp-json\/wp\/v2\/comments?post=7499"}],"version-history":[{"count":1,"href":"https:\/\/www.entrerios.gov.ar\/cultura\/wp-json\/wp\/v2\/posts\/7499\/revisions"}],"predecessor-version":[{"id":7501,"href":"https:\/\/www.entrerios.gov.ar\/cultura\/wp-json\/wp\/v2\/posts\/7499\/revisions\/7501"}],"wp:featuredmedia":[{"embeddable":true,"href":"https:\/\/www.entrerios.gov.ar\/cultura\/wp-json\/wp\/v2\/media\/7500"}],"wp:attachment":[{"href":"https:\/\/www.entrerios.gov.ar\/cultura\/wp-json\/wp\/v2\/media?parent=7499"}],"wp:term":[{"taxonomy":"category","embeddable":true,"href":"https:\/\/www.entrerios.gov.ar\/cultura\/wp-json\/wp\/v2\/categories?post=7499"},{"taxonomy":"post_tag","embeddable":true,"href":"https:\/\/www.entrerios.gov.ar\/cultura\/wp-json\/wp\/v2\/tags?post=7499"}],"curies":[{"name":"wp","href":"https:\/\/api.w.org\/{rel}","templated":true}]}}