{"id":7527,"date":"2022-12-17T10:56:00","date_gmt":"2022-12-17T10:56:00","guid":{"rendered":"https:\/\/www.entrerios.gov.ar\/cultura\/?p=7527"},"modified":"2022-12-20T22:58:08","modified_gmt":"2022-12-20T22:58:08","slug":"el-cefer-expone-trabajos-del-taller-mi-barrio-en-fotos-en-la-ciudad-de-concordia","status":"publish","type":"post","link":"https:\/\/www.entrerios.gov.ar\/cultura\/el-cefer-expone-trabajos-del-taller-mi-barrio-en-fotos-en-la-ciudad-de-concordia\/","title":{"rendered":"El CEFER expone trabajos del taller \u201cMi barrio en fotos\u201d, en la ciudad de Concordia"},"content":{"rendered":"\n<p>El Centro Experimental de Fotograf\u00eda de Entre R\u00edos (CEFER) invita a la muestra de cierre del taller de narrativas fotogr\u00e1ficas, \u201cMi barrio en fotos\u201d. Dicha exposici\u00f3n se desarrollar\u00e1 el pr\u00f3ximo 22 de diciembre a las 21 en el Museo Provincial de la Imagen de la ciudad de Concordia, dependiente de la Secretar\u00eda de Cultura de Entre R\u00edos.<\/p>\n\n\n\n<p>Mi Barrio en Fotos Diana Palma 1.jpg<\/p>\n\n\n\n<p>Este espacio de experimentaci\u00f3n visual que facilit\u00f3 el fot\u00f3grafo y docente Sebasti\u00e1n Pittavino, se propuso conjugar la b\u00fasqueda creativa en la narrativa de una historia que cuenta las particularidades de cada barrio o comunidad. Siempre considerando aquellas herramientas exploratorias que proporciona el medio. con motivo del cierre del trabajo del a\u00f1o, se realizar\u00e1 la muestra.<\/p>\n\n\n\n<p>El Centro Experimental de Fotograf\u00eda de Entre R\u00edos (CEFER) es un espacio dependiente de la Secretar\u00eda de Cultura Provincial, y tiene su sede en el 2\u00b0 piso de la Casa de la Cultura de Entre R\u00edos, en la capital entrerriana.<\/p>\n\n\n\n<p><em>Foto: Diana Palma<\/em><\/p>\n","protected":false},"excerpt":{"rendered":"<p>El Centro Experimental de Fotograf\u00eda de Entre R\u00edos (CEFER) invita a la muestra de cierre del taller de narrativas fotogr\u00e1ficas, \u201cMi barrio en fotos\u201d. Dicha exposici\u00f3n se desarrollar\u00e1 el pr\u00f3ximo 22 de diciembre a las 21 en el Museo Provincial de la Imagen de la ciudad de Concordia, dependiente de la Secretar\u00eda de Cultura de [&hellip;]<\/p>\n","protected":false},"author":5,"featured_media":7528,"comment_status":"open","ping_status":"open","sticky":false,"template":"","format":"standard","meta":{"_et_pb_use_builder":"off","_et_pb_old_content":"","_et_gb_content_width":"","footnotes":""},"categories":[28,19],"tags":[],"class_list":["post-7527","post","type-post","status-publish","format-standard","has-post-thumbnail","hentry","category-noticias","category-casa-de-la-cultura-de-er"],"_links":{"self":[{"href":"https:\/\/www.entrerios.gov.ar\/cultura\/wp-json\/wp\/v2\/posts\/7527","targetHints":{"allow":["GET"]}}],"collection":[{"href":"https:\/\/www.entrerios.gov.ar\/cultura\/wp-json\/wp\/v2\/posts"}],"about":[{"href":"https:\/\/www.entrerios.gov.ar\/cultura\/wp-json\/wp\/v2\/types\/post"}],"author":[{"embeddable":true,"href":"https:\/\/www.entrerios.gov.ar\/cultura\/wp-json\/wp\/v2\/users\/5"}],"replies":[{"embeddable":true,"href":"https:\/\/www.entrerios.gov.ar\/cultura\/wp-json\/wp\/v2\/comments?post=7527"}],"version-history":[{"count":1,"href":"https:\/\/www.entrerios.gov.ar\/cultura\/wp-json\/wp\/v2\/posts\/7527\/revisions"}],"predecessor-version":[{"id":7529,"href":"https:\/\/www.entrerios.gov.ar\/cultura\/wp-json\/wp\/v2\/posts\/7527\/revisions\/7529"}],"wp:featuredmedia":[{"embeddable":true,"href":"https:\/\/www.entrerios.gov.ar\/cultura\/wp-json\/wp\/v2\/media\/7528"}],"wp:attachment":[{"href":"https:\/\/www.entrerios.gov.ar\/cultura\/wp-json\/wp\/v2\/media?parent=7527"}],"wp:term":[{"taxonomy":"category","embeddable":true,"href":"https:\/\/www.entrerios.gov.ar\/cultura\/wp-json\/wp\/v2\/categories?post=7527"},{"taxonomy":"post_tag","embeddable":true,"href":"https:\/\/www.entrerios.gov.ar\/cultura\/wp-json\/wp\/v2\/tags?post=7527"}],"curies":[{"name":"wp","href":"https:\/\/api.w.org\/{rel}","templated":true}]}}