{"id":7592,"date":"2022-12-29T16:51:49","date_gmt":"2022-12-29T16:51:49","guid":{"rendered":"https:\/\/www.entrerios.gov.ar\/cultura\/?p=7592"},"modified":"2022-12-29T16:51:57","modified_gmt":"2022-12-29T16:51:57","slug":"recuperacion-y-puesta-en-valor-de-las-colecciones-arqueologicas-del-museo-serrano","status":"publish","type":"post","link":"https:\/\/www.entrerios.gov.ar\/cultura\/recuperacion-y-puesta-en-valor-de-las-colecciones-arqueologicas-del-museo-serrano\/","title":{"rendered":"Recuperaci\u00f3n y puesta en valor de las colecciones arqueol\u00f3gicas del Museo Serrano"},"content":{"rendered":"\n<p>El Museo de Ciencias Naturales y Antropol\u00f3gicas Prof. Antonio Serrano, organismo dependiente de la Secretar\u00eda de Cultura de Entre R\u00edos, lleva adelante un importante trabajo sobre sus colecciones arqueol\u00f3gicas que poseen un gran valor para la investigaci\u00f3n cient\u00edfica.<\/p>\n\n\n\n<p>Se trata de un proyecto financiado por el Consejo Nacional de Investigaciones Cient\u00edficas y T\u00e9cnicas (CONICET), del Ministerio de Ciencia, Tecnolog\u00eda e Innovaci\u00f3n, cuyos objetivos generales son la recuperaci\u00f3n y puesta en valor de las colecciones arqueol\u00f3gicas del Museo, a trav\u00e9s de la disposici\u00f3n de una adecuada calidad del almacenamiento de las piezas y de un inventario f\u00edsico y digital.<\/p>\n\n\n\n<p>El Museo Antonio Serrano, instituci\u00f3n centenaria de la provincia, posee la mayor cantidad de materiales arqueol\u00f3gicos recuperados de los valles de los r\u00edos Paran\u00e1 y Uruguay medio e inferior, los cuales comenzaron a ser recolectados en el a\u00f1o 1917 por Antonio Serrano. Estas colecciones se han ido incrementando notablemente por el aporte de objetos provenientes de investigaciones arqueol\u00f3gicas efectuadas en la provincia de Entre R\u00edos, como as\u00ed tambi\u00e9n por canje y donaci\u00f3n.<\/p>\n\n\n\n<p>\u201cSe trata de una gran cantidad de piezas completas e inventariables que asciende a varias decenas de miles contando los fragmentos de cer\u00e1mica. Dentro de estas colecciones se encuentran instrumentos \u00f3seos, artefactos l\u00edticos, piezas ornamentales y esqueletos humanos, todos ellos pertenecientes a las sociedades prehisp\u00e1nicas que habitaron la provincia de Entre R\u00edos.\u201d expres\u00f3 el Dr Daniel Loponte, Director del proyecto. Por ello, es necesario trabajar en un sistema integral de almacenamiento y de una moderna gesti\u00f3n de las colecciones. \u201cEsto implica realizar un adecuado empaque de los materiales arqueol\u00f3gicos y disponer de un inventario f\u00edsico y digital, a la vez que se eval\u00faa el estado de conservaci\u00f3n de las mismas\u201d agreg\u00f3.<\/p>\n\n\n\n<p>\u201cDada la magnitud de su acervo, el Museo tiene una notable trascendencia como repositorio de piezas y colecciones arqueol\u00f3gicas de Argentina, de gran valor para la investigaci\u00f3n cient\u00edfica del patrimonio arqueol\u00f3gico del nordeste de nuestro pa\u00eds, principalmente, por lo que son consultadas de manera permanente por los diferentes investigadores que trabajan en esta regi\u00f3n\u201d destac\u00f3 la directora del Museo, Gisela Bahler. \u201cA su vez, las colecciones del museo tambi\u00e9n cumplen una funci\u00f3n pedag\u00f3gica y social, ya que las salas de exposici\u00f3n, visitadas por numerosos alumnos de instituciones educativas y p\u00fablico en general, se nutren de dichas colecciones. Tambi\u00e9n se desarrollan talleres que requieren un uso cotidiano de las colecciones arqueol\u00f3gicas como marcos de referencia.\u201d agreg\u00f3.<\/p>\n\n\n\n<p>Cabe destacar, que el proceso de inventario y curadur\u00eda de las colecciones comenz\u00f3 en junio de 2022 y se extender\u00e1 hasta junio de 2023.<\/p>\n\n\n\n<p>Prensa Museo de Ciencias Naturales y Antropol\u00f3gicas Prof. Antonio Serrano<\/p>\n\n\n\n<p>&#8212;<\/p>\n","protected":false},"excerpt":{"rendered":"<p>El Museo de Ciencias Naturales y Antropol\u00f3gicas Prof. Antonio Serrano, organismo dependiente de la Secretar\u00eda de Cultura de Entre R\u00edos, lleva adelante un importante trabajo sobre sus colecciones arqueol\u00f3gicas que poseen un gran valor para la investigaci\u00f3n cient\u00edfica. Se trata de un proyecto financiado por el Consejo Nacional de Investigaciones Cient\u00edficas y T\u00e9cnicas (CONICET), del [&hellip;]<\/p>\n","protected":false},"author":5,"featured_media":7593,"comment_status":"open","ping_status":"open","sticky":false,"template":"","format":"standard","meta":{"_et_pb_use_builder":"off","_et_pb_old_content":"","_et_gb_content_width":"","footnotes":""},"categories":[1,28,8],"tags":[],"class_list":["post-7592","post","type-post","status-publish","format-standard","has-post-thumbnail","hentry","category-destacado","category-noticias","category-museo-ciencias-naturales"],"_links":{"self":[{"href":"https:\/\/www.entrerios.gov.ar\/cultura\/wp-json\/wp\/v2\/posts\/7592","targetHints":{"allow":["GET"]}}],"collection":[{"href":"https:\/\/www.entrerios.gov.ar\/cultura\/wp-json\/wp\/v2\/posts"}],"about":[{"href":"https:\/\/www.entrerios.gov.ar\/cultura\/wp-json\/wp\/v2\/types\/post"}],"author":[{"embeddable":true,"href":"https:\/\/www.entrerios.gov.ar\/cultura\/wp-json\/wp\/v2\/users\/5"}],"replies":[{"embeddable":true,"href":"https:\/\/www.entrerios.gov.ar\/cultura\/wp-json\/wp\/v2\/comments?post=7592"}],"version-history":[{"count":1,"href":"https:\/\/www.entrerios.gov.ar\/cultura\/wp-json\/wp\/v2\/posts\/7592\/revisions"}],"predecessor-version":[{"id":7594,"href":"https:\/\/www.entrerios.gov.ar\/cultura\/wp-json\/wp\/v2\/posts\/7592\/revisions\/7594"}],"wp:featuredmedia":[{"embeddable":true,"href":"https:\/\/www.entrerios.gov.ar\/cultura\/wp-json\/wp\/v2\/media\/7593"}],"wp:attachment":[{"href":"https:\/\/www.entrerios.gov.ar\/cultura\/wp-json\/wp\/v2\/media?parent=7592"}],"wp:term":[{"taxonomy":"category","embeddable":true,"href":"https:\/\/www.entrerios.gov.ar\/cultura\/wp-json\/wp\/v2\/categories?post=7592"},{"taxonomy":"post_tag","embeddable":true,"href":"https:\/\/www.entrerios.gov.ar\/cultura\/wp-json\/wp\/v2\/tags?post=7592"}],"curies":[{"name":"wp","href":"https:\/\/api.w.org\/{rel}","templated":true}]}}