{"id":7626,"date":"2023-01-16T08:44:31","date_gmt":"2023-01-16T08:44:31","guid":{"rendered":"https:\/\/www.entrerios.gov.ar\/cultura\/?p=7626"},"modified":"2023-01-16T08:44:38","modified_gmt":"2023-01-16T08:44:38","slug":"actividades-de-verano-en-el-museo-antonio-serrano","status":"publish","type":"post","link":"https:\/\/www.entrerios.gov.ar\/cultura\/actividades-de-verano-en-el-museo-antonio-serrano\/","title":{"rendered":"Actividades de Verano en el Museo Antonio Serrano"},"content":{"rendered":"\n<p>El Museo de Ciencias Naturales y Antropol\u00f3gicas \u201cprof. Antonio Serrano\u201d, dependiente de la Secretar\u00eda de Cultura de la provincia, invita a disfrutar de las vacaciones con distintas propuestas. El acceso es libre y gratuito.<\/p>\n\n\n\n<p>Durante los meses de verano, el Museo ubicado en calle Carlos Gardel 62 de Paran\u00e1, atiende al p\u00fablico de martes a viernes de 9 a 12 y de 17 a 20hs. S\u00e1bados y feriados de 10 a 13hs.<\/p>\n\n\n\n<p>En este horario se invita a conocer su amplia propuesta expositiva permanente, como son sus salas de Historia, Geolog\u00eda, Bot\u00e1nica, Antropolog\u00eda, Paleontolog\u00eda, Vertebrados, invertebrados, y el acuario del r\u00edo. Adem\u00e1s, se invita especialmente a disfrutar de la muestra interactiva &#8220;Entre R\u00edos, tierra de agua&#8221;, dise\u00f1ada en el marco del Programa<br>Provincial Cultura del Agua. Se trata de una propuesta que conjuga el juego y la tecnolog\u00eda, para conocer de manera l\u00fadica sobre la importancia de nuestros recursos naturales y cuales son las acciones humanas que inciden de manera positiva y negativa en nuestro ambiente.<\/p>\n\n\n\n<p>En el mes de febrero, el s\u00e1bado 11 de 10 a 13hs, se realizar\u00e1 la actividad Exploradores en el Museo. Se trata de una actividad que estimula la observaci\u00f3n y la curiosidad a trav\u00e9s de una serie de cartas coleccionables que gu\u00edan la exploraci\u00f3n por las distintas salas del Museo. Destinado a todo p\u00fablico, recomendado para jugar en familia. Se puede concurrir en cualquier momento dentro de ese horario, sin reserva de turno. Duraci\u00f3n aprox. 45min.<\/p>\n\n\n\n<p><strong><em>Contacto:<\/em><\/strong><br>Museo de Ciencias Naturales y Antropol\u00f3gicas &#8220;Prof. Antonio Serrano&#8221;<br>Carlos Gardel 62 &#8211; Paran\u00e1 &#8211; Entre R\u00edos<br>Tel.: 0343-4208894<br>email: museoserrano@gmail.com<br>www.museoserrano.blogspot.com<br>Facebook: MuseoProvincialAntonioSerrano<br>Instagram: @museoserranoer<\/p>\n","protected":false},"excerpt":{"rendered":"<p>El Museo de Ciencias Naturales y Antropol\u00f3gicas \u201cprof. Antonio Serrano\u201d, dependiente de la Secretar\u00eda de Cultura de la provincia, invita a disfrutar de las vacaciones con distintas propuestas. El acceso es libre y gratuito. Durante los meses de verano, el Museo ubicado en calle Carlos Gardel 62 de Paran\u00e1, atiende al p\u00fablico de martes a [&hellip;]<\/p>\n","protected":false},"author":5,"featured_media":7627,"comment_status":"open","ping_status":"open","sticky":false,"template":"","format":"standard","meta":{"_et_pb_use_builder":"off","_et_pb_old_content":"","_et_gb_content_width":"","footnotes":""},"categories":[1,28,8],"tags":[],"class_list":["post-7626","post","type-post","status-publish","format-standard","has-post-thumbnail","hentry","category-destacado","category-noticias","category-museo-ciencias-naturales"],"_links":{"self":[{"href":"https:\/\/www.entrerios.gov.ar\/cultura\/wp-json\/wp\/v2\/posts\/7626","targetHints":{"allow":["GET"]}}],"collection":[{"href":"https:\/\/www.entrerios.gov.ar\/cultura\/wp-json\/wp\/v2\/posts"}],"about":[{"href":"https:\/\/www.entrerios.gov.ar\/cultura\/wp-json\/wp\/v2\/types\/post"}],"author":[{"embeddable":true,"href":"https:\/\/www.entrerios.gov.ar\/cultura\/wp-json\/wp\/v2\/users\/5"}],"replies":[{"embeddable":true,"href":"https:\/\/www.entrerios.gov.ar\/cultura\/wp-json\/wp\/v2\/comments?post=7626"}],"version-history":[{"count":1,"href":"https:\/\/www.entrerios.gov.ar\/cultura\/wp-json\/wp\/v2\/posts\/7626\/revisions"}],"predecessor-version":[{"id":7628,"href":"https:\/\/www.entrerios.gov.ar\/cultura\/wp-json\/wp\/v2\/posts\/7626\/revisions\/7628"}],"wp:featuredmedia":[{"embeddable":true,"href":"https:\/\/www.entrerios.gov.ar\/cultura\/wp-json\/wp\/v2\/media\/7627"}],"wp:attachment":[{"href":"https:\/\/www.entrerios.gov.ar\/cultura\/wp-json\/wp\/v2\/media?parent=7626"}],"wp:term":[{"taxonomy":"category","embeddable":true,"href":"https:\/\/www.entrerios.gov.ar\/cultura\/wp-json\/wp\/v2\/categories?post=7626"},{"taxonomy":"post_tag","embeddable":true,"href":"https:\/\/www.entrerios.gov.ar\/cultura\/wp-json\/wp\/v2\/tags?post=7626"}],"curies":[{"name":"wp","href":"https:\/\/api.w.org\/{rel}","templated":true}]}}