{"id":7667,"date":"2023-01-29T13:44:07","date_gmt":"2023-01-29T13:44:07","guid":{"rendered":"https:\/\/www.entrerios.gov.ar\/cultura\/?p=7667"},"modified":"2023-01-27T13:50:59","modified_gmt":"2023-01-27T13:50:59","slug":"vuelve-la-practica-abierta-de-tango-a-la-vieja-usina","status":"publish","type":"post","link":"https:\/\/www.entrerios.gov.ar\/cultura\/vuelve-la-practica-abierta-de-tango-a-la-vieja-usina\/","title":{"rendered":"Vuelve la Pr\u00e1ctica Abierta de Tango a La Vieja Usina"},"content":{"rendered":"\n<p>A partir del mi\u00e9rcoles 1 de febrero, se llevar\u00e1 adelante la Pr\u00e1ctica Abierta de Tango en La Vieja Usina. La cita es todos los mi\u00e9rcoles de 21 a 23 hs., con entrada gratuita.<\/p>\n\n\n\n<p>A principios de 2022, se retom\u00f3 la Pr\u00e1ctica abierta y gratuita de tango, una propuesta ya tradicional en la agenda de La Vieja Usina que hab\u00eda sido discontinuada por la pandemia.<\/p>\n\n\n\n<p>Todos los mi\u00e9rcoles de 21 a 23 hs., se dan cita amantes del tango para bailar, con las originales tandas que distintos djs invitados proponen cada noche. Esta actividad es gestionada en conjunto por el centro cultural y un grupo independiente de bailarines de tango.<\/p>\n\n\n\n<p><strong>La cita obligada de las y los amantes del tango<\/strong><\/p>\n\n\n\n<p>\u201cLa Pr\u00e1ctica es un lugar donde milongueros de toda la regi\u00f3n se re\u00fanen a pasar un momento c\u00e1lido de amistad al ritmo del 2&#215;4\u201d- destac\u00f3 Silvina P\u00e9rez una de las integrantes del equipo organizador que integra junto a Ignacio Mi\u00f1o, Mat\u00edas Martinez y Ricardo Chavez en <em>Alas de Tango.<\/em><\/p>\n\n\n\n<p>P\u00e9rez coment\u00f3 adem\u00e1s que La Pr\u00e1ctica comenz\u00f3 en el a\u00f1o 2017 a partir de la inquietud de un grupo de amigos milongueros, y encontr\u00f3 su sitio La Vieja Usina, donde en se repiti\u00f3 cada d\u00eda mi\u00e9rcoles.<\/p>\n\n\n\n<p>\u201cLos asistentes vienen a practicar lo aprendido en cada taller y\/o academia de tango, por ese motivo se llama <em>pr\u00e1ctica<\/em> y no <em>milonga<\/em>, explic\u00f3 la organizadora, y agreg\u00f3: \u201cLos bailarines que concurren a la pr\u00e1ctica no tienen un rango etario predeterminado, todos est\u00e1n invitados a participar. Cada pr\u00e1ctica cuenta con un TDJ (TangoDJ) invitado que le pone su impronta. Con el correr de los a\u00f1os se ha vuelto una cita obligada de los amantes del tango, donde los bailarines disfrutan del piso de madera de la Sala Ver\u00f3nica Kuttel. Esa comuni\u00f3n de un espacio ideal para milonguear, m\u00e1s la m\u00fasica de los TDJ y sus excelentes tandas hacen de este lugar un encuentro ineludible de tangueros\u201d.<\/p>\n\n\n\n<p><strong>Agradecimientos<\/strong><\/p>\n\n\n\n<p>\u201cEstamos agradecidos a cada uno de los directores de La Vieja Usina que han pasado durante estos a\u00f1os\u201d, dijo Silvina P\u00e9rez \u201choy especialmente nuestro reconocimiento a Yanina Porchetto quien nos ha brindado su calidez y apoyo constante\u201d.<\/p>\n\n\n\n<p><strong>Contactos:<\/strong><\/p>\n\n\n\n<p><a href=\"https:\/\/www.instagram.com\/practicatango\/\">Instagram<\/a><\/p>\n\n\n\n<p><a href=\"https:\/\/www.facebook.com\/colectivoalasdetango?mibextid=ZbWKwL\">Facebook<\/a><\/p>\n\n\n\n<figure class=\"wp-block-image size-large\"><img loading=\"lazy\" decoding=\"async\" width=\"1024\" height=\"683\" src=\"https:\/\/www.entrerios.gov.ar\/cultura\/wp-content\/uploads\/2023\/01\/Practica-de-tango-1024x683.jpg\" alt=\"\" class=\"wp-image-7668\" srcset=\"https:\/\/www.entrerios.gov.ar\/cultura\/wp-content\/uploads\/2023\/01\/Practica-de-tango-980x653.jpg 980w, https:\/\/www.entrerios.gov.ar\/cultura\/wp-content\/uploads\/2023\/01\/Practica-de-tango-480x320.jpg 480w\" sizes=\"auto, (min-width: 0px) and (max-width: 480px) 480px, (min-width: 481px) and (max-width: 980px) 980px, (min-width: 981px) 1024px, 100vw\" \/><\/figure>\n","protected":false},"excerpt":{"rendered":"<p>A partir del mi\u00e9rcoles 1 de febrero, se llevar\u00e1 adelante la Pr\u00e1ctica Abierta de Tango en La Vieja Usina. La cita es todos los mi\u00e9rcoles de 21 a 23 hs., con entrada gratuita. A principios de 2022, se retom\u00f3 la Pr\u00e1ctica abierta y gratuita de tango, una propuesta ya tradicional en la agenda de La [&hellip;]<\/p>\n","protected":false},"author":5,"featured_media":7669,"comment_status":"open","ping_status":"open","sticky":false,"template":"","format":"standard","meta":{"_et_pb_use_builder":"off","_et_pb_old_content":"","_et_gb_content_width":"","footnotes":""},"categories":[1,28,18],"tags":[],"class_list":["post-7667","post","type-post","status-publish","format-standard","has-post-thumbnail","hentry","category-destacado","category-noticias","category-centro-cultural-la-vieja-usina"],"_links":{"self":[{"href":"https:\/\/www.entrerios.gov.ar\/cultura\/wp-json\/wp\/v2\/posts\/7667","targetHints":{"allow":["GET"]}}],"collection":[{"href":"https:\/\/www.entrerios.gov.ar\/cultura\/wp-json\/wp\/v2\/posts"}],"about":[{"href":"https:\/\/www.entrerios.gov.ar\/cultura\/wp-json\/wp\/v2\/types\/post"}],"author":[{"embeddable":true,"href":"https:\/\/www.entrerios.gov.ar\/cultura\/wp-json\/wp\/v2\/users\/5"}],"replies":[{"embeddable":true,"href":"https:\/\/www.entrerios.gov.ar\/cultura\/wp-json\/wp\/v2\/comments?post=7667"}],"version-history":[{"count":2,"href":"https:\/\/www.entrerios.gov.ar\/cultura\/wp-json\/wp\/v2\/posts\/7667\/revisions"}],"predecessor-version":[{"id":7672,"href":"https:\/\/www.entrerios.gov.ar\/cultura\/wp-json\/wp\/v2\/posts\/7667\/revisions\/7672"}],"wp:featuredmedia":[{"embeddable":true,"href":"https:\/\/www.entrerios.gov.ar\/cultura\/wp-json\/wp\/v2\/media\/7669"}],"wp:attachment":[{"href":"https:\/\/www.entrerios.gov.ar\/cultura\/wp-json\/wp\/v2\/media?parent=7667"}],"wp:term":[{"taxonomy":"category","embeddable":true,"href":"https:\/\/www.entrerios.gov.ar\/cultura\/wp-json\/wp\/v2\/categories?post=7667"},{"taxonomy":"post_tag","embeddable":true,"href":"https:\/\/www.entrerios.gov.ar\/cultura\/wp-json\/wp\/v2\/tags?post=7667"}],"curies":[{"name":"wp","href":"https:\/\/api.w.org\/{rel}","templated":true}]}}