{"id":7700,"date":"2023-02-07T06:55:00","date_gmt":"2023-02-07T06:55:00","guid":{"rendered":"https:\/\/www.entrerios.gov.ar\/cultura\/?p=7700"},"modified":"2023-02-06T21:30:58","modified_gmt":"2023-02-06T21:30:58","slug":"el-programa-cultura-encendida-presenta-exploradores-del-museo-serrano","status":"publish","type":"post","link":"https:\/\/www.entrerios.gov.ar\/cultura\/el-programa-cultura-encendida-presenta-exploradores-del-museo-serrano\/","title":{"rendered":"El Programa Cultura Encendida presenta Exploradores del Museo Serrano"},"content":{"rendered":"\n<p>El s\u00e1bado 11 de febrero de 10 a 13hs, se realizar\u00e1 la actividad \u201cExploradores\u201d en el Museo de Ciencias Naturales y Antropol\u00f3gicas Antonio Serrano de Paran\u00e1.<\/p>\n\n\n\n<p>La iniciativa libre y gratuita se llevar\u00e1 a cabo en el marco de las actividades culturales del Gobierno de Entre R\u00edos implementadas a trav\u00e9s de la Secretar\u00eda de Cultura.<\/p>\n\n\n\n<p>\u201cExploradores del Museo Serrano\u201d es una actividad que estimula la observaci\u00f3n y la curiosidad a trav\u00e9s de una serie de cartas coleccionables que gu\u00edan la b\u00fasqueda por las distintas salas del&nbsp; Museo. Destinado a todo p\u00fablico, recomendado para jugar en familia. Se puede concurrir en cualquier momento dentro de ese horario propuesto, sin reserva de turno. Duraci\u00f3n aprox. 45min.<\/p>\n\n\n\n<p>Adem\u00e1s de \u201cExploradores\u201d, la instituci\u00f3n invita a conocer su amplia propuesta expositiva permanente en sus salas de Historia, Geolog\u00eda, Bot\u00e1nica, Antropolog\u00eda, Paleontolog\u00eda, Vertebrados, invertebrados,&nbsp; y el acuario del r\u00edo.<\/p>\n\n\n\n<p>Est\u00e1 disponible tambi\u00e9n la muestra interactiva &#8220;Entre R\u00edos, tierra de agua&#8221;, dise\u00f1ada en el marco del Programa Provincial Cultura del Agua. La muestra conjuga&nbsp; el juego y la tecnolog\u00eda.<\/p>\n\n\n\n<p>El Museo est\u00e1 ubicado en calle Carlos Gardel 62 de Paran\u00e1, atiende al p\u00fablico de martes a viernes de 9 a 12 y de 17 a 20hs. S\u00e1bados y feriados de 10 a 13hs.<\/p>\n","protected":false},"excerpt":{"rendered":"<p>El s\u00e1bado 11 de febrero de 10 a 13hs, se realizar\u00e1 la actividad \u201cExploradores\u201d en el Museo de Ciencias Naturales y Antropol\u00f3gicas Antonio Serrano de Paran\u00e1. La iniciativa libre y gratuita se llevar\u00e1 a cabo en el marco de las actividades culturales del Gobierno de Entre R\u00edos implementadas a trav\u00e9s de la Secretar\u00eda de Cultura. [&hellip;]<\/p>\n","protected":false},"author":5,"featured_media":7701,"comment_status":"open","ping_status":"open","sticky":false,"template":"","format":"standard","meta":{"_et_pb_use_builder":"off","_et_pb_old_content":"","_et_gb_content_width":"","footnotes":""},"categories":[1,28,8],"tags":[],"class_list":["post-7700","post","type-post","status-publish","format-standard","has-post-thumbnail","hentry","category-destacado","category-noticias","category-museo-ciencias-naturales"],"_links":{"self":[{"href":"https:\/\/www.entrerios.gov.ar\/cultura\/wp-json\/wp\/v2\/posts\/7700","targetHints":{"allow":["GET"]}}],"collection":[{"href":"https:\/\/www.entrerios.gov.ar\/cultura\/wp-json\/wp\/v2\/posts"}],"about":[{"href":"https:\/\/www.entrerios.gov.ar\/cultura\/wp-json\/wp\/v2\/types\/post"}],"author":[{"embeddable":true,"href":"https:\/\/www.entrerios.gov.ar\/cultura\/wp-json\/wp\/v2\/users\/5"}],"replies":[{"embeddable":true,"href":"https:\/\/www.entrerios.gov.ar\/cultura\/wp-json\/wp\/v2\/comments?post=7700"}],"version-history":[{"count":1,"href":"https:\/\/www.entrerios.gov.ar\/cultura\/wp-json\/wp\/v2\/posts\/7700\/revisions"}],"predecessor-version":[{"id":7702,"href":"https:\/\/www.entrerios.gov.ar\/cultura\/wp-json\/wp\/v2\/posts\/7700\/revisions\/7702"}],"wp:featuredmedia":[{"embeddable":true,"href":"https:\/\/www.entrerios.gov.ar\/cultura\/wp-json\/wp\/v2\/media\/7701"}],"wp:attachment":[{"href":"https:\/\/www.entrerios.gov.ar\/cultura\/wp-json\/wp\/v2\/media?parent=7700"}],"wp:term":[{"taxonomy":"category","embeddable":true,"href":"https:\/\/www.entrerios.gov.ar\/cultura\/wp-json\/wp\/v2\/categories?post=7700"},{"taxonomy":"post_tag","embeddable":true,"href":"https:\/\/www.entrerios.gov.ar\/cultura\/wp-json\/wp\/v2\/tags?post=7700"}],"curies":[{"name":"wp","href":"https:\/\/api.w.org\/{rel}","templated":true}]}}